{"id":58850,"date":"2020-05-04T08:27:44","date_gmt":"2020-05-04T11:27:44","guid":{"rendered":"https:\/\/catolicanet.net\/wp-cnet\/?p=58850"},"modified":"2020-05-04T01:30:34","modified_gmt":"2020-05-04T04:30:34","slug":"papa-encoraja-colaboracao-internacional-tambem-na-busca-de-vacina-contra-coronavirus","status":"publish","type":"post","link":"https:\/\/catolicanet.net\/wp-cnet\/papa-encoraja-colaboracao-internacional-tambem-na-busca-de-vacina-contra-coronavirus\/","title":{"rendered":"Papa encoraja colabora\u00e7\u00e3o internacional tamb\u00e9m na busca de vacina contra coronav\u00edrus"},"content":{"rendered":"<div class=\"article__subTitle\" style=\"text-align: justify;\">&#8220;\u00c9 importante, de fato, reunir as capacidades cient\u00edficas, de maneira transparente e desinteressada, para encontrar vacinas e tratamentos e garantir o acesso universal \u00e0s tecnologias essenciais que permitam a cada pessoa contagiada, em qualquer parte do mundo, receber os cuidados de sa\u00fade necess\u00e1rios&#8221;, disse Francisco<\/div>\n<div class=\"title__separator\" style=\"text-align: justify;\"><\/div>\n<div class=\"article__text\">\n<p style=\"text-align: justify;\"><b>Vatican News<\/b><\/p>\n<div style=\"text-align: justify;\">\n<div class=\"article__embed article__embed--unwrap article__embed--dark\">\n<div class=\"article__innerTitle\">Ou\u00e7a e compartilhe!<\/div>\n<div>https:\/\/media.vaticannews.va\/media\/audio\/s1\/2020\/05\/03\/14\/135581100_F135581100.mp3<\/div>\n<div><\/div>\n<\/div>\n<\/div>\n<p style=\"text-align: justify;\">Desde o in\u00edcio da pandemia de coronav\u00edrus, o Papa, a cada manh\u00e3, oferece a Santa Missa celebrada na Santa Marta por uma inten\u00e7\u00e3o. Mas Francisco, al\u00e9m da ora\u00e7\u00e3o, tamb\u00e9m sempre exortou \u00e0 a\u00e7\u00f5es solidariedade nestes tempos dif\u00edceis. Ele mesmo deu o exemplo com a doa\u00e7\u00e3o de respiradores para hospitais italianos, mas tamb\u00e9m enviados \u00e0 Espanha e Rom\u00eania; tamb\u00e9m doa\u00e7\u00f5es em dinheiro para a\u00a0<i>Caritas<\/i>\u00a0It\u00e1lia e, no gesto de mais amplo espectro, criou o\u00a0<a href=\"https:\/\/www.vaticannews.va\/pt\/papa\/news\/2020-04\/papa-francisco-cria-fundos-areas-missao-afetadas-coronavirus.html\">Fundo<\/a>\u00a0de Emerg\u00eancia Covid-19, dando uma contribui\u00e7\u00e3o inicial de 750 mil d\u00f3lares. Para este fundo, digno de nota,\u00a0<a href=\"https:\/\/www.vaticannews.va\/pt\/mundo\/news\/2020-04\/mianmar-lider-budista-doacao-10-mil-dolares-papa-fundo-covid19.html\">contribuiu<\/a>\u00a0com 10 mil d\u00f3lares um importante l\u00edder budista de Mianmar.<\/p>\n<p style=\"text-align: justify;\">No\u00a0<i>Regina Coeli<\/i>\u00a0deste domingo, o Santo Padre encorajou novamente a colabora\u00e7\u00e3o internacional que tem se verificado em v\u00e1rias partes do mundo, e ressaltou a import\u00e2ncia de \u201creunir as capacidades cient\u00edficas para encontrar vacinas e tratamentos e garantir o acesso universal a tecnologias essenciais que permitam que todas as pessoas infectadas\u201d possam receber os cuidados de sa\u00fade necess\u00e1rios:<\/p>\n<p style=\"text-align: justify;\"><i>Mais uma vez, gostaria de expressar minha proximidade aos doentes da Covid-19, a todos aqueles que se dedicam ao seu cuidado e a todos aqueles que, de alguma forma, est\u00e3o sofrendo com a pandemia. Ao mesmo tempo, desejo apoiar e encorajar a colabora\u00e7\u00e3o internacional que est\u00e1 ocorrendo com v\u00e1rias iniciativas para responder de forma adequada e eficaz \u00e0 grave crise que estamos vivendo. \u00c9 importante, de fato, reunir as capacidades cient\u00edficas, de maneira transparente e desinteressada, para encontrar vacinas e tratamentos e garantir o acesso universal \u00e0s tecnologias essenciais que permitam a cada pessoa contagiada, em qualquer parte do mundo, receber os cuidados de sa\u00fade necess\u00e1rios.<\/i><\/p>\n<\/div>\n","protected":false},"excerpt":{"rendered":"<p>&#8220;\u00c9 importante, de fato, reunir as capacidades cient\u00edficas, de maneira transparente e desinteressada, para encontrar vacinas e tratamentos e garantir o acesso universal \u00e0s tecnologias essenciais que permitam a cada pessoa contagiada, em qualquer parte do mundo, receber os cuidados de sa\u00fade necess\u00e1rios&#8221;, disse Francisco Vatican News Ou\u00e7a e compartilhe! https:\/\/media.vaticannews.va\/media\/audio\/s1\/2020\/05\/03\/14\/135581100_F135581100.mp3 Desde o in\u00edcio da [&hellip;]<\/p>\n","protected":false},"author":1,"featured_media":58851,"comment_status":"open","ping_status":"closed","sticky":false,"template":"","format":"standard","meta":{"footnotes":""},"categories":[3],"tags":[],"class_list":["post-58850","post","type-post","status-publish","format-standard","has-post-thumbnail","hentry","category-vaticano"],"_links":{"self":[{"href":"https:\/\/catolicanet.net\/wp-cnet\/wp-json\/wp\/v2\/posts\/58850","targetHints":{"allow":["GET"]}}],"collection":[{"href":"https:\/\/catolicanet.net\/wp-cnet\/wp-json\/wp\/v2\/posts"}],"about":[{"href":"https:\/\/catolicanet.net\/wp-cnet\/wp-json\/wp\/v2\/types\/post"}],"author":[{"embeddable":true,"href":"https:\/\/catolicanet.net\/wp-cnet\/wp-json\/wp\/v2\/users\/1"}],"replies":[{"embeddable":true,"href":"https:\/\/catolicanet.net\/wp-cnet\/wp-json\/wp\/v2\/comments?post=58850"}],"version-history":[{"count":1,"href":"https:\/\/catolicanet.net\/wp-cnet\/wp-json\/wp\/v2\/posts\/58850\/revisions"}],"predecessor-version":[{"id":58852,"href":"https:\/\/catolicanet.net\/wp-cnet\/wp-json\/wp\/v2\/posts\/58850\/revisions\/58852"}],"wp:featuredmedia":[{"embeddable":true,"href":"https:\/\/catolicanet.net\/wp-cnet\/wp-json\/wp\/v2\/media\/58851"}],"wp:attachment":[{"href":"https:\/\/catolicanet.net\/wp-cnet\/wp-json\/wp\/v2\/media?parent=58850"}],"wp:term":[{"taxonomy":"category","embeddable":true,"href":"https:\/\/catolicanet.net\/wp-cnet\/wp-json\/wp\/v2\/categories?post=58850"},{"taxonomy":"post_tag","embeddable":true,"href":"https:\/\/catolicanet.net\/wp-cnet\/wp-json\/wp\/v2\/tags?post=58850"}],"curies":[{"name":"wp","href":"https:\/\/api.w.org\/{rel}","templated":true}]}}