{"id":58842,"date":"2020-05-02T10:03:50","date_gmt":"2020-05-02T13:03:50","guid":{"rendered":"https:\/\/catolicanet.net\/wp-cnet\/?p=58842"},"modified":"2020-05-04T01:05:05","modified_gmt":"2020-05-04T04:05:05","slug":"rezemos-o-terco","status":"publish","type":"post","link":"https:\/\/catolicanet.net\/wp-cnet\/rezemos-o-terco\/","title":{"rendered":"Rezemos o ter\u00e7o!"},"content":{"rendered":"<p style=\"text-align: justify;\">O ter\u00e7o \u00e9 uma das ora\u00e7\u00f5es mais bonitas e antigas que temos na hist\u00f3ria da Igreja, as contas da ora\u00e7\u00e3o do ter\u00e7o remontam aos 150 salmos B\u00edblicos. Pela dificuldade dos fi\u00e9is em decorar os Salmos, estes foram substitu\u00eddos por 150 Pais-Nossos, que eram rezados (e contados) com 150 pedrinhas numa bolsa de couro e, mais tarde, com 150 n\u00f3s em um cord\u00e3o. O Ros\u00e1rio, cujo significado \u00e9 \u201ccoroa de rosas\u201d, j\u00e1 passou por diversas altera\u00e7\u00f5es at\u00e9 atingir sua forma contempor\u00e2nea. Atualmente, \u00e9 composto por ter\u00e7os com 50 contas pequenas, simbolizando Ave-Marias, intercaladas por cinco contas grandes, que representam os Pais-Nossos.<\/p>\n<p style=\"text-align: justify;\">A ora\u00e7\u00e3o do ter\u00e7o \u00e9 uma ora\u00e7\u00e3o que vem de muito tempo e a ave maria \u00e9 b\u00edblica, o anjo Gabriel sa\u00fada Maria com as palavras \u201cAve Cheia de Gra\u00e7a\u201d, que ela nos cubra com seu manto e nos encha da gra\u00e7a de Deus.<\/p>\n<p style=\"text-align: justify;\">O Ros\u00e1rio \u00e9 dividido por 4 mist\u00e9rios: gozosos, dolorosos, gloriosos e luminosos, este \u00faltimo criado no ano 2000 pelo Papa Jo\u00e3o Paulo II, em cada um desses mist\u00e9rios em dias diferentes se reza 5 Pais-Nossos e 50 ave Marias, contemplando neles os mist\u00e9rios da vida de Jesus e saudando Nossa Senhora. \u00c9 importante para cada crist\u00e3o rezar o ter\u00e7o todos os dias para assim caminhar com Maria Sant\u00edssima e nos livrarmos da tenta\u00e7\u00e3o.<\/p>\n<p style=\"text-align: justify;\">Estamos entrando no m\u00eas de maio que \u00e9 o M\u00eas dedicado a Nossa Senhora, \u00e9 o m\u00eas Mariano por excel\u00eancia em que devemos aproveitar para todos os dias estarmos aos p\u00e9s de Nossa Senhora e rezarmos o Santo Ter\u00e7o. Ainda mais nesse tempo de Pandemia que estamos enfrentando pedir a Nossa Senhora que junto do seu Filho Jesus nos livre desse mal e possamos voltar a nossa vida normal e caminhar buscando a santidade.<\/p>\n<p style=\"text-align: justify;\">A ora\u00e7\u00e3o \u00e9 para pedir a gra\u00e7a e conforto para si e para os outros, para a divulga\u00e7\u00e3o de boas a\u00e7\u00f5es em todo o mundo, para resolver conflitos internacionais, para convers\u00e3o e crescimento espiritual.\u00a0A ora\u00e7\u00e3o, em casa ou na Igreja, a qualquer hora do dia,\u00a0\u00e9 um tempo de paz e serenidade que distrai as preocupa\u00e7\u00f5es de todos os dias \u00e9 um momento de comunica\u00e7\u00e3o com a Miseric\u00f3rdia Divina atrav\u00e9s das mais belas ora\u00e7\u00f5es. Qualquer um pode esperar para alcan\u00e7ar grandes gra\u00e7as: \u201c<em>A Igreja reconheceu sempre uma efic\u00e1cia particular ao Ros\u00e1rio, confiando-lhe, mediante a sua recita\u00e7\u00e3o comunit\u00e1ria e a sua pr\u00e1tica constante, as causas mais dif\u00edceis\u201d (Papa S\u00e3o Jo\u00e3o Paulo II). <\/em><\/p>\n<p style=\"text-align: justify;\">\u00c9 importante a ora\u00e7\u00e3o do ter\u00e7o todos os dias, pois \u00e9 como se convers\u00e1ssemos com Deus junto com a nossa m\u00e3e todos os dias contemplando os principais mist\u00e9rios de nossa f\u00e9. N\u00f3s conversamos todos os dias, contando nossas dificuldades e alegrias e Maria intercede e se alegra conosco. Assim \u00e9 com Maria e com a Ora\u00e7\u00e3o do ter\u00e7o, \u00e9 importante reza-lo todos os dias, para que todos os dias possamos conversar com nossa M\u00e3e Sant\u00edssima. Com Nossa Senhora encontramos o verdadeiro amor, o amor de M\u00e3e que nos toma pela m\u00e3o e nos carrega no colo.<\/p>\n<p style=\"text-align: justify;\">Podemos nesse m\u00eas de maio reservar um hor\u00e1rio para rezar o Santo Ter\u00e7o, ou pela manh\u00e3 ao acordar, indo para o trabalho na condu\u00e7\u00e3o, no carro indo ou voltando do trabalho. Ou a noite antes de dormir agradecendo o dia que tivemos. Podemos reservar um tempo para rezarmos o Ter\u00e7o em fam\u00edlia a noite ap\u00f3s o jantar, antes de dormir. Para que a fam\u00edlia possa se edificar na gra\u00e7a de Deus e se santificar. A ora\u00e7\u00e3o do ter\u00e7o acalma, nos traz paz, minimiza conflitos e nos une no amor. E hoje em dia temos muitas oportunidades de rezar o Santo ter\u00e7o, podemos acompanhar pelas m\u00eddias cat\u00f3licas, TV, R\u00e1dio e internet (lembrando de quem reza o ter\u00e7o pela TV ou pelas m\u00eddias sociais deve desligar ou seu celular, deixar de lado qualquer outro afazer e se comportar como se estivesse participando de um sacramental dentro da Igreja de sua Par\u00f3quia, livre e desimpedido das distra\u00e7\u00f5es). At\u00e9 mesmo podemos rezar o ter\u00e7o realizando nossas atividades dom\u00e9sticas na correria do dia a dia e assim tamb\u00e9m vai santificando o nosso dia. Podemos rezar o ter\u00e7o para nos trazer paz, para nos acalmar. \u00c9 claro que n\u00e3o s\u00f3 para isso, mas sobretudo para aumentar a nossa f\u00e9.<\/p>\n<p style=\"text-align: justify;\">\u00a0\u00a0\u00a0\u00a0\u00a0\u00a0\u00a0\u00a0 Ultimamente tem crescido muito em nossas par\u00f3quias grupos que se re\u00fanem para rezar o Santo Ter\u00e7o, como o Ter\u00e7o dos homens, ter\u00e7o das mulheres, grupos de ora\u00e7\u00e3o que iniciam rezando o ter\u00e7o, apostolado da ora\u00e7\u00e3o e ainda alguns grupos que se re\u00fanem uma vez por m\u00eas para rezar as Mil Ave Marias. Evidente que nesse tempo de pandemia n\u00e3o estamos podendo ir \u00e0 Igreja fisicamente, temos que rezar em casa, mas assim que tudo isso passar podemos ir at\u00e9 a Igreja e se reunir, fazer parte desses grupos e rezar juntos o Santo Ter\u00e7o. Aqui j\u00e1 rezamos o ter\u00e7o com os vig\u00e1rios for\u00e2neos e neste m\u00eas iremos faz\u00ea-lo com as igrejas que tem t\u00edtulo mariano e com os movimentos marianos de nossa arquidiocese via Sistema de Comunica\u00e7\u00e3o da Arquidiocese.<\/p>\n<p style=\"text-align: justify;\">\u00a0\u00a0\u00a0\u00a0\u00a0\u00a0\u00a0\u00a0 Fa\u00e7amos dessa ora\u00e7\u00e3o do Santo Ter\u00e7o uma oportunidade de paz e contempla\u00e7\u00e3o, colocando nossas inten\u00e7\u00f5es particulares e al\u00e9m delas rezar pela Igreja, pelo Papa Francisco, pelos Bispos, Padres, Di\u00e1conos,<br \/>\nSeminaristas, religiosos, religiosas, consagrados, consagradas, pelos crist\u00e3os leigos enfim, pelo Mundo todo e pela Santifica\u00e7\u00e3o do Clero, al\u00e9m de pedir a solu\u00e7\u00e3o da cura da Pandemia com uma consequente vacina e rem\u00e9dio para essa doen\u00e7a. Rezemos pelos falecidos pela pandemia e por todos os que est\u00e3o hospitalizados. Rezemos pelos profissionais de sa\u00fade e por todos os que exercem trabalhos essenciais para que n\u00e3o sejam contaminados pelo corona v\u00edrus. No in\u00edcio do Ter\u00e7o podemos apresentar as nossas inten\u00e7\u00f5es e podemos colocar essas inten\u00e7\u00f5es no colo de Nossa Senhora e de maneira toda especial rezemos pedindo o fim da Pandemia do Covid -19 e possamos voltar a nossa vida normal.<\/p>\n<p style=\"text-align: justify;\">Nossa Senhora j\u00e1 intercedeu junto a Deus ajudando a cessar muitas guerras e conflitos e a cessar pandemias e pestes como a Gripe Espanhola, ent\u00e3o com certeza ela nos ajudar\u00e1 nesse momento a vencermos essa atual pandemia. Mas para isso precisamos rezar com F\u00e9 para que ela possa interceder por n\u00f3s. A ora\u00e7\u00e3o do ter\u00e7o inclusive \u00e9 um pedido de Nossa Senhora a n\u00f3s, numa de suas apari\u00e7\u00f5es em F\u00e1tima ela transmite aos Pastorinhos e estende ao mundo inteiro pedindo para que rezem o ter\u00e7o para alcan\u00e7ar a paz.<\/p>\n<p style=\"text-align: justify;\">Que Deus e Nossa Senhora nos proteja e tome conta de cada um de n\u00f3s e passe na frente dos m\u00e9dicos e enfermeiros e nos traga a cura para essa pandemia.<\/p>\n<p style=\"text-align: justify;\">\u00a0\u00a0\u00a0\u00a0\u00a0\u00a0\u00a0\u00a0 O Papa Francisco pede que sejam acrescentadas e rezadas no ter\u00e7o as duas ora\u00e7\u00f5es que se seguem:<\/p>\n<p style=\"text-align: justify;\"><strong><em>ORA\u00c7\u00c3O A MARIA<\/em><\/strong> (I)<\/p>\n<p style=\"text-align: justify;\">\u00d3 Maria,<br \/>\nV\u00f3s sempre resplandeceis sobre o nosso caminho<br \/>\ncomo um sinal de salva\u00e7\u00e3o e de esperan\u00e7a.<br \/>\nConfiamo-nos a V\u00f3s, Sa\u00fade dos Enfermos,<br \/>\nque permanecestes, junto da cruz, associada ao sofrimento de Jesus,<br \/>\nmantendo firme a vossa f\u00e9.<br \/>\nV\u00f3s, Salva\u00e7\u00e3o do Povo Romano,<br \/>\nsabeis do que precisamos<br \/>\ne temos a certeza de que no-lo providenciareis<br \/>\npara que, como em Can\u00e1 da Galileia,<br \/>\npossa voltar a alegria e a festa<br \/>\ndepois desta prova\u00e7\u00e3o.<br \/>\nAjudai-nos, M\u00e3e do Divino Amor,<br \/>\na conformar-nos com a vontade do Pai<br \/>\ne a fazer aquilo que nos disser Jesus,<br \/>\nque assumiu sobre Si as nossas enfermidades<br \/>\ne carregou as nossas dores<br \/>\npara nos levar, atrav\u00e9s da cruz,<br \/>\n\u00e0 alegria da ressurrei\u00e7\u00e3o. Am\u00e9m.<br \/>\n<em>\u00c0 vossa prote\u00e7\u00e3o, recorremos, Santa M\u00e3e de Deus;<br \/>\nn\u00e3o desprezeis as nossas s\u00faplicas na hora da prova<br \/>\nmas livrai-nos de todos os perigos, \u00f3 Virgem gloriosa e bendita.<\/em><\/p>\n<p style=\"text-align: justify;\">\n<p style=\"text-align: justify;\">\n<p style=\"text-align: justify;\"><strong><em>ORA\u00c7\u00c3O A MARIA<\/em><\/strong> (II)<\/p>\n<p style=\"text-align: justify;\">\u00ab\u00c0 vossa prote\u00e7\u00e3o, recorremos, Santa M\u00e3e de Deus\u00bb.<\/p>\n<p style=\"text-align: justify;\">Na dram\u00e1tica situa\u00e7\u00e3o atual, carregada de sofrimentos e ang\u00fastias que oprimem o mundo inteiro, recorremos a V\u00f3s, M\u00e3e de Deus e nossa M\u00e3e, refugiando-nos sob a vossa prote\u00e7\u00e3o.<\/p>\n<p style=\"text-align: justify;\">\u00d3 Virgem Maria, volvei para n\u00f3s os vossos olhos misericordiosos nesta pandemia do corona v\u00edrus e confortai a quantos se sentem perdidos e choram pelos seus familiares mortos e, por vezes, sepultados duma maneira que fere a alma. Sustentai aqueles que est\u00e3o angustiados por pessoas enfermas de quem n\u00e3o se podem aproximar, para impedir o cont\u00e1gio. Infundi confian\u00e7a em quem vive ansioso com o futuro incerto e as consequ\u00eancias sobre a economia e o trabalho.<\/p>\n<p style=\"text-align: justify;\">M\u00e3e de Deus e nossa M\u00e3e, alcan\u00e7ai-nos de Deus, Pai de miseric\u00f3rdia, que esta dura prova termine e volte um horizonte de esperan\u00e7a e paz. Como em Can\u00e1, intervinde junto do vosso Divino Filho, pedindo-Lhe que conforte as fam\u00edlias dos doentes e das v\u00edtimas e abra o seu cora\u00e7\u00e3o \u00e0 confian\u00e7a.<\/p>\n<p style=\"text-align: justify;\">Protegei os m\u00e9dicos, os enfermeiros, os agentes de sa\u00fade, os volunt\u00e1rios que, neste per\u00edodo de emerg\u00eancia, est\u00e3o na vanguarda arriscando a pr\u00f3pria vida para salvar outras vidas. Acompanhai a sua fadiga heroica e dai-lhes for\u00e7a, bondade e sa\u00fade.<\/p>\n<p style=\"text-align: justify;\">Permanecei junto daqueles que assistem noite e dia os doentes, e dos sacerdotes que procuram ajudar e apoiar a todos, com solicitude pastoral e dedica\u00e7\u00e3o evang\u00e9lica.<\/p>\n<p style=\"text-align: justify;\">Virgem Santa, iluminai as mentes dos homens e mulheres de ci\u00eancia, a fim de encontrarem as solu\u00e7\u00f5es justas para vencer este v\u00edrus.<\/p>\n<p style=\"text-align: justify;\">Assisti os Respons\u00e1veis das na\u00e7\u00f5es, para que atuem com sabedoria, solicitude e generosidade, socorrendo aqueles que n\u00e3o t\u00eam o necess\u00e1rio para viver, programando solu\u00e7\u00f5es sociais e econ\u00f3micas com clarivid\u00eancia e esp\u00edrito de solidariedade.<\/p>\n<p style=\"text-align: justify;\">Maria Sant\u00edssima tocai as consci\u00eancias para que as somas enormes usadas para aumentar e aperfei\u00e7oar os armamentos sejam, antes, destinadas a promover estudos adequados para prevenir cat\u00e1strofes do g\u00e9nero no futuro.<\/p>\n<p style=\"text-align: justify;\">M\u00e3e amad\u00edssima, fazei crescer no mundo o sentido de perten\u00e7a a uma \u00fanica grande fam\u00edlia, na certeza do v\u00ednculo que une a todos, para acudirmos, com esp\u00edrito fraterno e solid\u00e1rio, a tanta pobreza e in\u00fameras situa\u00e7\u00f5es de mis\u00e9ria. Encorajai a firmeza na f\u00e9, a perseveran\u00e7a no servi\u00e7o, a const\u00e2ncia na ora\u00e7\u00e3o.<\/p>\n<p style=\"text-align: justify;\">\u00d3 Maria, Consoladora dos aflitos, abra\u00e7ai todos os vossos filhos atribulados e alcan\u00e7ai-nos a gra\u00e7a que Deus intervenha com a sua m\u00e3o omnipotente para nos libertar desta terr\u00edvel epidemia, de modo que a vida possa retomar com serenidade o seu curso normal.<\/p>\n<p style=\"text-align: justify;\">Confiamo-nos a V\u00f3s, que resplandeceis sobre o nosso caminho como sinal de salva\u00e7\u00e3o e de esperan\u00e7a, \u00f3 clemente, \u00f3 piedosa, \u00f3 doce Virgem Maria. Amem.<\/p>\n<p style=\"text-align: justify;\">\n<p style=\"text-align: justify;\">\u00a0\u00a0\u00a0\u00a0\u00a0\u00a0\u00a0\u00a0 Que Nossa Senhora de F\u00e1tima, pela r\u00e9cita do ros\u00e1rio, nos livre de todos os males da pandemia do COVID 19, Am\u00e9m!<\/p>\n","protected":false},"excerpt":{"rendered":"<p>O ter\u00e7o \u00e9 uma das ora\u00e7\u00f5es mais bonitas e antigas que temos na hist\u00f3ria da Igreja, as contas da ora\u00e7\u00e3o do ter\u00e7o remontam aos 150 salmos B\u00edblicos. Pela dificuldade dos fi\u00e9is em decorar os Salmos, estes foram substitu\u00eddos por 150 Pais-Nossos, que eram rezados (e contados) com 150 pedrinhas numa bolsa de couro e, mais [&hellip;]<\/p>\n","protected":false},"author":5,"featured_media":55819,"comment_status":"open","ping_status":"closed","sticky":false,"template":"","format":"standard","meta":{"footnotes":""},"categories":[9],"tags":[],"class_list":["post-58842","post","type-post","status-publish","format-standard","has-post-thumbnail","hentry","category-artigos"],"_links":{"self":[{"href":"https:\/\/catolicanet.net\/wp-cnet\/wp-json\/wp\/v2\/posts\/58842","targetHints":{"allow":["GET"]}}],"collection":[{"href":"https:\/\/catolicanet.net\/wp-cnet\/wp-json\/wp\/v2\/posts"}],"about":[{"href":"https:\/\/catolicanet.net\/wp-cnet\/wp-json\/wp\/v2\/types\/post"}],"author":[{"embeddable":true,"href":"https:\/\/catolicanet.net\/wp-cnet\/wp-json\/wp\/v2\/users\/5"}],"replies":[{"embeddable":true,"href":"https:\/\/catolicanet.net\/wp-cnet\/wp-json\/wp\/v2\/comments?post=58842"}],"version-history":[{"count":1,"href":"https:\/\/catolicanet.net\/wp-cnet\/wp-json\/wp\/v2\/posts\/58842\/revisions"}],"predecessor-version":[{"id":58843,"href":"https:\/\/catolicanet.net\/wp-cnet\/wp-json\/wp\/v2\/posts\/58842\/revisions\/58843"}],"wp:featuredmedia":[{"embeddable":true,"href":"https:\/\/catolicanet.net\/wp-cnet\/wp-json\/wp\/v2\/media\/55819"}],"wp:attachment":[{"href":"https:\/\/catolicanet.net\/wp-cnet\/wp-json\/wp\/v2\/media?parent=58842"}],"wp:term":[{"taxonomy":"category","embeddable":true,"href":"https:\/\/catolicanet.net\/wp-cnet\/wp-json\/wp\/v2\/categories?post=58842"},{"taxonomy":"post_tag","embeddable":true,"href":"https:\/\/catolicanet.net\/wp-cnet\/wp-json\/wp\/v2\/tags?post=58842"}],"curies":[{"name":"wp","href":"https:\/\/api.w.org\/{rel}","templated":true}]}}