{"id":58817,"date":"2020-04-30T09:24:26","date_gmt":"2020-04-30T12:24:26","guid":{"rendered":"https:\/\/catolicanet.net\/wp-cnet\/?p=58817"},"modified":"2020-04-30T12:27:41","modified_gmt":"2020-04-30T15:27:41","slug":"religiosas-ajudam-meninas-com-deficiencia-em-meio-as-dificuldades-pelo-coronavirus","status":"publish","type":"post","link":"https:\/\/catolicanet.net\/wp-cnet\/religiosas-ajudam-meninas-com-deficiencia-em-meio-as-dificuldades-pelo-coronavirus\/","title":{"rendered":"Religiosas ajudam meninas com defici\u00eancia em meio \u00e0s dificuldades pelo coronav\u00edrus"},"content":{"rendered":"<p style=\"text-align: justify;\">Diante do fechamento de institui\u00e7\u00f5es educacionais no Qu\u00eania, devido \u00e0 propaga\u00e7\u00e3o do coronav\u00edrus, algumas religiosas continuam cuidando de meninas com defici\u00eancia no Lar Limuru Cheshire, levando ajuda e esperan\u00e7a para essas fam\u00edlias que vivem em extrema pobreza.<\/p>\n<p style=\"text-align: justify;\">A administradora do Lar, dirigido pelas Irm\u00e3s da Assun\u00e7\u00e3o de Nair\u00f3bi (Qu\u00eania), irm\u00e3 Rose Catherine Wakibiru, destacou que cuidam de mais de 60 meninas, que tiveram que voltar para suas casas devido \u00e0s medidas tomadas pelo Governo do Pa\u00eds.<\/p>\n<p style=\"text-align: justify;\">Segundo a Organiza\u00e7\u00e3o Mundial da Sa\u00fade (OMS), o Qu\u00eania tem mais de 300 infectados e 14 morreram pelo v\u00edrus. O Governo do pa\u00eds declarou, em meados de mar\u00e7o, o fechamento das escolas em todo o pa\u00eds at\u00e9 4 de maio, contudo, devido ao aumento de casos, a medida foi prorrogada por um m\u00eas.<\/p>\n<p style=\"text-align: justify;\">A religiosa indicou que se viu obrigada a pedir aos pais e respons\u00e1veis que buscassem suas filhas e as levassem para morar junto com suas fam\u00edlias novamente, j\u00e1 que as meninas ficam 24h no Lar atendido pela congrega\u00e7\u00e3o.<\/p>\n<p style=\"text-align: justify;\">&#8220;Muitos dos pais n\u00e3o estavam prontos para receber as meninas&#8221;, indicou.<\/p>\n<p style=\"text-align: justify;\">A irm\u00e3 Wakibiru assinalou que muitas meninas no Lar de Cheshire v\u00eam de fam\u00edlias pobres que vivem em assentamentos informais nas periferias de Nair\u00f3bi, como \u00e9 o caso de Faith (um nome que ser\u00e1 usado para proteger sua identidade), uma menina de 23 anos com defici\u00eancia, que vive com sua fam\u00edlia em uma casa de um quarto em Satellite, um dos assentamentos informais.<\/p>\n<p style=\"text-align: justify;\">&#8220;Inicialmente, Faith morava com sua m\u00e3e e seus tr\u00eas irm\u00e3os em Kibera (uma das maiores favelas de Nair\u00f3bi). Mas sua fam\u00edlia se mudou para Satellite tr\u00eas semanas atr\u00e1s, depois que sua casa foi arrasada pelas inunda\u00e7\u00f5es&#8221;, comentou.<\/p>\n<p style=\"text-align: justify;\">Al\u00e9m disso, a religiosa indicou que nem todas as meninas foram recebidas em casa, cerca de cinco delas n\u00e3o tinham para onde ir quando a institui\u00e7\u00e3o foi fechada, por isso outras fam\u00edlias as acolheram.<\/p>\n<p style=\"text-align: justify;\">\u201cConhe\u00e7o todas as fam\u00edlias que deixam suas filhas aqui e tenho uma ideia daquelas que podem acolher mais uma menina, al\u00e9m da pr\u00f3pria. Ent\u00e3o, quando fiz as liga\u00e7\u00f5es, perguntei-lhes se estavam dispostos a cuidar de uma menina extra. Foi assim que consegui que as cinco meninas tivessem um lugar para ficar&#8221;, acrescentou.<\/p>\n<p style=\"text-align: justify;\">Para aliviar a carga dos pais adotivos, o Lar Limiru Cheshire cobre as necessidades b\u00e1sicas das meninas, como alimenta\u00e7\u00e3o e os materiais sanit\u00e1rios em seus novos lares.<\/p>\n<p style=\"text-align: justify;\">No Qu\u00eania, muitas pessoas vivem com o que podem ganhar no dia e, para elas, \u00e9 muito dif\u00edcil conseguir trabalho, por isso, lamentavelmente, nem todas as fam\u00edlias aceitaram receber suas pr\u00f3prias filhas, e se opuseram a que elas voltem para casa.<\/p>\n<p style=\"text-align: justify;\">&#8220;Temos uma menina de Kibera. Ela tem tr\u00eas irm\u00e3os com defici\u00eancia. Sua m\u00e3e tamb\u00e9m tem problemas intelectuais. Quando telefonei para que viessem buscar a filha, me disseram que n\u00e3o viriam\u201d, contou.<\/p>\n<p style=\"text-align: justify;\">A religiosa indicou que, para convencer a fam\u00edlia, teve que prometer que iria cobrir as necessidades b\u00e1sicas da menina, &#8220;inclusive, permiti que a fam\u00edlia escolhesse tudo o que precisava em uma loja pr\u00f3xima e pagamos o valor ao comerciante&#8221;.<\/p>\n<p style=\"text-align: justify;\">A irm\u00e3 Wakibiru assinalou que, devido \u00e0 pobreza, as pessoas com defici\u00eancia s\u00e3o a \u00faltima prioridade nas fam\u00edlias que lidam com a falta de recursos b\u00e1sicos, como a alimenta\u00e7\u00e3o. Quando h\u00e1 pouca comida para compartilhar, as crian\u00e7as com defici\u00eancia n\u00e3o recebem nada.<\/p>\n<p style=\"text-align: justify;\">\u201cAs crian\u00e7as com defici\u00eancia s\u00e3o tratadas como pessoas de segunda classe. As pessoas s\u00f3 pensam nelas quando todos os demais j\u00e1 est\u00e3o satisfeitos\u201d, acrescentou.<\/p>\n<p style=\"text-align: justify;\">A religiosa indicou que alguns membros da fam\u00edlia tamb\u00e9m roubam os artigos de higiene pessoal e absorventes que as meninas recebem nas institui\u00e7\u00f5es de caridade.<\/p>\n<p style=\"text-align: justify;\">&#8220;Realmente, n\u00e3o podemos culpar os membros da fam\u00edlia por se ajudarem com as provis\u00f5es das meninas\u201d, disse, acrescentando que \u201c\u00e9 a pobreza o que move as pessoas, mas s\u00f3 podemos esperar que aprendam a ser mais atentos \u00e0s necessidades das meninas, que s\u00e3o mais vulner\u00e1veis&#8221;.<\/p>\n<p style=\"text-align: justify;\">Uma semana depois que as meninas sa\u00edram do Lar, a irm\u00e3 Wakibiru comentou que a maioria dos pais e respons\u00e1veis \u200b\u200bexpressou frustra\u00e7\u00e3o por n\u00e3o poder trabalhar com seus filhos com defici\u00eancia e pediu o apoio das religiosas.<\/p>\n<p style=\"text-align: justify;\">A irm\u00e3 Wakibiru indicou que, gra\u00e7as \u00e0 ajuda de doadores locais, conseguiu apoiar fam\u00edlias nos bairros pobres de Nair\u00f3bi e, com um documento especial do governo, conseguiu locomover-se, apesar da proibi\u00e7\u00e3o de movimento dentro e fora de Nair\u00f3bi e de outras cidades onde h\u00e1 mais casos de COVID-19.<\/p>\n<p style=\"text-align: justify;\">&#8220;No in\u00edcio da pr\u00f3xima semana, terei coberto todas as casas em Nair\u00f3bi e irei para Nakuru, onde temos nossos casos mais necessitados. Fico contente pelo governo ter me concedido uma permiss\u00e3o para viajar e atender nossas meninas\u201d, comentou a religiosa.<\/p>\n<p style=\"text-align: justify;\">Em cada visita domiciliar, as fam\u00edlias recebem alimentos para sustent\u00e1-los por at\u00e9 um m\u00eas, dependendo do n\u00edvel de necessidade. As fam\u00edlias tamb\u00e9m recebem m\u00e1scaras e desinfetantes para mant\u00ea-los seguros durante a pandemia.<\/p>\n<p style=\"text-align: justify;\">A irm\u00e3 Wakibiru, as Irm\u00e3s da Assun\u00e7\u00e3o e os outros trabalhadores do Lar fundado h\u00e1 quase 50 anos pelo her\u00f3i da Segunda Guerra Mundial Geoffrey Leonard Cheshire, vivem um dia de cada vez enquanto suas provis\u00f5es esgotam em meio \u00e0s doa\u00e7\u00f5es reduzidas.<\/p>\n<p style=\"text-align: justify;\">&#8220;S\u00f3 podemos planejar e esperar que os apoiadores se unam para levar adiante a\u00a0vida\u00a0dessas meninas vulner\u00e1veis e de suas fam\u00edlias&#8221;, acrescentou.<\/p>\n<p style=\"text-align: justify;\"><em>Publicado originalmente em\u00a0<a href=\"https:\/\/www.aciafrica.org\/news\/1236\/meet-kenyan-nun-behind-thriving-disability-program-for-girls-amid-covid-19-restrictions\">ACI \u00c1frica<\/a>. Traduzido e adaptado por Nath\u00e1lia Queiroz.<\/em><\/p>\n","protected":false},"excerpt":{"rendered":"<p>Diante do fechamento de institui\u00e7\u00f5es educacionais no Qu\u00eania, devido \u00e0 propaga\u00e7\u00e3o do coronav\u00edrus, algumas religiosas continuam cuidando de meninas com defici\u00eancia no Lar Limuru Cheshire, levando ajuda e esperan\u00e7a para essas fam\u00edlias que vivem em extrema pobreza. A administradora do Lar, dirigido pelas Irm\u00e3s da Assun\u00e7\u00e3o de Nair\u00f3bi (Qu\u00eania), irm\u00e3 Rose Catherine Wakibiru, destacou que [&hellip;]<\/p>\n","protected":false},"author":1,"featured_media":58818,"comment_status":"open","ping_status":"closed","sticky":false,"template":"","format":"standard","meta":{"footnotes":""},"categories":[4],"tags":[],"class_list":["post-58817","post","type-post","status-publish","format-standard","has-post-thumbnail","hentry","category-cotidiano"],"_links":{"self":[{"href":"https:\/\/catolicanet.net\/wp-cnet\/wp-json\/wp\/v2\/posts\/58817","targetHints":{"allow":["GET"]}}],"collection":[{"href":"https:\/\/catolicanet.net\/wp-cnet\/wp-json\/wp\/v2\/posts"}],"about":[{"href":"https:\/\/catolicanet.net\/wp-cnet\/wp-json\/wp\/v2\/types\/post"}],"author":[{"embeddable":true,"href":"https:\/\/catolicanet.net\/wp-cnet\/wp-json\/wp\/v2\/users\/1"}],"replies":[{"embeddable":true,"href":"https:\/\/catolicanet.net\/wp-cnet\/wp-json\/wp\/v2\/comments?post=58817"}],"version-history":[{"count":1,"href":"https:\/\/catolicanet.net\/wp-cnet\/wp-json\/wp\/v2\/posts\/58817\/revisions"}],"predecessor-version":[{"id":58819,"href":"https:\/\/catolicanet.net\/wp-cnet\/wp-json\/wp\/v2\/posts\/58817\/revisions\/58819"}],"wp:featuredmedia":[{"embeddable":true,"href":"https:\/\/catolicanet.net\/wp-cnet\/wp-json\/wp\/v2\/media\/58818"}],"wp:attachment":[{"href":"https:\/\/catolicanet.net\/wp-cnet\/wp-json\/wp\/v2\/media?parent=58817"}],"wp:term":[{"taxonomy":"category","embeddable":true,"href":"https:\/\/catolicanet.net\/wp-cnet\/wp-json\/wp\/v2\/categories?post=58817"},{"taxonomy":"post_tag","embeddable":true,"href":"https:\/\/catolicanet.net\/wp-cnet\/wp-json\/wp\/v2\/tags?post=58817"}],"curies":[{"name":"wp","href":"https:\/\/api.w.org\/{rel}","templated":true}]}}