{"id":58808,"date":"2020-04-30T09:16:10","date_gmt":"2020-04-30T12:16:10","guid":{"rendered":"https:\/\/catolicanet.net\/wp-cnet\/?p=58808"},"modified":"2020-04-30T12:17:41","modified_gmt":"2020-04-30T15:17:41","slug":"o-papa-recorda-o-grao-mestre-da-ordem-de-malta-homem-integro-e-dedicado-aos-pobres","status":"publish","type":"post","link":"https:\/\/catolicanet.net\/wp-cnet\/o-papa-recorda-o-grao-mestre-da-ordem-de-malta-homem-integro-e-dedicado-aos-pobres\/","title":{"rendered":"O Papa recorda o Gr\u00e3o-Mestre da Ordem de Malta: homem \u00edntegro e dedicado aos pobres"},"content":{"rendered":"<div class=\"article__subTitle\" style=\"text-align: justify;\">Em um telegrama, Francisco recorda o chefe da Ordem Soberana e Militar de Malta, Fra\u2019 Giacomo, falecido em Roma em 29 de abril, como uma pessoa dedicada ao amor pelos pobres e fiel ao Evangelho<\/div>\n<div class=\"title__separator\" style=\"text-align: justify;\"><\/div>\n<div class=\"article__text\">\n<p style=\"text-align: justify;\"><b>Cidade do Vaticano<\/b><\/p>\n<p style=\"text-align: justify;\">O Papa Francisco enviou um telegrama de p\u00easames pela morte de Fra\u2019 Giacomo Dalla Torre del Tempio di Sanguinetto, 80\u00ba Gr\u00e3o-Mestre da Soberana Ordem Militar de Malta, falecido em 29 de abril em Roma aos 75 anos. No texto, Francisco o descreve como \u201cum zeloso homem de cultura e de f\u00e9\u201d, do qual se recorda, \u201ca \u00edntegra fidelidade a Cristo e ao Evangelho\u201d e o \u201cgeneroso compromisso\u201d vivido em seu cargo \u201cpelo bem da Igreja\u201d assim como sua \u201cdedica\u00e7\u00e3o aos que sofrem\u201d.<\/p>\n<p style=\"text-align: justify;\">O Gr\u00e3o-Mestre fora eleito como chefe da Ordem, depois de ter passado um ano na dire\u00e7\u00e3o como tenente Gr\u00e3o-Mestre de abril de 2017 a maio de 2018, assumindo depois o cargo de m\u00e1xima responsabilidade em um momento cr\u00edtico, assinalado por uma crise institucional causada por profundas rupturas.<\/p>\n<p style=\"text-align: justify;\">A dire\u00e7\u00e3o da Soberana Ordem de Malta, foi assumida\u00a0<i>ad interim\u00a0<\/i>pelo Tenente da Fra\u2019 Ruy Gon\u00e7alo do Valle Peixoto de Villas Boas, que recorda de Fra\u2019 Giacomo como grande figura inspiradora para muitos membros da Ordem.<\/p>\n<\/div>\n","protected":false},"excerpt":{"rendered":"<p>Em um telegrama, Francisco recorda o chefe da Ordem Soberana e Militar de Malta, Fra\u2019 Giacomo, falecido em Roma em 29 de abril, como uma pessoa dedicada ao amor pelos pobres e fiel ao Evangelho Cidade do Vaticano O Papa Francisco enviou um telegrama de p\u00easames pela morte de Fra\u2019 Giacomo Dalla Torre del Tempio [&hellip;]<\/p>\n","protected":false},"author":1,"featured_media":58809,"comment_status":"open","ping_status":"closed","sticky":false,"template":"","format":"standard","meta":{"footnotes":""},"categories":[3],"tags":[],"class_list":["post-58808","post","type-post","status-publish","format-standard","has-post-thumbnail","hentry","category-vaticano"],"_links":{"self":[{"href":"https:\/\/catolicanet.net\/wp-cnet\/wp-json\/wp\/v2\/posts\/58808","targetHints":{"allow":["GET"]}}],"collection":[{"href":"https:\/\/catolicanet.net\/wp-cnet\/wp-json\/wp\/v2\/posts"}],"about":[{"href":"https:\/\/catolicanet.net\/wp-cnet\/wp-json\/wp\/v2\/types\/post"}],"author":[{"embeddable":true,"href":"https:\/\/catolicanet.net\/wp-cnet\/wp-json\/wp\/v2\/users\/1"}],"replies":[{"embeddable":true,"href":"https:\/\/catolicanet.net\/wp-cnet\/wp-json\/wp\/v2\/comments?post=58808"}],"version-history":[{"count":1,"href":"https:\/\/catolicanet.net\/wp-cnet\/wp-json\/wp\/v2\/posts\/58808\/revisions"}],"predecessor-version":[{"id":58810,"href":"https:\/\/catolicanet.net\/wp-cnet\/wp-json\/wp\/v2\/posts\/58808\/revisions\/58810"}],"wp:featuredmedia":[{"embeddable":true,"href":"https:\/\/catolicanet.net\/wp-cnet\/wp-json\/wp\/v2\/media\/58809"}],"wp:attachment":[{"href":"https:\/\/catolicanet.net\/wp-cnet\/wp-json\/wp\/v2\/media?parent=58808"}],"wp:term":[{"taxonomy":"category","embeddable":true,"href":"https:\/\/catolicanet.net\/wp-cnet\/wp-json\/wp\/v2\/categories?post=58808"},{"taxonomy":"post_tag","embeddable":true,"href":"https:\/\/catolicanet.net\/wp-cnet\/wp-json\/wp\/v2\/tags?post=58808"}],"curies":[{"name":"wp","href":"https:\/\/api.w.org\/{rel}","templated":true}]}}