{"id":5879,"date":"2015-06-07T03:00:00","date_gmt":"2015-06-07T06:00:00","guid":{"rendered":"http:\/\/catolicanet.net\/wp-cnet\/olhai-os-lirios-dos-brejos\/"},"modified":"2017-04-10T10:29:31","modified_gmt":"2017-04-10T13:29:31","slug":"olhai-os-lirios-dos-brejos","status":"publish","type":"post","link":"https:\/\/catolicanet.net\/wp-cnet\/olhai-os-lirios-dos-brejos\/","title":{"rendered":"Olhai os l\u00edrios dos brejos"},"content":{"rendered":"<p style=\"text-align: justify;\"> Os antigos eg\u00edpcios costumavam venerar uma bela flor que brotava \u00e0s margens do Nilo. Apesar de sua beleza estonteante, a flor de L\u00f3tus n\u00e3o tinha perfume e se multiplicava em po\u00e7as d \u00e1gua parada, onde o substrato provinha de mat\u00e9ria em decomposi\u00e7\u00e3o, putrefata, nauseabunda. Da podrid\u00e3o nascia aquela beleza estonteante. Em nosso hemisf\u00e9rio tamb\u00e9m existe uma flor que germina nos brejos e lagoas, tendo em suas ra\u00edzes \u00e1gua l\u00edmpida e corrente. S\u00e3o nossos l\u00edrios dos brejos, com sua beleza pura, simples, mas de um perfume \u00edmpar. Pureza, simplicidade e aroma inigual\u00e1vel diferenciam nosso l\u00edrio brejeiro da sofistica\u00e7\u00e3o m\u00edstica de uma flor venerada pela idolatria da beleza que vem da podrid\u00e3o. Prefiro o perfume estonteante da simplicidade brejeira.<br \/> A beleza \u00e9 ef\u00eamera. Tanto que a maior flor do mundo, a raflesia ou l\u00edrio-podre, um esp\u00e9cime que floresce a cada cinco anos, \u00e9 a mais fedorenta. Ningu\u00e9m suporta seu odor de carni\u00e7a por muito tempo. A dama da noite, que tamb\u00e9m possui rara beleza e encanto pr\u00f3prio, dura apenas algumas horas noturnas. J\u00e1 nosso l\u00edrio, al\u00e9m de resistente \u00e0s intemp\u00e9ries tropicais, tinge de branco o ambiente onde desabrocha e contagia o ar por dias e noites com um perfume que s\u00f3 o cora\u00e7\u00e3o sertanejo sabe valorizar. Nenhum dono de farm\u00e1cia ou sofisticado alquimista dos tempos modernos \u00e9 capaz de reproduzi-lo artificialmente. Nem os mais renomados botic\u00e1rios com seus perfumes vol\u00e1teis e ilus\u00f3rios.<br \/> O verdadeiro perfume penetra a alma. Vem n\u00e3o de um frasco insignificante, que deixa fugir sua flagr\u00e2ncia num simples desarrolhar da embalagem provis\u00f3ria. Esse \u00e9 uma ilus\u00e3o passageira. Dilui-se como a brisa que sopra e n\u00e3o deixa vest\u00edgios. \u00c9 vol\u00e1til e fugaz como a vida daqueles que se deixam enganar pela beleza de uma juventude transit\u00f3ria, pelas ilus\u00f5es de uma atra\u00e7\u00e3o passageira, pela atra\u00e7\u00e3o libertina de um momento nascido na podrid\u00e3o da mat\u00e9ria, n\u00e3o da alma pura, n\u00e3o da fonte cristalina que jorra eternamente aos nossos p\u00e9s. N\u00e3o h\u00e1 perfume mais aut\u00eantico do que aquele que exala dos cora\u00e7\u00f5es puros, que conduzem suas vidas seguindo o curso da natureza. Esta nos ensina a diferenciar as contradi\u00e7\u00f5es, o que \u00e9 ilus\u00f3rio do que \u00e9 perene; o que agrada aos olhos, mas aprisiona tamb\u00e9m a alma (essa que respira eternidade). N\u00e3o h\u00e1 aspira\u00e7\u00e3o humana mais bela e perfumada do que aquela que floresce na simplicidade de uma exist\u00eancia grata \u00e0 obra da Cria\u00e7\u00e3o. Nela a perfei\u00e7\u00e3o foi total. Homens e mulheres se fiaram no desafio da preserva\u00e7\u00e3o e na miss\u00e3o da continuidade. \u201cCrescei-vos e multiplicai-vos\u201d. E Deus viu que tudo era bom! At\u00e9 que a erva daninha, a flor de L\u00f3tus, a pervers\u00e3o tomou conta do Para\u00edso.<br \/> Ainda bem que o perfume dos nossos l\u00edrios sertanejos n\u00e3o perdeu sua originalidade, sua pureza natural e sua c\u00e2ndida beleza. \u201cOlhai os l\u00edrios\u201d&#8230; Eles ainda vicejam por a\u00ed, impregnados da flagr\u00e2ncia original que vem do cora\u00e7\u00e3o Daquele que nos ensinou o verdadeiro Amor. \u201cPerseverai no meu Amor\u201d, ensinou aos pequeninos que se inebriavam com o perfume de suas palavras. Deu sua vida por eles. Mas de seu t\u00famulo exalou o mais inebriante perfume de que a natureza humana tem not\u00edcias: a vida plena, sem subterf\u00fagios, sem distor\u00e7\u00f5es de sentimentos, desvios ou ilus\u00f5es. Respire fundo. Sinta esse aroma em sua vida. \u00c9 o perfume da eternidade&#8230;<\/p>\n","protected":false},"excerpt":{"rendered":"<p>Os antigos eg\u00edpcios costumavam venerar uma bela flor que brotava \u00e0s margens do Nilo. Apesar de sua beleza estonteante, a flor de L\u00f3tus n\u00e3o tinha perfume e se multiplicava em po\u00e7as d \u00e1gua parada, onde o substrato provinha de mat\u00e9ria em decomposi\u00e7\u00e3o, putrefata, nauseabunda. Da podrid\u00e3o nascia aquela beleza estonteante. Em nosso hemisf\u00e9rio tamb\u00e9m existe [&hellip;]<\/p>\n","protected":false},"author":17,"featured_media":0,"comment_status":"closed","ping_status":"closed","sticky":false,"template":"","format":"standard","meta":{"footnotes":""},"categories":[9],"tags":[],"class_list":["post-5879","post","type-post","status-publish","format-standard","hentry","category-artigos"],"_links":{"self":[{"href":"https:\/\/catolicanet.net\/wp-cnet\/wp-json\/wp\/v2\/posts\/5879","targetHints":{"allow":["GET"]}}],"collection":[{"href":"https:\/\/catolicanet.net\/wp-cnet\/wp-json\/wp\/v2\/posts"}],"about":[{"href":"https:\/\/catolicanet.net\/wp-cnet\/wp-json\/wp\/v2\/types\/post"}],"author":[{"embeddable":true,"href":"https:\/\/catolicanet.net\/wp-cnet\/wp-json\/wp\/v2\/users\/17"}],"replies":[{"embeddable":true,"href":"https:\/\/catolicanet.net\/wp-cnet\/wp-json\/wp\/v2\/comments?post=5879"}],"version-history":[{"count":1,"href":"https:\/\/catolicanet.net\/wp-cnet\/wp-json\/wp\/v2\/posts\/5879\/revisions"}],"predecessor-version":[{"id":10754,"href":"https:\/\/catolicanet.net\/wp-cnet\/wp-json\/wp\/v2\/posts\/5879\/revisions\/10754"}],"wp:attachment":[{"href":"https:\/\/catolicanet.net\/wp-cnet\/wp-json\/wp\/v2\/media?parent=5879"}],"wp:term":[{"taxonomy":"category","embeddable":true,"href":"https:\/\/catolicanet.net\/wp-cnet\/wp-json\/wp\/v2\/categories?post=5879"},{"taxonomy":"post_tag","embeddable":true,"href":"https:\/\/catolicanet.net\/wp-cnet\/wp-json\/wp\/v2\/tags?post=5879"}],"curies":[{"name":"wp","href":"https:\/\/api.w.org\/{rel}","templated":true}]}}