{"id":5872,"date":"2015-06-05T17:03:04","date_gmt":"2015-06-05T20:03:04","guid":{"rendered":"http:\/\/catolicanet.net\/wp-cnet\/a-loucura-da-correria-e-a-serenidade-da-alma\/"},"modified":"2017-04-10T10:30:52","modified_gmt":"2017-04-10T13:30:52","slug":"a-loucura-da-correria-e-a-serenidade-da-alma","status":"publish","type":"post","link":"https:\/\/catolicanet.net\/wp-cnet\/a-loucura-da-correria-e-a-serenidade-da-alma\/","title":{"rendered":"A Loucura da Correria e a Serenidade da Alma"},"content":{"rendered":"<p style=\"text-align: justify;\">Quanto custa o seu sossego,\u00a0 sua tranquilidade, sua paz e sua qualidade de vida? Qual \u00e9 valor da serenidade de sua alma?<br \/>A obsess\u00e3o pela atividade \u00e9 uma loucura. A vida levada com muita preocupa\u00e7\u00e3o e ocupa\u00e7\u00e3o \u00e9 uma viol\u00eancia, uma agress\u00e3o ao estado da alma e uma atitude\u00a0 grosseira e repugnante. \u00c9 no ativismo exacerbado que est\u00e1 \u00e0 aus\u00eancia do equil\u00edbrio, da modera\u00e7\u00e3o e da vida espiritual. A atividade incessante por demais exagerada leva ao esgotamento f\u00edsico, mental e emocional. Quantas doen\u00e7as que adv\u00e9m do pragmatismo, da velocidade dos afazeres, das tarefas impostas imperiosas, da ditadura das urg\u00eancias, das m\u00e1quinas dos poderosos capitalistas e da gan\u00e2ncia ter, possuir e acumular muitas coisas. O resultado \u00e9 estresse, esgotamento total, depress\u00e3o, desconstru\u00e7\u00e3o de ideais, de amizades, romances, casamento e a perda de outras coisas e da pr\u00f3pria vida. Para uma vida agitada, avexada, sem controle da sua ansiedade \u00e9 uma cadeia infernal. A conex\u00e3o do advent\u00edcio com o interior tisnado resulta na t\u00edsica da alma. O esquema montado em nossa era \u00e9 destruir o ser humano aos poucos e causando lucros grandiosos para a \u201cElite\u201d, \u201cOs Senhores do Poder\u201d.<br \/>Muitas pessoas s\u00e3o extremamente focadas em seus objetivos, sejam de carreira, numa pr\u00e1tica esportiva, ou numa meta, como perder peso ou preparar a festa de casamento perfeita, a jornada de trabalho pesada, as muitas horas de treino, as dietas espec\u00edficas e seguidas \u00e0 risca que sinalizam\u00a0 um exagero. Isso causa conflitos em v\u00e1rias modalidades da vida. Quem vive aceso e acelerado demais sem consci\u00eancia do que isso pode causar, as consequ\u00eancias ser\u00e3o catastr\u00f3ficas.<br \/>A\u00a0 sociedade p\u00f3s-moderna anda cada vez mais agitada, apressada e desrespeitosa. As pr\u00f3prias crian\u00e7as vivem numa correria desenfreada tipo casa-escola-gin\u00e1sio-casa, com m\u00faltiplas tarefas e enfrentando o tr\u00e2nsito ca\u00f3tico nas grandes cidades enquanto o pai ou a m\u00e3e desesperam ao volante.<br \/>A simples viv\u00eancia dos ru\u00eddos (nas escolas, nas f\u00e1bricas, nos escrit\u00f3rios, nas ruas, etc.) exp\u00f5e as pessoas a um estresse doentio que acabar\u00e1 em desgaste e desmotiva\u00e7\u00e3o. As pessoas que falam muito contribuem tamb\u00e9m com esse mal.<br \/>O S\u00edndrome do Pensamento Acelerado descrito pelo Dr. Augusto Cury em algumas das suas obras (ex: Revolucione Sua Qualidade de Vida) \u00e9 uma das consequ\u00eancias da vida agitada que levamos. Ele produz diversos sintomas como irritabilidade, insatisfa\u00e7\u00e3o existencial, dificuldades de concentra\u00e7\u00e3o, d\u00e9fices de mem\u00f3ria, fadiga, sono alterado, perturba\u00e7\u00f5es emocionais (flutua\u00e7\u00e3o do humor) e leva a uma ansiedade excessiva.<br \/>Tem cura e liberta\u00e7\u00e3o pra tudo isso? Claro que tem! Sentar e orar ao Divino Esp\u00edrito Santo pedindo for\u00e7a e sabedoria para se organizar e administrar suas responsabilidades. Refletir sobre sua sa\u00fade e meditar para tomar posse das b\u00ean\u00e7\u00e3os de Deus e pela gra\u00e7a viver a gloriosa felicidade. Ter seu momento de ora\u00e7\u00e3o, leitura sagrada e participar de retiros espirituais e beber da fonte mon\u00e1stica e erem\u00edtica.\u00a0 A serenidade da alma deve ser \u00e0 base de tudo.\u00a0 Configurar sua\u00a0 vida na riqueza do sil\u00eancio e na viv\u00eancia da espiritualidade. Se deliciar da amizade do Anjo da Guarda (rezar sempre a o ra\u00e7\u00e3o do Anjo da Guarda), buscar profundas experi\u00eancias com Deus e caminhar na Boa Nova de Cristo. <br \/> \u201cO sil\u00eancio \u00e9 como a espada na luta espiritual; a alma tagarela nunca atingir\u00e1 a santidade. Essa espada do sil\u00eancio cortar\u00e1 tudo que queira apegar-se \u00e0 alma. Somos sens\u00edveis \u00e0 fala e sendo sens\u00edveis, logo queremos responder; n\u00e3o levamos em conta se \u00e9 da vontade de Deus que falemos. A alma silenciosa \u00e9 forte; nenhuma adversidade a prejudicar\u00e1, se perseverar no sil\u00eancio. A alma recolhida \u00e9 capaz da mais profunda uni\u00e3o com Deus, ela vive quase sempre sob a inspira\u00e7\u00e3o do Esp\u00edrito Santo. Deus opera sem obst\u00e1culo na alma silenciosa.\u201d(Di\u00e1rio de Santa Faustina Kowalska, n\u00b0477).<\/p>\n","protected":false},"excerpt":{"rendered":"<p>Quanto custa o seu sossego,\u00a0 sua tranquilidade, sua paz e sua qualidade de vida? Qual \u00e9 valor da serenidade de sua alma?A obsess\u00e3o pela atividade \u00e9 uma loucura. A vida levada com muita preocupa\u00e7\u00e3o e ocupa\u00e7\u00e3o \u00e9 uma viol\u00eancia, uma agress\u00e3o ao estado da alma e uma atitude\u00a0 grosseira e repugnante. \u00c9 no ativismo exacerbado [&hellip;]<\/p>\n","protected":false},"author":16,"featured_media":0,"comment_status":"closed","ping_status":"closed","sticky":false,"template":"","format":"standard","meta":{"footnotes":""},"categories":[9],"tags":[],"class_list":["post-5872","post","type-post","status-publish","format-standard","hentry","category-artigos"],"_links":{"self":[{"href":"https:\/\/catolicanet.net\/wp-cnet\/wp-json\/wp\/v2\/posts\/5872","targetHints":{"allow":["GET"]}}],"collection":[{"href":"https:\/\/catolicanet.net\/wp-cnet\/wp-json\/wp\/v2\/posts"}],"about":[{"href":"https:\/\/catolicanet.net\/wp-cnet\/wp-json\/wp\/v2\/types\/post"}],"author":[{"embeddable":true,"href":"https:\/\/catolicanet.net\/wp-cnet\/wp-json\/wp\/v2\/users\/16"}],"replies":[{"embeddable":true,"href":"https:\/\/catolicanet.net\/wp-cnet\/wp-json\/wp\/v2\/comments?post=5872"}],"version-history":[{"count":1,"href":"https:\/\/catolicanet.net\/wp-cnet\/wp-json\/wp\/v2\/posts\/5872\/revisions"}],"predecessor-version":[{"id":10756,"href":"https:\/\/catolicanet.net\/wp-cnet\/wp-json\/wp\/v2\/posts\/5872\/revisions\/10756"}],"wp:attachment":[{"href":"https:\/\/catolicanet.net\/wp-cnet\/wp-json\/wp\/v2\/media?parent=5872"}],"wp:term":[{"taxonomy":"category","embeddable":true,"href":"https:\/\/catolicanet.net\/wp-cnet\/wp-json\/wp\/v2\/categories?post=5872"},{"taxonomy":"post_tag","embeddable":true,"href":"https:\/\/catolicanet.net\/wp-cnet\/wp-json\/wp\/v2\/tags?post=5872"}],"curies":[{"name":"wp","href":"https:\/\/api.w.org\/{rel}","templated":true}]}}