{"id":5869,"date":"2015-06-04T03:00:00","date_gmt":"2015-06-04T06:00:00","guid":{"rendered":"http:\/\/catolicanet.net\/wp-cnet\/eucaristia-alimento-para-a-esperanca\/"},"modified":"2017-04-10T10:33:54","modified_gmt":"2017-04-10T13:33:54","slug":"eucaristia-alimento-para-a-esperanca","status":"publish","type":"post","link":"https:\/\/catolicanet.net\/wp-cnet\/eucaristia-alimento-para-a-esperanca\/","title":{"rendered":"Eucaristia, alimento para a esperan\u00e7a!"},"content":{"rendered":"<p style=\"text-align: justify;\">A Festa de \u201cCorpus Christi\u201d \u00e9 a celebra\u00e7\u00e3o em que a Igreja comemora o Sant\u00edssimo Sacramento da Eucaristia; sendo o \u00fanico dia do ano em que o Sant\u00edssimo Sacramento sai solenemente em prociss\u00e3o \u00e0s nossas ruas. \u00c9 a nossa \u201cmarcha com Jesus Vivo\u201d, a quem seguimos com alegria. Nesta festa, os fi\u00e9is agradecem e louvam a Deus pelo inestim\u00e1vel dom da Eucaristia, na qual o pr\u00f3prio Senhor se faz presente como alimento e rem\u00e9dio de nossa alma. A Eucaristia \u00e9 fonte e centro de toda a vida crist\u00e3. Nela est\u00e1 contido todo o tesouro espiritual da Igreja, o pr\u00f3prio Cristo.<br \/> A Festa de Corpus Christi surgiu no s\u00e9c. XIII, na diocese de Li\u00e9ge, na B\u00e9lgica, por iniciativa da freira Juliana de Mont Cornillon, (\u20201258) que recebia vis\u00f5es nas quais o pr\u00f3prio Jesus lhe pedia uma festa lit\u00fargica anual em honra da Sagrada Eucaristia.\u00a0 As revela\u00e7\u00f5es particulares nos ajudam a aprofundar a verdade da f\u00e9 em certas circunst\u00e2ncias hist\u00f3ricas. Nesse momento era a import\u00e2ncia de afirmar a presen\u00e7a real de Cristo na Eucaristia.<br \/> Nesse sentido, aconteceu um epis\u00f3dio: quando o padre Pedro de Praga, da Bo\u00eamia, celebrou uma Missa na cripta de Santa Cristina, em Bolsena, It\u00e1lia, ocorreu um milagre eucar\u00edstico: da h\u00f3stia consagrada come\u00e7aram a cair gotas de sangue sobre o corporal, ap\u00f3s a consagra\u00e7\u00e3o. Dizem que isto ocorreu porque o padre teria duvidado da presen\u00e7a real de Cristo na Eucaristia.<br \/> O Papa Urbano IV (1262-1264), que residia em Orvieto, cidade pr\u00f3xima de Bolsena, onde vivia S\u00e3o Tom\u00e1s de Aquino, ordenou ao Bispo Giacomo que levasse as rel\u00edquias de Bolsena a Orvieto. Isso foi feito em prociss\u00e3o. Quando o Papa encontrou a Prociss\u00e3o na entrada de Orvieto, pronunciou diante da rel\u00edquia eucar\u00edstica as palavras: \u201cCorpus Christi\u201d.<br \/> Em 11\/08\/1264, o Papa aprovou a Bula \u201cTransiturus de mundo\u201d, onde prescreveu que na 5\u00aa feira ap\u00f3s a oitava de Pentecostes fosse oficialmente celebrada a festa em honra do Corpo do Senhor. S\u00e3o Tom\u00e1s de Aquino foi encarregado pelo Papa para compor o Of\u00edcio da celebra\u00e7\u00e3o. O Papa era um arcediago de Li\u00e9ge que havia conhecido a Beata Cornilon e havia percebido a luz sobrenatural que a iluminava e a sinceridade de seus apelos.<br \/> Em 1247, realizou-se a primeira prociss\u00e3o eucar\u00edstica pelas ruas de Li\u00e9ge, como festa diocesana, tornando-se depois uma festa lit\u00fargica celebrada em toda a B\u00e9lgica, e depois, ent\u00e3o, em todo o mundo no s\u00e9c. XIV, quando o Papa Clemente V confirmou a Bula de Urbano IV, tornando a Festa da Eucaristia um dever can\u00f4nico universal, ou seja, na \u201curbe\u201d e em todo o \u201corbe\u201d. Em 1290 foi constru\u00edda a bel\u00edssima Catedral de Orvieto, em pedras pretas e brancas, chamada de \u201cL\u00edrio das Catedrais\u201d.<br \/> Em 1317, o Papa Jo\u00e3o XXII publicou na Constitui\u00e7\u00e3o Clementina o dever de se levar a Eucaristia em prociss\u00e3o pelas vias p\u00fablicas. A partir da oficializa\u00e7\u00e3o, a Festa de Corpus Christi passou a ser celebrada todos os anos na primeira quinta-feira ap\u00f3s o domingo da Sant\u00edssima Trindade.<br \/> Todo cat\u00f3lico deve participar dessa Prociss\u00e3o por ser a mais importante de todas que acontece durante o ano, pois \u00e9 a \u00fanica onde o pr\u00f3prio Senhor sai \u00e0s ruas para aben\u00e7oar as pessoas, as fam\u00edlias e a cidade. Em muitos lugares criou-se o belo costume de enfeitar as casas com orat\u00f3rios e flores, e as ruas com tapetes ornamentados, tudo em honra do Senhor que vem visitar o seu povo.<br \/> Come\u00e7aram, assim, as grandes prociss\u00f5es eucar\u00edsticas, as adora\u00e7\u00f5es solenes, a B\u00ean\u00e7\u00e3o com o Sant\u00edssimo no ostens\u00f3rio por entre c\u00e2nticos. Surgiram tamb\u00e9m os Congressos Eucar\u00edsticos, as Quarenta Horas de Adora\u00e7\u00e3o e in\u00fameras outras homenagens a Jesus na Eucaristia.<br \/> Na festa de Corpus Christi, a Igreja revive o mist\u00e9rio da Quinta-feira Santa \u00e0 luz da Ressurrei\u00e7\u00e3o. Tamb\u00e9m a Quinta-feira Santa conhece a prociss\u00e3o eucar\u00edstica, com a qual a Igreja repete o \u00eaxodo de Jesus do Cen\u00e1culo para o monte das Oliveiras. Jesus, naquela noite, sai e entrega-se ao traidor, ao exterminador e, precisamente assim, vence a noite, vence as trevas do mal. S\u00f3 desta forma, o dom da Eucaristia, institu\u00edda no Cen\u00e1culo, encontra o seu cumprimento: Jesus entrega realmente o seu corpo e o seu sangue. Atravessando o limiar da morte, torna-se p\u00e3o vivo, verdadeiro man\u00e1, alimento inexaur\u00edvel para todos os s\u00e9culos. A carne torna-se p\u00e3o de vida.<br \/> Na prociss\u00e3o da Quinta-feira Santa, a Igreja acompanha Jesus ao monte das Oliveiras: a Igreja, orante, sente um desejo profundo de vigiar com Jesus, de n\u00e3o deix\u00e1-lo sozinho na noite do mundo, na noite da trai\u00e7\u00e3o, na noite da indiferen\u00e7a de muitos. Na festa de Corpus Christi, retomamos esta prociss\u00e3o, mas na alegria da Ressurrei\u00e7\u00e3o. O Senhor ressuscitou e precedeu-nos. A prociss\u00e3o da Quinta-feira Santa acompanhou Jesus na sua solid\u00e3o, rumo \u00e0 \u201cvia crucis\u201d. A prociss\u00e3o de Corpus Christi, ao contr\u00e1rio, responde de maneira simb\u00f3lica ao mandamento do Ressuscitado: precedo-vos na Galileia. Ide at\u00e9 aos confins do mundo, levai o Evangelho a todas as na\u00e7\u00f5es. Sem d\u00favida, para a f\u00e9, a Eucaristia \u00e9 um mist\u00e9rio de intimidade.<br \/> O Senhor instituiu o Sacramento no Cen\u00e1culo, circundado pela sua nova fam\u00edlia, pelos doze ap\u00f3stolos, prefigura\u00e7\u00e3o e antecipa\u00e7\u00e3o da Igreja de todos os tempos. Neste Sacramento, o Senhor est\u00e1 sempre a caminho no mundo. Este aspecto universal da presen\u00e7a eucar\u00edstica sobressai na prociss\u00e3o da nossa festa. N\u00f3s levamos Cristo, presente na figura do p\u00e3o, pelas estradas da nossa cidade.\u00a0 Nesse sentido, no pr\u00f3ximo dia 04 de junho, celebrarei \u00e0s 10 horas a solene missa pontifical no Santu\u00e1rio de Adora\u00e7\u00e3o Perp\u00e9tua de nossa Arquidiocese, na Igreja Matriz da Par\u00f3quia de Santana. A partir das 15:30 h, toda a Igreja do Rio de Janeiro \u00e9 convidada a se reunir na Igreja da Candel\u00e1ria, no centro, para a celebra\u00e7\u00e3o das V\u00e9speras solenes. Depois, a prociss\u00e3o sair\u00e1 em dire\u00e7\u00e3o \u00e0 Catedral Metropolitana, na Avenida Chile (que em parte estar\u00e1 enfeitada com o tapete feito pelo povo), quando darei a B\u00ean\u00e7\u00e3o do Sant\u00edssimo Sacramento a todo o povo e a esta cidade.\u00a0 <br \/>Somos chamados a ser peregrinos. Somos convidados, como Igreja, a caminhar com esperan\u00e7a, testemunhando o Senhor que vem ao encontro do seu povo. N\u00f3s confiamos estas estradas, estas casas, a nossa vida quotidiana \u00e0 Sua bondade. Que as nossas estradas sejam de Jesus! Que as nossas casas sejam para Ele e com Ele! A nossa vida de todos os dias esteja penetrada da Sua presen\u00e7a. Com este gesto, colocamos sob o Seu olhar os sofrimentos dos doentes, a solid\u00e3o dos jovens e dos idosos, as tenta\u00e7\u00f5es, os receios de toda a nossa vida. <br \/>A prociss\u00e3o pretende ser uma b\u00ean\u00e7\u00e3o grande e p\u00fablica para a nossa cidade: Cristo \u00e9, em pessoa, a b\u00ean\u00e7\u00e3o divina para o mundo; que o raio da Sua b\u00ean\u00e7\u00e3o abranja todos n\u00f3s! N\u00f3s nos alimentamos da Eucaristia para ser sinais da esperan\u00e7a na constru\u00e7\u00e3o da Paz nessa nossa grande cidade.<\/p>\n<p><\/p>\n","protected":false},"excerpt":{"rendered":"<p>A Festa de \u201cCorpus Christi\u201d \u00e9 a celebra\u00e7\u00e3o em que a Igreja comemora o Sant\u00edssimo Sacramento da Eucaristia; sendo o \u00fanico dia do ano em que o Sant\u00edssimo Sacramento sai solenemente em prociss\u00e3o \u00e0s nossas ruas. \u00c9 a nossa \u201cmarcha com Jesus Vivo\u201d, a quem seguimos com alegria. Nesta festa, os fi\u00e9is agradecem e louvam [&hellip;]<\/p>\n","protected":false},"author":5,"featured_media":0,"comment_status":"closed","ping_status":"closed","sticky":false,"template":"","format":"standard","meta":{"footnotes":""},"categories":[9],"tags":[],"class_list":["post-5869","post","type-post","status-publish","format-standard","hentry","category-artigos"],"_links":{"self":[{"href":"https:\/\/catolicanet.net\/wp-cnet\/wp-json\/wp\/v2\/posts\/5869","targetHints":{"allow":["GET"]}}],"collection":[{"href":"https:\/\/catolicanet.net\/wp-cnet\/wp-json\/wp\/v2\/posts"}],"about":[{"href":"https:\/\/catolicanet.net\/wp-cnet\/wp-json\/wp\/v2\/types\/post"}],"author":[{"embeddable":true,"href":"https:\/\/catolicanet.net\/wp-cnet\/wp-json\/wp\/v2\/users\/5"}],"replies":[{"embeddable":true,"href":"https:\/\/catolicanet.net\/wp-cnet\/wp-json\/wp\/v2\/comments?post=5869"}],"version-history":[{"count":1,"href":"https:\/\/catolicanet.net\/wp-cnet\/wp-json\/wp\/v2\/posts\/5869\/revisions"}],"predecessor-version":[{"id":10760,"href":"https:\/\/catolicanet.net\/wp-cnet\/wp-json\/wp\/v2\/posts\/5869\/revisions\/10760"}],"wp:attachment":[{"href":"https:\/\/catolicanet.net\/wp-cnet\/wp-json\/wp\/v2\/media?parent=5869"}],"wp:term":[{"taxonomy":"category","embeddable":true,"href":"https:\/\/catolicanet.net\/wp-cnet\/wp-json\/wp\/v2\/categories?post=5869"},{"taxonomy":"post_tag","embeddable":true,"href":"https:\/\/catolicanet.net\/wp-cnet\/wp-json\/wp\/v2\/tags?post=5869"}],"curies":[{"name":"wp","href":"https:\/\/api.w.org\/{rel}","templated":true}]}}