{"id":5868,"date":"2015-06-04T03:00:00","date_gmt":"2015-06-04T06:00:00","guid":{"rendered":"http:\/\/catolicanet.net\/wp-cnet\/corpo-e-sangue-de-cristo\/"},"modified":"2017-04-10T10:33:21","modified_gmt":"2017-04-10T13:33:21","slug":"corpo-e-sangue-de-cristo","status":"publish","type":"post","link":"https:\/\/catolicanet.net\/wp-cnet\/corpo-e-sangue-de-cristo\/","title":{"rendered":"Corpo e Sangue de Cristo"},"content":{"rendered":"<p style=\"text-align: justify;\">Desde o primeiro instante, os disc\u00edpulos compreenderam que a refei\u00e7\u00e3o que tinham celebrado com Jesus n\u00e3o era uma simples refei\u00e7\u00e3o. Havia sido algo mais. Especialmente, a \u00faltima ceia celebrada com Jesus tinha um significado particular. N\u00e3o apenas porque foi um momento de despedida. Al\u00e9m disso, Jesus, ao repartir o p\u00e3o e o vinho entre os seus disc\u00edpulos, fez desse ato de partilha o sinal de seu corpo e sangue. Disse-lhes que a entrega de sua vida, que iria se tornar realidade pouco depois, era o sinal da Nova Alian\u00e7a que Deus faria com a humanidade. Aquela entrega estava simbolizada na oferta do p\u00e3o e do vinho a todos os comensais.<br \/>Os disc\u00edpulos j\u00e1 haviam ouvido da Alian\u00e7a entre Deus e o seu povo. Agora, ouviam Jesus Falar de uma Nova Alian\u00e7a que seria selada com seu pr\u00f3prio sangue. Deram-se conta de que aquela \u00faltima ceia com Jesus era um momento-chave em suas vidas. Aquela ceia era importante para toda a humanidade. Por isso, quando, ap\u00f3s a ressurrei\u00e7\u00e3o de Jesus, voltaram a se reunir, celebraram uma ceia parecida com aquela. Recordaram a presen\u00e7a de Jesus e repetiram suas palavras, quando repartiram entre todos, o p\u00e3o e o vinho. Aquele p\u00e3o e aquele vinho foram e continuam sendo sinal da Nova Alian\u00e7a, a alian\u00e7a do amor e da fidelidade de Deus, que vai sempre al\u00e9m das infidelidades, limita\u00e7\u00f5es e pecados dos homens.<br \/>Hoje, n\u00f3s, crist\u00e3os, continuamos celebrando aquela ceia. N\u00f3s a chamamos de \u201cmissa\u201d ou Eucaristia. Nela recordamos Jesus e repetimos suas palavras sobre e p\u00e3o e o vinho, que s\u00e3o convertidos em sinal vivo de sua presen\u00e7a entre n\u00f3s e em sinal da Alian\u00e7a do amor de Deus para conosco. Na Missa, re\u00fanem-se pessoas de diferentes origens, em nome do Senhor Jesus. Descobrimos que Deus nos fez irm\u00e3os a todos, que nos convida a viver no amor e na justi\u00e7a e a trabalhar pela paz no mundo. Ouvimos a palavra de Deus e, ao comungar o p\u00e3o e o vinho, recebemos em nosso cora\u00e7\u00e3o a presen\u00e7a viva de Jesus, que nos anima a nos comprometermos a fazer deste mundo uma \u00fanica ceia, em que todos nos encontremos como irm\u00e3os e ningu\u00e9m se sinta exclu\u00eddo, porque todos somos filhos. Na Missa, rezamos juntos o Pai-Nosso, a ora\u00e7\u00e3o que \u00e9 um presente de Jesus e nos faz descobrir que Deus \u00e9 Pai de todos. Damos gra\u00e7as porque, em Jesus, Deus nos libertou da morte e do pecado.<br \/>Eucaristia \u00e9 presen\u00e7a de Cristo em nosso meio, em corpo, sangue, alma e divindade.<\/p>\n","protected":false},"excerpt":{"rendered":"<p>Desde o primeiro instante, os disc\u00edpulos compreenderam que a refei\u00e7\u00e3o que tinham celebrado com Jesus n\u00e3o era uma simples refei\u00e7\u00e3o. Havia sido algo mais. Especialmente, a \u00faltima ceia celebrada com Jesus tinha um significado particular. N\u00e3o apenas porque foi um momento de despedida. Al\u00e9m disso, Jesus, ao repartir o p\u00e3o e o vinho entre os [&hellip;]<\/p>\n","protected":false},"author":10,"featured_media":0,"comment_status":"closed","ping_status":"closed","sticky":false,"template":"","format":"standard","meta":{"footnotes":""},"categories":[9],"tags":[],"class_list":["post-5868","post","type-post","status-publish","format-standard","hentry","category-artigos"],"_links":{"self":[{"href":"https:\/\/catolicanet.net\/wp-cnet\/wp-json\/wp\/v2\/posts\/5868","targetHints":{"allow":["GET"]}}],"collection":[{"href":"https:\/\/catolicanet.net\/wp-cnet\/wp-json\/wp\/v2\/posts"}],"about":[{"href":"https:\/\/catolicanet.net\/wp-cnet\/wp-json\/wp\/v2\/types\/post"}],"author":[{"embeddable":true,"href":"https:\/\/catolicanet.net\/wp-cnet\/wp-json\/wp\/v2\/users\/10"}],"replies":[{"embeddable":true,"href":"https:\/\/catolicanet.net\/wp-cnet\/wp-json\/wp\/v2\/comments?post=5868"}],"version-history":[{"count":1,"href":"https:\/\/catolicanet.net\/wp-cnet\/wp-json\/wp\/v2\/posts\/5868\/revisions"}],"predecessor-version":[{"id":10759,"href":"https:\/\/catolicanet.net\/wp-cnet\/wp-json\/wp\/v2\/posts\/5868\/revisions\/10759"}],"wp:attachment":[{"href":"https:\/\/catolicanet.net\/wp-cnet\/wp-json\/wp\/v2\/media?parent=5868"}],"wp:term":[{"taxonomy":"category","embeddable":true,"href":"https:\/\/catolicanet.net\/wp-cnet\/wp-json\/wp\/v2\/categories?post=5868"},{"taxonomy":"post_tag","embeddable":true,"href":"https:\/\/catolicanet.net\/wp-cnet\/wp-json\/wp\/v2\/tags?post=5868"}],"curies":[{"name":"wp","href":"https:\/\/api.w.org\/{rel}","templated":true}]}}