{"id":5867,"date":"2015-06-03T13:30:08","date_gmt":"2015-06-03T16:30:08","guid":{"rendered":"http:\/\/catolicanet.net\/wp-cnet\/francisco-transmite-solidariedade-aos-chineses-por-naufragi\/"},"modified":"2017-04-07T17:00:52","modified_gmt":"2017-04-07T20:00:52","slug":"francisco-transmite-solidariedade-aos-chineses-por-naufragi","status":"publish","type":"post","link":"https:\/\/catolicanet.net\/wp-cnet\/francisco-transmite-solidariedade-aos-chineses-por-naufragi\/","title":{"rendered":"Francisco transmite solidariedade aos chineses por naufr\u00e1gio"},"content":{"rendered":"<p style=\"text-align: justify;\"><span style=\"font-size: 12.1599998474121px; line-height: 1.3em;\"><img decoding=\"async\" src=\"http:\/\/catolicanet.com.br\/images\/stories\/lanciogrande.jpg\" border=\"0\" align=\"left\" \/>O Papa est\u00e1 solid\u00e1rio com o povo chin\u00eas que sofre neste momento por causa do naufr\u00e1gio da embarca\u00e7\u00e3o no rio Yangtz\u00e9, prov\u00edncia de Hubei. O acidente ocorreu na noite de segunda-feira (01\/06), de acordo com a imprensa local. O naufr\u00e1gio pode ser o pior registrado nas \u00faltimas d\u00e9cadas no pa\u00eds. <\/span><\/p>\n<p style=\"text-align: justify;\">Ao saudar os fi\u00e9is e turistas de l\u00edngua inglesa, na audi\u00eancia de quarta-feira (03\/06), Francisco disse que \u201cneste momento dif\u00edcil, reza pelas v\u00edtimas, suas fam\u00edlias e todos os que trabalham no salvamento\u201d.<\/p>\n<p style=\"text-align: justify;\">Nesta parte do rio, com 15 metros de profundidade, mais de 100 barcos e quase 5 mil pessoas, entre elas 1.840 soldados e 1.600 agentes de pol\u00edcia, foram mobilizados para as opera\u00e7\u00f5es de busca, indicou a imprensa oficial. At\u00e9 o momento, foram resgatados 18 dos 458 passageiros que estavam a bordo.<\/p>\n<p style=\"text-align: justify;\">O barco viajava de Nanquim para Chongqing. O acidente aconteceu quando o navio Dongfangzhixing (Estrela do Oriente) foi atingido por ventos de 130 quil\u00f4metros por hora.<\/p>\n<p style=\"text-align: justify;\">O Yangtz\u00e9 \u00e9 o terceiro maior rio do mundo, depois do Nilo e do Amazonas, com 6.300 quil\u00f4metros de extens\u00e3o.<\/p>\n<p style=\"text-align: justify;\">\u00a0<\/p>\n<p style=\"text-align: justify;\">Fonte: R\u00e1dio Vaticano<\/p>\n","protected":false},"excerpt":{"rendered":"<p>O Papa est\u00e1 solid\u00e1rio com o povo chin\u00eas que sofre neste momento por causa do naufr\u00e1gio da embarca\u00e7\u00e3o no rio Yangtz\u00e9, prov\u00edncia de Hubei. O acidente ocorreu na noite de segunda-feira (01\/06), de acordo com a imprensa local. O naufr\u00e1gio pode ser o pior registrado nas \u00faltimas d\u00e9cadas no pa\u00eds. Ao saudar os fi\u00e9is e [&hellip;]<\/p>\n","protected":false},"author":1,"featured_media":0,"comment_status":"closed","ping_status":"closed","sticky":false,"template":"","format":"standard","meta":{"footnotes":""},"categories":[3],"tags":[],"class_list":["post-5867","post","type-post","status-publish","format-standard","hentry","category-vaticano"],"_links":{"self":[{"href":"https:\/\/catolicanet.net\/wp-cnet\/wp-json\/wp\/v2\/posts\/5867","targetHints":{"allow":["GET"]}}],"collection":[{"href":"https:\/\/catolicanet.net\/wp-cnet\/wp-json\/wp\/v2\/posts"}],"about":[{"href":"https:\/\/catolicanet.net\/wp-cnet\/wp-json\/wp\/v2\/types\/post"}],"author":[{"embeddable":true,"href":"https:\/\/catolicanet.net\/wp-cnet\/wp-json\/wp\/v2\/users\/1"}],"replies":[{"embeddable":true,"href":"https:\/\/catolicanet.net\/wp-cnet\/wp-json\/wp\/v2\/comments?post=5867"}],"version-history":[{"count":1,"href":"https:\/\/catolicanet.net\/wp-cnet\/wp-json\/wp\/v2\/posts\/5867\/revisions"}],"predecessor-version":[{"id":10725,"href":"https:\/\/catolicanet.net\/wp-cnet\/wp-json\/wp\/v2\/posts\/5867\/revisions\/10725"}],"wp:attachment":[{"href":"https:\/\/catolicanet.net\/wp-cnet\/wp-json\/wp\/v2\/media?parent=5867"}],"wp:term":[{"taxonomy":"category","embeddable":true,"href":"https:\/\/catolicanet.net\/wp-cnet\/wp-json\/wp\/v2\/categories?post=5867"},{"taxonomy":"post_tag","embeddable":true,"href":"https:\/\/catolicanet.net\/wp-cnet\/wp-json\/wp\/v2\/tags?post=5867"}],"curies":[{"name":"wp","href":"https:\/\/api.w.org\/{rel}","templated":true}]}}