{"id":58585,"date":"2020-04-23T09:24:23","date_gmt":"2020-04-23T12:24:23","guid":{"rendered":"https:\/\/catolicanet.net\/wp-cnet\/?p=58585"},"modified":"2020-04-23T11:45:30","modified_gmt":"2020-04-23T14:45:30","slug":"23-de-abril-dia-mundial-do-livro-iniciativas-em-todo-o-mundo","status":"publish","type":"post","link":"https:\/\/catolicanet.net\/wp-cnet\/23-de-abril-dia-mundial-do-livro-iniciativas-em-todo-o-mundo\/","title":{"rendered":"23 de abril, Dia Mundial do Livro: iniciativas em todo o mundo"},"content":{"rendered":"<div class=\"article__subTitle\" style=\"text-align: justify;\">Celebra-se nesta quinta-feira (23\/04) o Dia Mundial do Livro promovido pela Unesco. Muitas iniciativas, apesar das limita\u00e7\u00f5es impostas pela emerg\u00eancia do Covid-19: convites para leitura, maratonas ao vivo e atividades para fazer reiniciar um setor que foi duramente provado pelo confinamento.<\/div>\n<div class=\"title__separator\" style=\"text-align: justify;\"><\/div>\n<div class=\"article__text\">\n<p style=\"text-align: justify;\"><b>Paolo Ondarza\/Mariangela Jaguraba &#8211; Cidade do Vaticano<\/b><\/p>\n<p style=\"text-align: justify;\">O prazer de ler um bom livro \u00e9 uma riqueza a ser redescoberta, sobretudo em tempos de quarentena. O 25\u00ba Dia Mundial do Livro e do Direito de Autor se celebra este ano em meio \u00e0 pandemia de coronav\u00edrus.<\/p>\n<h2 style=\"text-align: justify;\">Uma rosa e um livro<\/h2>\n<p style=\"text-align: justify;\">Marcada desde a sua proclama\u00e7\u00e3o, em 1995, pela UNESCO, em 23 de abril, data da morte de Cervantes, Shakespeare e Inca Garcilaso de la Vega, este anivers\u00e1rio tem suas ra\u00edzes na Catalunha na mem\u00f3ria lit\u00fargica de S\u00e3o Jorge, Sant Jordi, padroeiro da regi\u00e3o. Ali, segundo a tradi\u00e7\u00e3o, as mulheres respondem ao presente de rosas de seus namorados, com um livro.<\/p>\n<p style=\"text-align: justify;\">N\u00e3o \u00e9 por acaso que os livreiros de Barcelona costumam presentear uma rosa para cada volume vendido. Este ano, devido \u00e0s medidas de conten\u00e7\u00e3o do Covid-19, o \u201cDia del Llibre\u201d n\u00e3o ser\u00e1 marcado como de costume pelas cores das barracas que enchem de vida a Rambla de Catalu\u00f1a. No entanto, n\u00e3o faltam iniciativas para celebrar online este dia, criado pelo escritor e editor valenciano Vincent Claves Andr\u00e9s, celebrado pela primeira vez na Espanha pelo rei Alfonso XIII em 7 de outubro de 1926, dia do nascimento de Cervantes. Em 1930, a data foi mudada para 23 de abril.<\/p>\n<h2 style=\"text-align: justify;\">Maratona de leitura<\/h2>\n<p style=\"text-align: justify;\">O site da Arquidiocese de Barcelona oferece uma sele\u00e7\u00e3o de t\u00edtulos para celebrar Sant Jordi nas redes e apoiar a editoria gravemente provada pelo fechamento das livrarias. Na internet, n\u00e3o faltam maratonas de leitura, como a organizada na It\u00e1lia, com o patroc\u00ednio da Unesco, da Funda\u00e7\u00e3o De Sanctis, na quinta-feira (23\/04), com transmiss\u00e3o ao vivo de 11h \u00e0s 18h.<\/p>\n<p style=\"text-align: justify;\">#Chileggenonsiferma \u00e9 a hashtag que o Grupo Editorial S\u00e3o Paulo lan\u00e7ou para incentivar a leitura de livros de qualquer editor, alcan\u00e7ando todos os leitores diretamente em casa e apoiando as livrarias independentes, religiosas e seculares duramente provadas por essa emerg\u00eancia.<\/p>\n<h2 style=\"text-align: justify;\">Grupo S\u00e3o Paulo para recome\u00e7ar<\/h2>\n<p style=\"text-align: justify;\">\u201cA leitura tem a for\u00e7a de fazer viajar, al\u00e9m de toda forma de restri\u00e7\u00e3o. Com a leitura, tudo permanece em movimento: a mente, o cora\u00e7\u00e3o, a imagina\u00e7\u00e3o e o esp\u00edrito\u201d, l\u00ea-se num comunicado.<\/p>\n<p style=\"text-align: justify;\">Durante o per\u00edodo de isolamento total e tamb\u00e9m nos dias em que as primeiras livrarias est\u00e3o reabrindo em algumas regi\u00f5es da It\u00e1lia, a Diffusione San Paolo oferece a possibilidade de encomendar os produtos desejados a revendedores confi\u00e1veis e receb\u00ea-los em casa sem custos de expedi\u00e7\u00e3o. \u201cEstou convencido de que devemos dar esperan\u00e7a \u00e0s livrarias, oferecendo um novo servi\u00e7o dedicado ao leitor que n\u00e3o parou de comprar livros\u201d, explica ao Vatican News o diretor comercial da \u00c1rea de Livros do Grupo Editorial S\u00e3o Paulo, Fabrizio Cattaneo. \u201cAt\u00e9 agora, tivemos um grande feedback com centenas de livrarias que aderiram.\u201d<\/p>\n<h2 style=\"text-align: justify;\">Espiritualidade, psicologia e narrativa. Os mais pedidos<\/h2>\n<p style=\"text-align: justify;\">Embora uma estat\u00edstica ainda n\u00e3o tenha sido feita, a tend\u00eancia mostra que os clientes se concentram principalmente na narrativa, nos textos de espiritualidade e psicologia. Os livros infantis tamb\u00e9m est\u00e3o indo bem: contos de fadas, hist\u00f3rias e livros para colorir. Um fato significativo: Fabrizio Cattaneo destaca que \u201cos leitores compram v\u00e1rios livros ao mesmo tempo e procuram sua livraria de confian\u00e7a\u201d.<\/p>\n<p style=\"text-align: justify;\">\u201cEm um m\u00eas e quinze dias de fechamento milh\u00f5es de euros foram perdidos. A nossa quer ser uma contribui\u00e7\u00e3o gratuita para recome\u00e7ar. Estamos pr\u00f3ximos aos leitores e livrarias, pagando totalmente os custos de expedi\u00e7\u00e3o e acompanhando a retomada no respeito da sa\u00fade e de todas as normas de seguran\u00e7a\u201d, frisou ele.<\/p>\n<h2 style=\"text-align: justify;\">De volta \u00e0 livraria<\/h2>\n<p style=\"text-align: justify;\">\u201cConsola-nos o fato de o p\u00fablico ter se apresentado novamente nas livrarias na reabertura. O nosso compromisso continuar\u00e1 at\u00e9 que a situa\u00e7\u00e3o se normalize. Continuaremos entregando livros em casa \u00e0s nossas custas, pelo menos at\u00e9 o in\u00edcio da chamada fase 3, quando as pessoas poder\u00e3o novamente se movimentar livremente pela cidade\u201d. \u201c#Chileggenonsiferma \u00e9 um servi\u00e7o inovador, porque nunca foi ativado antes. \u00c9 excelente, pois garante a entrega em 48 horas\u201d, conclui Cattaneo.<\/p>\n<p style=\"text-align: justify;\">\u201cA leitura \u00e9 importante hoje mais do que nunca. Leia e voc\u00ea nunca estar\u00e1 sozinho\u201d, diz o slogan no site da Unesco que, durante o m\u00eas de abril, convida a comunidade digital a expressar nas redes sociais seu amor pelos livros por meio das hashtags #StayAtHome e #WorldBookDay.<\/p>\n<\/div>\n","protected":false},"excerpt":{"rendered":"<p>Celebra-se nesta quinta-feira (23\/04) o Dia Mundial do Livro promovido pela Unesco. Muitas iniciativas, apesar das limita\u00e7\u00f5es impostas pela emerg\u00eancia do Covid-19: convites para leitura, maratonas ao vivo e atividades para fazer reiniciar um setor que foi duramente provado pelo confinamento. Paolo Ondarza\/Mariangela Jaguraba &#8211; Cidade do Vaticano O prazer de ler um bom livro [&hellip;]<\/p>\n","protected":false},"author":1,"featured_media":58586,"comment_status":"open","ping_status":"closed","sticky":false,"template":"","format":"standard","meta":{"footnotes":""},"categories":[3],"tags":[],"class_list":["post-58585","post","type-post","status-publish","format-standard","has-post-thumbnail","hentry","category-vaticano"],"_links":{"self":[{"href":"https:\/\/catolicanet.net\/wp-cnet\/wp-json\/wp\/v2\/posts\/58585","targetHints":{"allow":["GET"]}}],"collection":[{"href":"https:\/\/catolicanet.net\/wp-cnet\/wp-json\/wp\/v2\/posts"}],"about":[{"href":"https:\/\/catolicanet.net\/wp-cnet\/wp-json\/wp\/v2\/types\/post"}],"author":[{"embeddable":true,"href":"https:\/\/catolicanet.net\/wp-cnet\/wp-json\/wp\/v2\/users\/1"}],"replies":[{"embeddable":true,"href":"https:\/\/catolicanet.net\/wp-cnet\/wp-json\/wp\/v2\/comments?post=58585"}],"version-history":[{"count":1,"href":"https:\/\/catolicanet.net\/wp-cnet\/wp-json\/wp\/v2\/posts\/58585\/revisions"}],"predecessor-version":[{"id":58587,"href":"https:\/\/catolicanet.net\/wp-cnet\/wp-json\/wp\/v2\/posts\/58585\/revisions\/58587"}],"wp:featuredmedia":[{"embeddable":true,"href":"https:\/\/catolicanet.net\/wp-cnet\/wp-json\/wp\/v2\/media\/58586"}],"wp:attachment":[{"href":"https:\/\/catolicanet.net\/wp-cnet\/wp-json\/wp\/v2\/media?parent=58585"}],"wp:term":[{"taxonomy":"category","embeddable":true,"href":"https:\/\/catolicanet.net\/wp-cnet\/wp-json\/wp\/v2\/categories?post=58585"},{"taxonomy":"post_tag","embeddable":true,"href":"https:\/\/catolicanet.net\/wp-cnet\/wp-json\/wp\/v2\/tags?post=58585"}],"curies":[{"name":"wp","href":"https:\/\/api.w.org\/{rel}","templated":true}]}}