{"id":58551,"date":"2020-04-22T10:03:13","date_gmt":"2020-04-22T13:03:13","guid":{"rendered":"https:\/\/catolicanet.net\/wp-cnet\/?p=58551"},"modified":"2020-04-22T12:04:37","modified_gmt":"2020-04-22T15:04:37","slug":"arquidioceses-publicam-novas-orientacoes-para-realizacao-de-missas-com-a-presenca-de-fieis","status":"publish","type":"post","link":"https:\/\/catolicanet.net\/wp-cnet\/arquidioceses-publicam-novas-orientacoes-para-realizacao-de-missas-com-a-presenca-de-fieis\/","title":{"rendered":"Arquidioceses publicam novas orienta\u00e7\u00f5es para realiza\u00e7\u00e3o de missas com a presen\u00e7a de fi\u00e9is"},"content":{"rendered":"<p>Em alguns Estados do pa\u00eds, os Governos j\u00e1 est\u00e3o anunciando, por meio de decretos, a abertura de igrejas e autorizando as atividades religiosas, por\u00e9m, com regras de distanciamento e com 30% da capacidade de p\u00fablico. Tendo em vista essa nova realidade, a arquidiocese de Florian\u00f3polis (SC), por exemplo, divulgou na ter\u00e7a-feira, 21 de abril, novas orienta\u00e7\u00f5es aos cat\u00f3licos dos 30 munic\u00edpios de seu territ\u00f3rio. Um dos pontos em destaque \u00e9 que sejam cumpridas com rigor as orienta\u00e7\u00f5es das autoridades de sa\u00fade p\u00fablica municipais, que podem emitir normas mais restritivas se necess\u00e1rio.<\/p>\n<p>As missas e outras celebra\u00e7\u00f5es com a presen\u00e7a de fi\u00e9is por l\u00e1 foram autorizadas, mas com algumas orienta\u00e7\u00f5es. A lota\u00e7\u00e3o m\u00e1xima de 30% da capacidade da igreja dever\u00e1 ser respeitada e, al\u00e9m disso, somente as pessoas com m\u00e1scaras poder\u00e3o adentrar na igreja e dever\u00e3o fazer a higieniza\u00e7\u00e3o das m\u00e3os com \u00e1lcool gel 70%. As orienta\u00e7\u00f5es podem ser lidas (<a href=\"https:\/\/arquifln.org.br\/noticias\/arquidiocese-lanca-novas-orientacoes-sobre-abertura-das-igrejas\/\">aqui<\/a>).<\/p>\n<p><a href=\"https:\/\/www.cnbb.org.br\/wp-content\/uploads\/sites\/32\/2020\/04\/3%C2%BA-comunicado-da-arquidiocese-de-goiania-041251229.jpg\"><img loading=\"lazy\" decoding=\"async\" class=\"size-medium wp-image-237489 alignright\" src=\"https:\/\/www.cnbb.org.br\/wp-content\/uploads\/sites\/32\/2020\/04\/3%C2%BA-comunicado-da-arquidiocese-de-goiania-041251229-300x205.jpg\" srcset=\"https:\/\/www.cnbb.org.br\/wp-content\/uploads\/sites\/32\/2020\/04\/3\u00ba-comunicado-da-arquidiocese-de-goiania-041251229-300x205.jpg 300w, https:\/\/www.cnbb.org.br\/wp-content\/uploads\/sites\/32\/2020\/04\/3\u00ba-comunicado-da-arquidiocese-de-goiania-041251229.jpg 380w\" alt=\"\" width=\"300\" height=\"205\" \/><\/a>Diante das novidades trazidas pelo Decreto do Poder Executivo do Estado de Goi\u00e1s, a arquidiocese de Goi\u00e2nia tamb\u00e9m refletiu sobre a possibilidade. Na ocasi\u00e3o publicou um decreto autorizando as par\u00f3quias que tenham condi\u00e7\u00f5es de atender as exig\u00eancias apresentadas pelo Poder Executivo Estadual e Municipal \u00a0de realizarem celebra\u00e7\u00f5es.<\/p>\n<p>A arquidiocese permite que as celebra\u00e7\u00f5es sejam feitas no domingo (Goi\u00e2nia) e tamb\u00e9m no s\u00e1bado (outras cidades que permitem dois dias de atividades religiosas na semana), obedecendo alguns crit\u00e9rios. Confira (<a href=\"https:\/\/www.arquidiocesedegoiania.org.br\/comunicacao\/noticias\/1229-3-comunicado-da-arquidiocese-de-goiania\">aqui<\/a>) as orienta\u00e7\u00f5es.<\/p>\n<p>A Arquidiocese de Londrina (PR), em conson\u00e2ncia com as orienta\u00e7\u00f5es das autoridades competentes, informou tamb\u00e9m que, a partir do dia 20 de abril, as secretarias paroquiais retornar\u00e3o \u00e0s atividades de forma gradual e as igrejas estar\u00e3o abertas para ora\u00e7\u00e3o pessoal e para atendimento individual, mediante o uso de \u00e1lcool gel, m\u00e1scara protetora e distanciamento de 2 metros, mas ainda sem as celebra\u00e7\u00f5es presenciais e sem aglomera\u00e7\u00e3o de pessoas. Confira (<a href=\"http:\/\/arquidioceselondrina.com.br\/2020\/04\/20\/arquidiocese-publica-novas-orientacoes-para-funcionamento-das-igrejas\/\">aqui<\/a>) o comunicado.<\/p>\n<p>A arquidiocese de Campo Grande (MS) publicou as novas regras para a realiza\u00e7\u00e3o de atividades religiosas com a presen\u00e7a de p\u00fablico. Dentre as orienta\u00e7\u00f5es est\u00e1 a possibilidade de as celebra\u00e7\u00f5es serem realizadas obedecendo o limite m\u00e1ximo de 30% da capacidade normal de cada igreja. A arquidiocese tamb\u00e9m deixa claro que \u00e9 necess\u00e1rio que haja o controle do fluxo de entrada de pessoas, e se formarem filas, deve ser respeitado o distanciamento social (dist\u00e2ncia m\u00ednima de 1,5 metros entre cada duas pessoas). Confira\u00a0<a href=\"https:\/\/arquidiocesedecampogrande.org.br\/normas-e-procedimentos-em-tempos-de-covid-19-reabertura-das-igrejas\/\">(aqui)<\/a>\u00a0as informa\u00e7\u00f5es.<\/p>\n<p><a href=\"https:\/\/www.cnbb.org.br\/wp-content\/uploads\/sites\/32\/2020\/04\/administrador-apostolico-autoriza-abertura-de-igrejas-e-secretarias-paroquiais-em-maringa-celebracoes-ainda-nao-estao-autorizadas-14-04-2020.jpg\"><img loading=\"lazy\" decoding=\"async\" class=\"size-medium wp-image-237488 alignleft\" src=\"https:\/\/www.cnbb.org.br\/wp-content\/uploads\/sites\/32\/2020\/04\/administrador-apostolico-autoriza-abertura-de-igrejas-e-secretarias-paroquiais-em-maringa-celebracoes-ainda-nao-estao-autorizadas-14-04-2020-200x300.jpg\" srcset=\"https:\/\/www.cnbb.org.br\/wp-content\/uploads\/sites\/32\/2020\/04\/administrador-apostolico-autoriza-abertura-de-igrejas-e-secretarias-paroquiais-em-maringa-celebracoes-ainda-nao-estao-autorizadas-14-04-2020-200x300.jpg 200w, https:\/\/www.cnbb.org.br\/wp-content\/uploads\/sites\/32\/2020\/04\/administrador-apostolico-autoriza-abertura-de-igrejas-e-secretarias-paroquiais-em-maringa-celebracoes-ainda-nao-estao-autorizadas-14-04-2020-683x1024.jpg 683w, https:\/\/www.cnbb.org.br\/wp-content\/uploads\/sites\/32\/2020\/04\/administrador-apostolico-autoriza-abertura-de-igrejas-e-secretarias-paroquiais-em-maringa-celebracoes-ainda-nao-estao-autorizadas-14-04-2020-768x1152.jpg 768w, https:\/\/www.cnbb.org.br\/wp-content\/uploads\/sites\/32\/2020\/04\/administrador-apostolico-autoriza-abertura-de-igrejas-e-secretarias-paroquiais-em-maringa-celebracoes-ainda-nao-estao-autorizadas-14-04-2020-1024x1536.jpg 1024w, https:\/\/www.cnbb.org.br\/wp-content\/uploads\/sites\/32\/2020\/04\/administrador-apostolico-autoriza-abertura-de-igrejas-e-secretarias-paroquiais-em-maringa-celebracoes-ainda-nao-estao-autorizadas-14-04-2020.jpg 1365w\" alt=\"\" width=\"200\" height=\"300\" \/><\/a>A Arquidiocese de Maring\u00e1 (PR) autorizou os padres das par\u00f3quias da cidade de Maring\u00e1 a abrirem as igrejas e secretarias paroquiais. A decis\u00e3o foi tomada na \u00faltima ter\u00e7a-feira (14), ap\u00f3s delibera\u00e7\u00e3o com a prefeitura de Maring\u00e1, levando em conta a autoriza\u00e7\u00e3o do governo do Estado do Paran\u00e1.<\/p>\n<p>As celebra\u00e7\u00f5es com o p\u00fablico e reuni\u00f5es presenciais ainda n\u00e3o est\u00e3o autorizadas<strong>.<\/strong>\u00a0As pessoas poder\u00e3o ir \u00e0s igrejas para rezar individualmente, sem aglomera\u00e7\u00f5es. Atendimentos individuais tamb\u00e9m est\u00e3o permitidos.\u00a0 A entrada nas igrejas dever\u00e1 ser controlada. Todos os templos dever\u00e3o oferecer \u00e1lcool em gel e os funcion\u00e1rios das par\u00f3quias devem usar m\u00e1scaras. Leia as orienta\u00e7\u00f5es (<a href=\"http:\/\/arquidiocesedemaringa.org.br\/noticias\/1494\/administrador-apostolico-autoriza-abertura-de-igrejas-e-secretarias-paroquiais-em-maringa-celebracoes-ainda-nao-estao-autorizadas\">aqui<\/a>).<\/p>\n<p>Em Governador Valadares (MG), o bispo diocesano comunicou aos fi\u00e9is cat\u00f3licos que, a partir de segunda-feira, 20 de abril de 2020, as atividades religiosas voltar\u00e3o a acontecer, tanto na matriz como nas comunidades, desde que sejam observadas algumas determina\u00e7\u00f5es, que podem ser conferidas (<a href=\"https:\/\/diocesevaladares.com.br\/nota-de-dom-antonio-carlos-felix-bispo-de-governador-valadares\/\">aqui<\/a>).<\/p>\n<p>&nbsp;<\/p>\n","protected":false},"excerpt":{"rendered":"<p>Em alguns Estados do pa\u00eds, os Governos j\u00e1 est\u00e3o anunciando, por meio de decretos, a abertura de igrejas e autorizando as atividades religiosas, por\u00e9m, com regras de distanciamento e com 30% da capacidade de p\u00fablico. Tendo em vista essa nova realidade, a arquidiocese de Florian\u00f3polis (SC), por exemplo, divulgou na ter\u00e7a-feira, 21 de abril, novas [&hellip;]<\/p>\n","protected":false},"author":1,"featured_media":58552,"comment_status":"open","ping_status":"closed","sticky":false,"template":"","format":"standard","meta":{"footnotes":""},"categories":[7],"tags":[],"class_list":["post-58551","post","type-post","status-publish","format-standard","has-post-thumbnail","hentry","category-cnbb"],"_links":{"self":[{"href":"https:\/\/catolicanet.net\/wp-cnet\/wp-json\/wp\/v2\/posts\/58551","targetHints":{"allow":["GET"]}}],"collection":[{"href":"https:\/\/catolicanet.net\/wp-cnet\/wp-json\/wp\/v2\/posts"}],"about":[{"href":"https:\/\/catolicanet.net\/wp-cnet\/wp-json\/wp\/v2\/types\/post"}],"author":[{"embeddable":true,"href":"https:\/\/catolicanet.net\/wp-cnet\/wp-json\/wp\/v2\/users\/1"}],"replies":[{"embeddable":true,"href":"https:\/\/catolicanet.net\/wp-cnet\/wp-json\/wp\/v2\/comments?post=58551"}],"version-history":[{"count":1,"href":"https:\/\/catolicanet.net\/wp-cnet\/wp-json\/wp\/v2\/posts\/58551\/revisions"}],"predecessor-version":[{"id":58553,"href":"https:\/\/catolicanet.net\/wp-cnet\/wp-json\/wp\/v2\/posts\/58551\/revisions\/58553"}],"wp:featuredmedia":[{"embeddable":true,"href":"https:\/\/catolicanet.net\/wp-cnet\/wp-json\/wp\/v2\/media\/58552"}],"wp:attachment":[{"href":"https:\/\/catolicanet.net\/wp-cnet\/wp-json\/wp\/v2\/media?parent=58551"}],"wp:term":[{"taxonomy":"category","embeddable":true,"href":"https:\/\/catolicanet.net\/wp-cnet\/wp-json\/wp\/v2\/categories?post=58551"},{"taxonomy":"post_tag","embeddable":true,"href":"https:\/\/catolicanet.net\/wp-cnet\/wp-json\/wp\/v2\/tags?post=58551"}],"curies":[{"name":"wp","href":"https:\/\/api.w.org\/{rel}","templated":true}]}}