{"id":5855,"date":"2015-06-01T13:36:21","date_gmt":"2015-06-01T16:36:21","guid":{"rendered":"http:\/\/catolicanet.net\/wp-cnet\/o-qprimeiro-mandamentoq-da-vida-paroquial-e-a-proximidade-com-as-pessoas\/"},"modified":"2017-04-07T16:56:58","modified_gmt":"2017-04-07T19:56:58","slug":"o-qprimeiro-mandamentoq-da-vida-paroquial-e-a-proximidade-com-as-pessoas","status":"publish","type":"post","link":"https:\/\/catolicanet.net\/wp-cnet\/o-qprimeiro-mandamentoq-da-vida-paroquial-e-a-proximidade-com-as-pessoas\/","title":{"rendered":"O &#8220;primeiro mandamento&#8221; da vida paroquial \u00e9 a proximidade com as pessoas"},"content":{"rendered":"<p style=\"text-align: justify;\">Falando para o conselho pastoral de uma igreja na periferia leste de Roma, o Papa Francisco enfatizou as situa\u00e7\u00f5es dif\u00edceis que muitas pessoas est\u00e3o vivendo e ofereceu conselhos aos l\u00edderes paroquiais de como realizar o seu trabalho.<br \/>O papel principal de uma par\u00f3quia cat\u00f3lica \u00e9 praticar a proximidade com seu povo, trabalhando para atender \u00e0s suas necessidades e sempre mostrando o amor de Deus para todos, disse o Papa Francisco.<br \/>Durante o encontro com o conselho pastoral da Par\u00f3quia Santa Maria M\u00e3e do Redentor, o Papa Francisco disse ao grupo que &#8220;n\u00f3s anunciamos Jesus Cristo com gestos. Tamb\u00e9m com palavras, mas com gestos primeiro. Com proximidade&#8221;. &#8220;Estejam perto das pessoas&#8221;, exortou-os. &#8220;N\u00e3o tenham medo da proximidade. N\u00e3o tenham medo de fazer carinho: acariciem as pessoas, os doentes, os solit\u00e1rios, mesmo aqueles que merecem o t\u00edtulo de &#8216;miser\u00e1vel&#8217;: acariciem como Deus nos acaricia&#8221;.<br \/>&#8220;Para nos salvar, Deus se fez pr\u00f3ximo de n\u00f3s, fez-se um de n\u00f3s: Jesus, e ele sofreu como n\u00f3s!&#8221; disse o Papa Francisco. &#8220;Esse \u00e9 o caminho: proximidade&#8221; (*).<br \/>Para o bem-estar, crescimento, solidariedade, caridade e espiritualidade paroquial tais atitudes s\u00e3o fundamentais do p\u00e1roco como: acolhida, atendimento, visita, conselhos e ser educado e carinhoso (Tg, 3, 13.17). Duas coisas s\u00e3o essenciais para o extraordin\u00e1rio crescimento consistente da par\u00f3quia: o bom testemunho do p\u00e1roco e saber homiliar de forma excelente.<br \/>Jamais o p\u00e1roco deve ouvir esse ditado: \u201cO brilho da ferradura de vossa reverend\u00edssima me ofusca os olhos\u201d- (Autor desconhecido). Ele deve ouvir sempre o pensamento do fil\u00f3sofo grego Plat\u00e3o: \u201cTrate as pessoas com delicadeza porque a vida \u00e9 tarefa dif\u00edcil para todos\u201d.<br \/> O MAIS IMPORTANTE<br \/>Em uma s\u00e9rie de pesquisas internacionais, um hotel no sul da Alemanha obteve distin\u00e7\u00e3o como exemplo de respeito ao meio ambiente: reciclagem de lixo, economia no uso da energia, moderno e eficiente sistema de aquecimento e uso de subst\u00e2ncias naturais. Na recep\u00e7\u00e3o do hotel, h\u00e1 uma pequena porta com a seguinte inscri\u00e7\u00e3o: \u201cO que consideramos mais importante?\u201d. A maioria das pessoas abre a porta por curiosidade, esperando encontrar as mais diversas coisas. Que surpresa! Quem abre a porta se depara com um espelho. A mensagem \u00e9 clara: para o hotel o que \u00e9 mais importante de fato s\u00e3o os clientes. Ser\u00e1 que para par\u00f3quia as pessoas s\u00e3o importantes?<\/p>\n<p>(*)Fonte: Instituto Humanitas Unisinos \u2013 Not\u00edcias \u2013 Sexta-feira, 13 de mar\u00e7o de 2015.<\/p>\n","protected":false},"excerpt":{"rendered":"<p>Falando para o conselho pastoral de uma igreja na periferia leste de Roma, o Papa Francisco enfatizou as situa\u00e7\u00f5es dif\u00edceis que muitas pessoas est\u00e3o vivendo e ofereceu conselhos aos l\u00edderes paroquiais de como realizar o seu trabalho.O papel principal de uma par\u00f3quia cat\u00f3lica \u00e9 praticar a proximidade com seu povo, trabalhando para atender \u00e0s suas [&hellip;]<\/p>\n","protected":false},"author":16,"featured_media":0,"comment_status":"closed","ping_status":"closed","sticky":false,"template":"","format":"standard","meta":{"footnotes":""},"categories":[9],"tags":[],"class_list":["post-5855","post","type-post","status-publish","format-standard","hentry","category-artigos"],"_links":{"self":[{"href":"https:\/\/catolicanet.net\/wp-cnet\/wp-json\/wp\/v2\/posts\/5855","targetHints":{"allow":["GET"]}}],"collection":[{"href":"https:\/\/catolicanet.net\/wp-cnet\/wp-json\/wp\/v2\/posts"}],"about":[{"href":"https:\/\/catolicanet.net\/wp-cnet\/wp-json\/wp\/v2\/types\/post"}],"author":[{"embeddable":true,"href":"https:\/\/catolicanet.net\/wp-cnet\/wp-json\/wp\/v2\/users\/16"}],"replies":[{"embeddable":true,"href":"https:\/\/catolicanet.net\/wp-cnet\/wp-json\/wp\/v2\/comments?post=5855"}],"version-history":[{"count":1,"href":"https:\/\/catolicanet.net\/wp-cnet\/wp-json\/wp\/v2\/posts\/5855\/revisions"}],"predecessor-version":[{"id":10715,"href":"https:\/\/catolicanet.net\/wp-cnet\/wp-json\/wp\/v2\/posts\/5855\/revisions\/10715"}],"wp:attachment":[{"href":"https:\/\/catolicanet.net\/wp-cnet\/wp-json\/wp\/v2\/media?parent=5855"}],"wp:term":[{"taxonomy":"category","embeddable":true,"href":"https:\/\/catolicanet.net\/wp-cnet\/wp-json\/wp\/v2\/categories?post=5855"},{"taxonomy":"post_tag","embeddable":true,"href":"https:\/\/catolicanet.net\/wp-cnet\/wp-json\/wp\/v2\/tags?post=5855"}],"curies":[{"name":"wp","href":"https:\/\/api.w.org\/{rel}","templated":true}]}}