{"id":58547,"date":"2020-04-22T09:58:59","date_gmt":"2020-04-22T12:58:59","guid":{"rendered":"https:\/\/catolicanet.net\/wp-cnet\/?p=58547"},"modified":"2020-04-22T12:02:51","modified_gmt":"2020-04-22T15:02:51","slug":"reze-pela-saude-do-brasil-com-o-terco-da-esperanca-e-da-solidariedade-nesta-quarta-feira","status":"publish","type":"post","link":"https:\/\/catolicanet.net\/wp-cnet\/reze-pela-saude-do-brasil-com-o-terco-da-esperanca-e-da-solidariedade-nesta-quarta-feira\/","title":{"rendered":"Reze pela sa\u00fade do Brasil com o Ter\u00e7o da Esperan\u00e7a e da Solidariedade, nesta quarta-feira"},"content":{"rendered":"<p style=\"text-align: justify;\">Em comunh\u00e3o com toda a Igreja no Brasil, a Confer\u00eancia Nacional dos Bispos do Brasil (CNBB) continua sua iniciativa de ora\u00e7\u00e3o nesta quarta-feira, 22 de abril, \u00e0s 15h30. Mais uma vez ser\u00e1 formada uma corrente nacional com a ora\u00e7\u00e3o do Ter\u00e7o da Esperan\u00e7a e da Solidariedade, que ser\u00e1 transmitido pelas TVs de inspira\u00e7\u00e3o cat\u00f3lica do pa\u00eds, emissoras de r\u00e1dio e pelas p\u00e1ginas da Confer\u00eancia no Facebook e no Youtube.<\/p>\n<p style=\"text-align: justify;\">Conduzir\u00e1 o momento de ora\u00e7\u00e3o em torno da emerg\u00eancia de sa\u00fade p\u00fablica da covid-19 o arcebispo de Goi\u00e2nia, dom Washington Cruz. Tamb\u00e9m participam os bispos auxiliares de Goi\u00e2nia, dom Levi Bonatto e dom Moacir Silva Arantes. E o bispo auxiliar de An\u00e1polis (GO), dom Dilmo Franco de Campos, diretamente do Santu\u00e1rio Bas\u00edlica do Divino Pai Eterno, em Trindade (GO).<\/p>\n<blockquote><p><strong>\u201cQueremos unir nossos cora\u00e7\u00f5es pela for\u00e7a da f\u00e9, nutridos pela esperan\u00e7a, para a recita\u00e7\u00e3o do ter\u00e7o da esperan\u00e7a e da solidariedade\u201d.<\/strong><\/p><\/blockquote>\n<p style=\"text-align: justify;\">O Ter\u00e7o da Esperan\u00e7a e da Solidariedade \u00e9 uma\u00a0iniciativa da CNBB que, frente \u00e0 pandemia do novo coronav\u00edrus e em comunh\u00e3o com o Papa Francisco no compromisso de intensificar as ora\u00e7\u00f5es neste per\u00edodo, une todo o Brasil em um momento comum de ora\u00e7\u00e3o.<\/p>\n<p style=\"text-align: justify;\">Para compartilhar os momentos de ora\u00e7\u00e3o nas redes sociais use a hashtag adotada pelo Papa Francisco: #rezemosjuntos<\/p>\n<p style=\"text-align: justify;\">Acompanhe:<\/p>\n<p style=\"text-align: justify;\">www.facebook.com\/cnbbnacional<\/p>\n<p style=\"text-align: justify;\">www.youtube.com\/cnbbnacional<\/p>\n","protected":false},"excerpt":{"rendered":"<p>Em comunh\u00e3o com toda a Igreja no Brasil, a Confer\u00eancia Nacional dos Bispos do Brasil (CNBB) continua sua iniciativa de ora\u00e7\u00e3o nesta quarta-feira, 22 de abril, \u00e0s 15h30. Mais uma vez ser\u00e1 formada uma corrente nacional com a ora\u00e7\u00e3o do Ter\u00e7o da Esperan\u00e7a e da Solidariedade, que ser\u00e1 transmitido pelas TVs de inspira\u00e7\u00e3o cat\u00f3lica do [&hellip;]<\/p>\n","protected":false},"author":1,"featured_media":58549,"comment_status":"open","ping_status":"closed","sticky":false,"template":"","format":"standard","meta":{"footnotes":""},"categories":[7,13],"tags":[],"class_list":["post-58547","post","type-post","status-publish","format-standard","has-post-thumbnail","hentry","category-cnbb","category-featured"],"_links":{"self":[{"href":"https:\/\/catolicanet.net\/wp-cnet\/wp-json\/wp\/v2\/posts\/58547","targetHints":{"allow":["GET"]}}],"collection":[{"href":"https:\/\/catolicanet.net\/wp-cnet\/wp-json\/wp\/v2\/posts"}],"about":[{"href":"https:\/\/catolicanet.net\/wp-cnet\/wp-json\/wp\/v2\/types\/post"}],"author":[{"embeddable":true,"href":"https:\/\/catolicanet.net\/wp-cnet\/wp-json\/wp\/v2\/users\/1"}],"replies":[{"embeddable":true,"href":"https:\/\/catolicanet.net\/wp-cnet\/wp-json\/wp\/v2\/comments?post=58547"}],"version-history":[{"count":1,"href":"https:\/\/catolicanet.net\/wp-cnet\/wp-json\/wp\/v2\/posts\/58547\/revisions"}],"predecessor-version":[{"id":58550,"href":"https:\/\/catolicanet.net\/wp-cnet\/wp-json\/wp\/v2\/posts\/58547\/revisions\/58550"}],"wp:featuredmedia":[{"embeddable":true,"href":"https:\/\/catolicanet.net\/wp-cnet\/wp-json\/wp\/v2\/media\/58549"}],"wp:attachment":[{"href":"https:\/\/catolicanet.net\/wp-cnet\/wp-json\/wp\/v2\/media?parent=58547"}],"wp:term":[{"taxonomy":"category","embeddable":true,"href":"https:\/\/catolicanet.net\/wp-cnet\/wp-json\/wp\/v2\/categories?post=58547"},{"taxonomy":"post_tag","embeddable":true,"href":"https:\/\/catolicanet.net\/wp-cnet\/wp-json\/wp\/v2\/tags?post=58547"}],"curies":[{"name":"wp","href":"https:\/\/api.w.org\/{rel}","templated":true}]}}