{"id":58516,"date":"2020-04-20T10:58:38","date_gmt":"2020-04-20T13:58:38","guid":{"rendered":"https:\/\/catolicanet.net\/wp-cnet\/?p=58516"},"modified":"2020-04-20T10:58:38","modified_gmt":"2020-04-20T13:58:38","slug":"nomeacao-de-membros-da-pontificia-comissao-para-a-america-latina","status":"publish","type":"post","link":"https:\/\/catolicanet.net\/wp-cnet\/nomeacao-de-membros-da-pontificia-comissao-para-a-america-latina\/","title":{"rendered":"Nomea\u00e7\u00e3o de membros da Pontif\u00edcia Comiss\u00e3o para a Am\u00e9rica Latina"},"content":{"rendered":"<div class=\"article__subTitle\">Dentre as nomea\u00e7\u00f5es desta segunda-feira, encontra-se o bispo de S\u00e3o Carlos (SP), dom Paulo Cezar Costa, membro da Pontif\u00edcia Comiss\u00e3o para a Am\u00e9rica Latina (CAL).<\/div>\n<div class=\"title__separator\"><\/div>\n<div class=\"article__text\">\n<p><b>Cidade do Vaticano<\/b><\/p>\n<p>O Papa Francisco nomeou, nesta segunda-feira (20\/04), alguns membros da Pontif\u00edcia Comiss\u00e3o para a Am\u00e9rica Latina (CAL).<\/p>\n<p>S\u00e3o eles: o cardeal \u00c1lvaro Leonel Ramazzini Imeri, bispo de Huehuetenango (Guatemala), o cardeal Juan de la Caridad Garc\u00eda Rodr\u00edguez, arcebispo de Havana (Cuba), e o bispo de S\u00e3o Carlos (SP), dom Paulo Cezar Costa.<\/p>\n<\/div>\n","protected":false},"excerpt":{"rendered":"<p>Dentre as nomea\u00e7\u00f5es desta segunda-feira, encontra-se o bispo de S\u00e3o Carlos (SP), dom Paulo Cezar Costa, membro da Pontif\u00edcia Comiss\u00e3o para a Am\u00e9rica Latina (CAL). Cidade do Vaticano O Papa Francisco nomeou, nesta segunda-feira (20\/04), alguns membros da Pontif\u00edcia Comiss\u00e3o para a Am\u00e9rica Latina (CAL). S\u00e3o eles: o cardeal \u00c1lvaro Leonel Ramazzini Imeri, bispo de [&hellip;]<\/p>\n","protected":false},"author":1,"featured_media":58517,"comment_status":"open","ping_status":"closed","sticky":false,"template":"","format":"standard","meta":{"footnotes":""},"categories":[3],"tags":[],"class_list":["post-58516","post","type-post","status-publish","format-standard","has-post-thumbnail","hentry","category-vaticano"],"_links":{"self":[{"href":"https:\/\/catolicanet.net\/wp-cnet\/wp-json\/wp\/v2\/posts\/58516","targetHints":{"allow":["GET"]}}],"collection":[{"href":"https:\/\/catolicanet.net\/wp-cnet\/wp-json\/wp\/v2\/posts"}],"about":[{"href":"https:\/\/catolicanet.net\/wp-cnet\/wp-json\/wp\/v2\/types\/post"}],"author":[{"embeddable":true,"href":"https:\/\/catolicanet.net\/wp-cnet\/wp-json\/wp\/v2\/users\/1"}],"replies":[{"embeddable":true,"href":"https:\/\/catolicanet.net\/wp-cnet\/wp-json\/wp\/v2\/comments?post=58516"}],"version-history":[{"count":1,"href":"https:\/\/catolicanet.net\/wp-cnet\/wp-json\/wp\/v2\/posts\/58516\/revisions"}],"predecessor-version":[{"id":58518,"href":"https:\/\/catolicanet.net\/wp-cnet\/wp-json\/wp\/v2\/posts\/58516\/revisions\/58518"}],"wp:featuredmedia":[{"embeddable":true,"href":"https:\/\/catolicanet.net\/wp-cnet\/wp-json\/wp\/v2\/media\/58517"}],"wp:attachment":[{"href":"https:\/\/catolicanet.net\/wp-cnet\/wp-json\/wp\/v2\/media?parent=58516"}],"wp:term":[{"taxonomy":"category","embeddable":true,"href":"https:\/\/catolicanet.net\/wp-cnet\/wp-json\/wp\/v2\/categories?post=58516"},{"taxonomy":"post_tag","embeddable":true,"href":"https:\/\/catolicanet.net\/wp-cnet\/wp-json\/wp\/v2\/tags?post=58516"}],"curies":[{"name":"wp","href":"https:\/\/api.w.org\/{rel}","templated":true}]}}