{"id":58505,"date":"2020-04-20T10:48:52","date_gmt":"2020-04-20T13:48:52","guid":{"rendered":"https:\/\/catolicanet.net\/wp-cnet\/?p=58505"},"modified":"2020-04-20T10:48:52","modified_gmt":"2020-04-20T13:48:52","slug":"o-encontro-dos-discipulos-de-emaus","status":"publish","type":"post","link":"https:\/\/catolicanet.net\/wp-cnet\/o-encontro-dos-discipulos-de-emaus\/","title":{"rendered":"O ENCONTRO DOS DISC\u00cdPULOS DE EMA\u00daS"},"content":{"rendered":"<p style=\"text-align: justify;\">A apari\u00e7\u00e3o de Jesus Ressuscitado aos disc\u00edpulos de Ema\u00fas resultou na restaura\u00e7\u00e3o da f\u00e9 daqueles que estavam desiludidos diante de tudo que acontecera com o Mestre divino. (Lc 24,13-5). Eles n\u00e3o reconheceram Cristo naquele que se p\u00f4s a acompanh\u00e1-los na caminhada at\u00e9 a povoa\u00e7\u00e3o para onde se dirigiam. Todo o epis\u00f3dio apresenta um comovente modelo de evangeliza\u00e7\u00e3o. Eles mesmos disseram depois: \u201cN\u00e3o nos ardia o cora\u00e7\u00e3o no peito, quando ele nos falava pelo caminho enquanto nos explicava as Escrituras?\u201d. Receberam uma catequese sobre a f\u00e9 e a vida do crist\u00e3o. \u00c9 que eles haviam antes seguido Jesus, mas, na verdade, n\u00e3o O tinham verdadeiramente conhecido. Sua expectativa messi\u00e2nica os havia cegado tanto que eles tinham enclausurado Jesus no modelo estreito de um libertador pol\u00edtico, chefe de um reino temporal. Foi-lhes necess\u00e1ria uma explica\u00e7\u00e3o exeg\u00e9tica, uma releitura das Escrituras feitas pelo pr\u00f3prio Cristo para lhes abrir o cora\u00e7\u00e3o \u00e0 percep\u00e7\u00e3o do plano divino de salva\u00e7\u00e3o. Entretanto, foi na refei\u00e7\u00e3o na estalagem, no momento da fra\u00e7\u00e3o do p\u00e3o, \u00a0memorial da vida do Redentor, partilhado num gesto de amor, que seus olhos se abriram. Refulgiu a realidade da Palavra divina, a qual j\u00e1 os havia iluminado pelo caminho. Instante sublime quando o encontro com o Ressuscitado, atrav\u00e9s de sua Palavra partilhada e de sua vida fracionada, que provocou a ilumina\u00e7\u00e3o de sua f\u00e9. Isto animou a esperan\u00e7a deles em um novo reino instaurado pela reden\u00e7\u00e3o do Filho de Deus. Tudo isto foi tamb\u00e9m fruto do apelo que fizeram \u00e0quele peregrino num gesto grandioso de aten\u00e7\u00e3o: \u201cFica conosco porque entardece e o dia j\u00e1 est\u00e1 em decl\u00ednio\u201d. Outra mensagem maravilhosa de Cristo, pois a caridade \u00e9 condi\u00e7\u00e3o para se imergir na Palavra de Deus que deve ser vivida nas a\u00e7\u00f5es de cada dia. Miss\u00e3o cumprida, Jesus desapareceu da vista deles, mas eles estavam esclarecidos, fortificados e, ent\u00e3o imediatamente voltaram para Jerusal\u00e9m. Comunicaram o ocorrido aos onze ap\u00f3stolos que confirmaram: \u201cRealmente o Senhor ressuscitou e apareceu a Sim\u00e3o\u201d. Cl\u00e9ofas e seu companheiro confirmaram que tinham reconhecido Jesus ao partir o p\u00e3o. A experi\u00eancia que tiveram seria a de milhares de seguidores do Ressuscitado atrav\u00e9s dos tempos. Isto no cotidiano de sua vida crist\u00e3, pontilhada de uma s\u00e9rie de situa\u00e7\u00f5es e acontecimentos proporcionados por Deus, visando a viv\u00eancia plena da sua Palavra salvadora. Cumpre, de fato, aos crist\u00e3os ter olhos abertos e o cora\u00e7\u00e3o sincero para estes encontros com Deus Isto, sobretudo, nos instantes do culto eucar\u00edstico, momento solene por entre o ritmo trepidante da caminhada de cada um neste mundo. Important\u00edssimos, portanto, os instantes reservados para as Missas dominicais e tamb\u00e9m nas Visitas ao Sant\u00edssimo Sacramento. Jesus \u00e9, realmente, o companheiro de viagem rumo \u00e0 Casa do Pai. Ele sabe escutar as alegrias e sofrimentos, as esperan\u00e7as e decep\u00e7\u00f5es, a riqueza e a pobreza que constituem a experi\u00eancia da exist\u00eancia de cada um. \u00c9 preciso sempre repetir a s\u00faplica dos disc\u00edpulos de Ema\u00fas: \u201cFica conosco Senhor\u201d e viver na sua presen\u00e7a sant\u00edssima, alimentados com o P\u00e3o Eucar\u00edstico. \u00c9 preciso sentir sempre a presen\u00e7a do divino Redentor que toma a iniciativa do di\u00e1logo. O importante \u00e9 saber escut\u00e1-lo como fizeram os disc\u00edpulos de Ema\u00fas. Deste modo, o trabalho de cada dia ao inv\u00e9s de ser fonte de revolta, se torna caminho de reden\u00e7\u00e3o. A luz divina entra ent\u00e3o na vida do crist\u00e3o. Este passa a compreender como \u00e9 importante estar unido a seu Salvador nestes encontros pessoais e vivificantes com Ele. Surge a consci\u00eancia de uma miss\u00e3o que \u00e9 anunciar como \u00e9 bom estar com Jesus num testemunho de vida que arrasta os indiferentes para uma vida espiritual salutar e beatificante. Da\u00ed surgem a solidariedade, a fraternidade de todos aqueles que est\u00e3o unidos ao Ressuscitado. Trata-se de um apelo a uma vida sobrenaturalizada que se abre aos outros. Cl\u00e9ofas e seu companheiro, instru\u00eddos por Jesus e alimentados na fra\u00e7\u00e3o do p\u00e3o, foram relatar aos outros seguidores do Mestre divino tudo que lhes acontecera, firmando tamb\u00e9m a f\u00e9 daqueles que acreditavam que Jesus era o Filho de Deus. Ser testemunhas de Cristo Ressuscitado eis a\u00ed a tarefa sublime do autentico crist\u00e3o.<\/p>\n","protected":false},"excerpt":{"rendered":"<p>A apari\u00e7\u00e3o de Jesus Ressuscitado aos disc\u00edpulos de Ema\u00fas resultou na restaura\u00e7\u00e3o da f\u00e9 daqueles que estavam desiludidos diante de tudo que acontecera com o Mestre divino. (Lc 24,13-5). Eles n\u00e3o reconheceram Cristo naquele que se p\u00f4s a acompanh\u00e1-los na caminhada at\u00e9 a povoa\u00e7\u00e3o para onde se dirigiam. Todo o epis\u00f3dio apresenta um comovente modelo [&hellip;]<\/p>\n","protected":false},"author":7,"featured_media":55813,"comment_status":"open","ping_status":"closed","sticky":false,"template":"","format":"standard","meta":{"footnotes":""},"categories":[9],"tags":[],"class_list":["post-58505","post","type-post","status-publish","format-standard","has-post-thumbnail","hentry","category-artigos"],"_links":{"self":[{"href":"https:\/\/catolicanet.net\/wp-cnet\/wp-json\/wp\/v2\/posts\/58505","targetHints":{"allow":["GET"]}}],"collection":[{"href":"https:\/\/catolicanet.net\/wp-cnet\/wp-json\/wp\/v2\/posts"}],"about":[{"href":"https:\/\/catolicanet.net\/wp-cnet\/wp-json\/wp\/v2\/types\/post"}],"author":[{"embeddable":true,"href":"https:\/\/catolicanet.net\/wp-cnet\/wp-json\/wp\/v2\/users\/7"}],"replies":[{"embeddable":true,"href":"https:\/\/catolicanet.net\/wp-cnet\/wp-json\/wp\/v2\/comments?post=58505"}],"version-history":[{"count":1,"href":"https:\/\/catolicanet.net\/wp-cnet\/wp-json\/wp\/v2\/posts\/58505\/revisions"}],"predecessor-version":[{"id":58506,"href":"https:\/\/catolicanet.net\/wp-cnet\/wp-json\/wp\/v2\/posts\/58505\/revisions\/58506"}],"wp:featuredmedia":[{"embeddable":true,"href":"https:\/\/catolicanet.net\/wp-cnet\/wp-json\/wp\/v2\/media\/55813"}],"wp:attachment":[{"href":"https:\/\/catolicanet.net\/wp-cnet\/wp-json\/wp\/v2\/media?parent=58505"}],"wp:term":[{"taxonomy":"category","embeddable":true,"href":"https:\/\/catolicanet.net\/wp-cnet\/wp-json\/wp\/v2\/categories?post=58505"},{"taxonomy":"post_tag","embeddable":true,"href":"https:\/\/catolicanet.net\/wp-cnet\/wp-json\/wp\/v2\/tags?post=58505"}],"curies":[{"name":"wp","href":"https:\/\/api.w.org\/{rel}","templated":true}]}}