{"id":5846,"date":"2015-05-28T17:58:10","date_gmt":"2015-05-28T20:58:10","guid":{"rendered":"http:\/\/catolicanet.net\/wp-cnet\/papa-cristaos-mundanos-e-rigoristas-afastam-as-pessoas-de-jesus\/"},"modified":"2017-04-07T16:53:17","modified_gmt":"2017-04-07T19:53:17","slug":"papa-cristaos-mundanos-e-rigoristas-afastam-as-pessoas-de-jesus","status":"publish","type":"post","link":"https:\/\/catolicanet.net\/wp-cnet\/papa-cristaos-mundanos-e-rigoristas-afastam-as-pessoas-de-jesus\/","title":{"rendered":"Papa: crist\u00e3os mundanos e rigoristas afastam as pessoas de Jesus"},"content":{"rendered":"<p style=\"text-align: justify;\"><img decoding=\"async\" src=\"http:\/\/catolicanet.com.br\/images\/stories\/geral\/papacristaosmundanos.jpg\" border=\"0\" align=\"right\" \/>Quinta-feira, 28 de maio: na Missa em Santa Marta o Papa Francisco afirmou que existem crist\u00e3os que vivem uma rela\u00e7\u00e3o fechada e ego\u00edsta com Jesus e \u201cn\u00e3o ouvem o grito dos outros\u201d. Vivem numa atitude mundana ou rigorista que afasta as pessoas de Jesus.<\/p>\n<p>O Santo Padre comentou o Evangelho do dia e o epis\u00f3dio do cego Bartimeu, que grita por Jesus para ser curado mas \u00e9 repreendido pelos disc\u00edpulos para que se cale. O Papa Francisco recordou que os disc\u00edpulos tamb\u00e9m afastaram as crian\u00e7as \u201cpara que n\u00e3o incomodassem o Mestre\u201d. S\u00e3o comportamentos e atitudes que fecham a rela\u00e7\u00e3o com Jesus \u2013 declarou o Papa \u2013 tornando essa rela\u00e7\u00e3o ego\u00edsta e sem testemunho. Muitos deles fazem mesmo os seus neg\u00f3cios usando o povo de Deus \u2013 observou o Santo Padre que caraterizou estes dois grupos de crist\u00e3os:<\/p>\n<p>\u201cS\u00e3o crist\u00e3os de nome, crist\u00e3os de sal\u00e3o, crist\u00e3os das rece\u00e7\u00f5es, mas a sua vida interior n\u00e3o \u00e9 crist\u00e3, \u00e9 mundana. Uma pessoa que se diz crist\u00e3 e vive como um mundano, afasta aqueles que pedem ajuda a Jesus.\u201d<\/p>\n<p>\u201cDepois, h\u00e1 os rigoristas, aqueles que Jesus repreende, que colocam tantos fardos nas costas das pessoas. Em vez de responderem ao grito que pede salva\u00e7\u00e3o afastam as pessoas.\u201d<\/p>\n<p>Finalmente, h\u00e1 um terceiro grupo de crist\u00e3os que \u00e9 aquele que ajuda as pessoas a aproximarem-se de Jesus. \u00c9 o \u201cgrupo dos crist\u00e3os coerente com aquilo que cr\u00ea e vive\u201d, e que ajuda na aproxima\u00e7\u00e3o de Jesus \u00e0s pessoas que \u201cgritam pedindo salva\u00e7\u00e3o\u201d \u2013 afirmou o Papa Francisco que pediu que todos devemos fazer um exame de consci\u00eancia para entender que crist\u00e3os somos n\u00f3s: os que distanciam ou os que aproximam Jesus \u00e0s pessoas?<\/p>\n<p style=\"text-align: justify;\">\u00a0<\/p>\n<p style=\"text-align: justify;\">Fonte: R\u00e1dio Vaticano<\/p>\n","protected":false},"excerpt":{"rendered":"<p>Quinta-feira, 28 de maio: na Missa em Santa Marta o Papa Francisco afirmou que existem crist\u00e3os que vivem uma rela\u00e7\u00e3o fechada e ego\u00edsta com Jesus e \u201cn\u00e3o ouvem o grito dos outros\u201d. Vivem numa atitude mundana ou rigorista que afasta as pessoas de Jesus. O Santo Padre comentou o Evangelho do dia e o epis\u00f3dio [&hellip;]<\/p>\n","protected":false},"author":1,"featured_media":0,"comment_status":"closed","ping_status":"closed","sticky":false,"template":"","format":"standard","meta":{"footnotes":""},"categories":[3],"tags":[],"class_list":["post-5846","post","type-post","status-publish","format-standard","hentry","category-vaticano"],"_links":{"self":[{"href":"https:\/\/catolicanet.net\/wp-cnet\/wp-json\/wp\/v2\/posts\/5846","targetHints":{"allow":["GET"]}}],"collection":[{"href":"https:\/\/catolicanet.net\/wp-cnet\/wp-json\/wp\/v2\/posts"}],"about":[{"href":"https:\/\/catolicanet.net\/wp-cnet\/wp-json\/wp\/v2\/types\/post"}],"author":[{"embeddable":true,"href":"https:\/\/catolicanet.net\/wp-cnet\/wp-json\/wp\/v2\/users\/1"}],"replies":[{"embeddable":true,"href":"https:\/\/catolicanet.net\/wp-cnet\/wp-json\/wp\/v2\/comments?post=5846"}],"version-history":[{"count":1,"href":"https:\/\/catolicanet.net\/wp-cnet\/wp-json\/wp\/v2\/posts\/5846\/revisions"}],"predecessor-version":[{"id":10708,"href":"https:\/\/catolicanet.net\/wp-cnet\/wp-json\/wp\/v2\/posts\/5846\/revisions\/10708"}],"wp:attachment":[{"href":"https:\/\/catolicanet.net\/wp-cnet\/wp-json\/wp\/v2\/media?parent=5846"}],"wp:term":[{"taxonomy":"category","embeddable":true,"href":"https:\/\/catolicanet.net\/wp-cnet\/wp-json\/wp\/v2\/categories?post=5846"},{"taxonomy":"post_tag","embeddable":true,"href":"https:\/\/catolicanet.net\/wp-cnet\/wp-json\/wp\/v2\/tags?post=5846"}],"curies":[{"name":"wp","href":"https:\/\/api.w.org\/{rel}","templated":true}]}}