{"id":58453,"date":"2020-04-17T11:56:54","date_gmt":"2020-04-17T14:56:54","guid":{"rendered":"https:\/\/catolicanet.net\/wp-cnet\/?p=58453"},"modified":"2020-04-17T11:56:54","modified_gmt":"2020-04-17T14:56:54","slug":"missa-com-o-papa-no-domingo-da-misericordia-tera-transmissao-do-vatican-news","status":"publish","type":"post","link":"https:\/\/catolicanet.net\/wp-cnet\/missa-com-o-papa-no-domingo-da-misericordia-tera-transmissao-do-vatican-news\/","title":{"rendered":"Missa com o Papa no Domingo da Miseric\u00f3rdia ter\u00e1 transmiss\u00e3o do Vatican News"},"content":{"rendered":"<div class=\"article__subTitle\" style=\"text-align: justify;\">No ano 2000, o Papa Jo\u00e3o Paulo II instituiu a Festa da Divina Miseric\u00f3rdia para toda a Igreja. decretando que que o II Domingo da P\u00e1scoa passaria a se chamar Domingo da Divina Miseric\u00f3rdia.<\/div>\n<div class=\"title__separator\" style=\"text-align: justify;\"><\/div>\n<div class=\"article__text\">\n<p style=\"text-align: justify;\"><b>Vatican News<\/b><\/p>\n<p style=\"text-align: justify;\">Este ano, vig\u00e9simo anivers\u00e1rio da canoniza\u00e7\u00e3o da irm\u00e3 Faustina Kowalska e da institui\u00e7\u00e3o do Domingo da Divina Miseric\u00f3rdia, o Papa Francisco, no dia da festa, domingo 19 de abril, presidir\u00e1 a Santa Missa na Igreja\u00a0<i>Santo Spirito in Sassia<\/i>, proximidades do Vaticano, local de particular devo\u00e7\u00e3o \u00e0 Divina Miseric\u00f3rdia em Roma. A informa\u00e7\u00e3o \u00e9 da Sala de Imprensa da Santa S\u00e9.<\/p>\n<p style=\"text-align: justify;\">A Missa ser\u00e1 celebrada sem a presen\u00e7a de fi\u00e9is, e ao final, o Santo Padre recitar\u00e1 a ora\u00e7\u00e3o\u00a0<i>Regina Coeli\u00a0<\/i>da mesma igreja.<\/p>\n<p style=\"text-align: justify;\">Quer a Santa Missa como a recita\u00e7\u00e3o do\u00a0<i>Regina Coeli,\u00a0<\/i>ter\u00e3o transmiss\u00e3o\u00a0ao vivo do Vatican Media &#8211; e tamb\u00e9m no site do Vatican News, canal youtube e facebook &#8211; com coment\u00e1rios em italiano, franc\u00eas, ingl\u00eas, alem\u00e3o, espanhol, portugu\u00eas e \u00e1rabe.<\/p>\n<p style=\"text-align: justify;\">As imagens do evento ser\u00e3o distribu\u00eddas pela m\u00eddia do Vaticano para as emissoras que as solicitarem, a fim de alcan\u00e7ar os fi\u00e9is de todo o mundo.<\/p>\n<p style=\"text-align: justify;\">A celebra\u00e7\u00e3o dever\u00e1 ter in\u00edcio \u00e0s 11 horas, hor\u00e1rio local, em hor\u00e1rio ainda a ser confirmado.<\/p>\n<\/div>\n","protected":false},"excerpt":{"rendered":"<p>No ano 2000, o Papa Jo\u00e3o Paulo II instituiu a Festa da Divina Miseric\u00f3rdia para toda a Igreja. decretando que que o II Domingo da P\u00e1scoa passaria a se chamar Domingo da Divina Miseric\u00f3rdia. Vatican News Este ano, vig\u00e9simo anivers\u00e1rio da canoniza\u00e7\u00e3o da irm\u00e3 Faustina Kowalska e da institui\u00e7\u00e3o do Domingo da Divina Miseric\u00f3rdia, o [&hellip;]<\/p>\n","protected":false},"author":1,"featured_media":58454,"comment_status":"open","ping_status":"closed","sticky":false,"template":"","format":"standard","meta":{"footnotes":""},"categories":[3],"tags":[],"class_list":["post-58453","post","type-post","status-publish","format-standard","has-post-thumbnail","hentry","category-vaticano"],"_links":{"self":[{"href":"https:\/\/catolicanet.net\/wp-cnet\/wp-json\/wp\/v2\/posts\/58453","targetHints":{"allow":["GET"]}}],"collection":[{"href":"https:\/\/catolicanet.net\/wp-cnet\/wp-json\/wp\/v2\/posts"}],"about":[{"href":"https:\/\/catolicanet.net\/wp-cnet\/wp-json\/wp\/v2\/types\/post"}],"author":[{"embeddable":true,"href":"https:\/\/catolicanet.net\/wp-cnet\/wp-json\/wp\/v2\/users\/1"}],"replies":[{"embeddable":true,"href":"https:\/\/catolicanet.net\/wp-cnet\/wp-json\/wp\/v2\/comments?post=58453"}],"version-history":[{"count":1,"href":"https:\/\/catolicanet.net\/wp-cnet\/wp-json\/wp\/v2\/posts\/58453\/revisions"}],"predecessor-version":[{"id":58455,"href":"https:\/\/catolicanet.net\/wp-cnet\/wp-json\/wp\/v2\/posts\/58453\/revisions\/58455"}],"wp:featuredmedia":[{"embeddable":true,"href":"https:\/\/catolicanet.net\/wp-cnet\/wp-json\/wp\/v2\/media\/58454"}],"wp:attachment":[{"href":"https:\/\/catolicanet.net\/wp-cnet\/wp-json\/wp\/v2\/media?parent=58453"}],"wp:term":[{"taxonomy":"category","embeddable":true,"href":"https:\/\/catolicanet.net\/wp-cnet\/wp-json\/wp\/v2\/categories?post=58453"},{"taxonomy":"post_tag","embeddable":true,"href":"https:\/\/catolicanet.net\/wp-cnet\/wp-json\/wp\/v2\/tags?post=58453"}],"curies":[{"name":"wp","href":"https:\/\/api.w.org\/{rel}","templated":true}]}}