{"id":58450,"date":"2020-04-17T11:54:14","date_gmt":"2020-04-17T14:54:14","guid":{"rendered":"https:\/\/catolicanet.net\/wp-cnet\/?p=58450"},"modified":"2020-04-17T11:54:14","modified_gmt":"2020-04-17T14:54:14","slug":"o-conforto-do-papa-aos-sem-teto-de-roma","status":"publish","type":"post","link":"https:\/\/catolicanet.net\/wp-cnet\/o-conforto-do-papa-aos-sem-teto-de-roma\/","title":{"rendered":"O conforto do Papa aos sem-teto de Roma"},"content":{"rendered":"<div class=\"article__subTitle\" style=\"text-align: justify;\">O cardeal e volunt\u00e1rios entregaram sacos de dormir, alimentos, sab\u00e3o e, sobretudo, m\u00e1scaras de prote\u00e7\u00e3o.<\/div>\n<div class=\"title__separator\" style=\"text-align: justify;\"><\/div>\n<div class=\"article__text\">\n<p style=\"text-align: justify;\"><b>Vatican News<\/b><\/p>\n<p style=\"text-align: justify;\">Na tarde desta quinta-feira (16\/04), o esmoleiro do Papa, cardeal Konrad \u00a0Krajewski, levou o conforto do Santo Padre a alguns sem-teto que frequentam as proximidades da Esta\u00e7\u00e3o &#8220;Termini&#8221;, a principal esta\u00e7\u00e3o de trem da capital italiana.<\/p>\n<p>O cardeal e volunt\u00e1rios entregaram sacos de dormir, alimentos, sab\u00e3o e, sobretudo, m\u00e1scaras de prote\u00e7\u00e3o.<\/p>\n<p style=\"text-align: justify;\">\u201cTodos nos esperavam na rua Marsala (adjacente `\u00e0 esta\u00e7\u00e3o)\u201d, disse Daniele, um dos volunt\u00e1rios que acompanhavam o cardeal. \u201cTodos saudavam e agradeciam.\u201d<\/p>\n<\/div>\n","protected":false},"excerpt":{"rendered":"<p>O cardeal e volunt\u00e1rios entregaram sacos de dormir, alimentos, sab\u00e3o e, sobretudo, m\u00e1scaras de prote\u00e7\u00e3o. Vatican News Na tarde desta quinta-feira (16\/04), o esmoleiro do Papa, cardeal Konrad \u00a0Krajewski, levou o conforto do Santo Padre a alguns sem-teto que frequentam as proximidades da Esta\u00e7\u00e3o &#8220;Termini&#8221;, a principal esta\u00e7\u00e3o de trem da capital italiana. O cardeal [&hellip;]<\/p>\n","protected":false},"author":1,"featured_media":58451,"comment_status":"open","ping_status":"closed","sticky":false,"template":"","format":"standard","meta":{"footnotes":""},"categories":[3],"tags":[],"class_list":["post-58450","post","type-post","status-publish","format-standard","has-post-thumbnail","hentry","category-vaticano"],"_links":{"self":[{"href":"https:\/\/catolicanet.net\/wp-cnet\/wp-json\/wp\/v2\/posts\/58450","targetHints":{"allow":["GET"]}}],"collection":[{"href":"https:\/\/catolicanet.net\/wp-cnet\/wp-json\/wp\/v2\/posts"}],"about":[{"href":"https:\/\/catolicanet.net\/wp-cnet\/wp-json\/wp\/v2\/types\/post"}],"author":[{"embeddable":true,"href":"https:\/\/catolicanet.net\/wp-cnet\/wp-json\/wp\/v2\/users\/1"}],"replies":[{"embeddable":true,"href":"https:\/\/catolicanet.net\/wp-cnet\/wp-json\/wp\/v2\/comments?post=58450"}],"version-history":[{"count":1,"href":"https:\/\/catolicanet.net\/wp-cnet\/wp-json\/wp\/v2\/posts\/58450\/revisions"}],"predecessor-version":[{"id":58452,"href":"https:\/\/catolicanet.net\/wp-cnet\/wp-json\/wp\/v2\/posts\/58450\/revisions\/58452"}],"wp:featuredmedia":[{"embeddable":true,"href":"https:\/\/catolicanet.net\/wp-cnet\/wp-json\/wp\/v2\/media\/58451"}],"wp:attachment":[{"href":"https:\/\/catolicanet.net\/wp-cnet\/wp-json\/wp\/v2\/media?parent=58450"}],"wp:term":[{"taxonomy":"category","embeddable":true,"href":"https:\/\/catolicanet.net\/wp-cnet\/wp-json\/wp\/v2\/categories?post=58450"},{"taxonomy":"post_tag","embeddable":true,"href":"https:\/\/catolicanet.net\/wp-cnet\/wp-json\/wp\/v2\/tags?post=58450"}],"curies":[{"name":"wp","href":"https:\/\/api.w.org\/{rel}","templated":true}]}}