{"id":58430,"date":"2020-04-15T11:57:14","date_gmt":"2020-04-15T14:57:14","guid":{"rendered":"https:\/\/catolicanet.net\/wp-cnet\/?p=58430"},"modified":"2020-04-15T11:57:14","modified_gmt":"2020-04-15T14:57:14","slug":"por-que-joao-correu-mais-depressa-ao-tumulo-de-jesus-na-manha-da-ressurreicao","status":"publish","type":"post","link":"https:\/\/catolicanet.net\/wp-cnet\/por-que-joao-correu-mais-depressa-ao-tumulo-de-jesus-na-manha-da-ressurreicao\/","title":{"rendered":"Por que Jo\u00e3o \u201ccorreu mais depressa\u201d ao t\u00famulo de Jesus na manh\u00e3 da Ressurrei\u00e7\u00e3o"},"content":{"rendered":"<h2 class=\"subtitle\">\u201cH\u00e1 um sentido espiritual por tr\u00e1s disso\u201d, comenta o pe. Gabriel Vila Verde<\/h2>\n<div class=\"base-post-content\">Obelo relato evang\u00e9lico sobre a manh\u00e3 da Ressurrei\u00e7\u00e3o foi assim comentado pelo pe. Gabriel Vila Verde em seu perfil no Facebook:<\/p>\n<blockquote><p><em>O Evangelho afirma que Pedro e o outro disc\u00edpulo (Jo\u00e3o), correram para ver o t\u00famulo aberto, e diz que Jo\u00e3o correu mais depressa. Olhando com um olhar humano, a l\u00f3gica \u00e9 que Jo\u00e3o chegou primeiro por ser mais novo, mais \u00e1gil.<\/em><\/p>\n<p><em>Por\u00e9m, h\u00e1 um sentido espiritual por tr\u00e1s disso.<\/em><\/p>\n<p><em>Jo\u00e3o \u00e9 o disc\u00edpulo amado. Aquele que reclinou a cabe\u00e7a sobre o peito de Jesus; aquele que ficou aos p\u00e9s da Cruz enquanto todos fugiam; aquele que protegeu Nossa Senhora; aquele que mais amou o Mestre.<\/em><\/p>\n<p><em>Jo\u00e3o correu mais depressa por uma raz\u00e3o muito \u00f3bvia: quem mais ama, mais perto quer estar. Quem muito ama, muito quer se aproximar!<\/em><\/p><\/blockquote>\n<\/div>\n","protected":false},"excerpt":{"rendered":"<p>\u201cH\u00e1 um sentido espiritual por tr\u00e1s disso\u201d, comenta o pe. Gabriel Vila Verde Obelo relato evang\u00e9lico sobre a manh\u00e3 da Ressurrei\u00e7\u00e3o foi assim comentado pelo pe. Gabriel Vila Verde em seu perfil no Facebook: O Evangelho afirma que Pedro e o outro disc\u00edpulo (Jo\u00e3o), correram para ver o t\u00famulo aberto, e diz que Jo\u00e3o correu [&hellip;]<\/p>\n","protected":false},"author":1,"featured_media":58431,"comment_status":"open","ping_status":"closed","sticky":false,"template":"","format":"standard","meta":{"footnotes":""},"categories":[4],"tags":[],"class_list":["post-58430","post","type-post","status-publish","format-standard","has-post-thumbnail","hentry","category-cotidiano"],"_links":{"self":[{"href":"https:\/\/catolicanet.net\/wp-cnet\/wp-json\/wp\/v2\/posts\/58430","targetHints":{"allow":["GET"]}}],"collection":[{"href":"https:\/\/catolicanet.net\/wp-cnet\/wp-json\/wp\/v2\/posts"}],"about":[{"href":"https:\/\/catolicanet.net\/wp-cnet\/wp-json\/wp\/v2\/types\/post"}],"author":[{"embeddable":true,"href":"https:\/\/catolicanet.net\/wp-cnet\/wp-json\/wp\/v2\/users\/1"}],"replies":[{"embeddable":true,"href":"https:\/\/catolicanet.net\/wp-cnet\/wp-json\/wp\/v2\/comments?post=58430"}],"version-history":[{"count":1,"href":"https:\/\/catolicanet.net\/wp-cnet\/wp-json\/wp\/v2\/posts\/58430\/revisions"}],"predecessor-version":[{"id":58432,"href":"https:\/\/catolicanet.net\/wp-cnet\/wp-json\/wp\/v2\/posts\/58430\/revisions\/58432"}],"wp:featuredmedia":[{"embeddable":true,"href":"https:\/\/catolicanet.net\/wp-cnet\/wp-json\/wp\/v2\/media\/58431"}],"wp:attachment":[{"href":"https:\/\/catolicanet.net\/wp-cnet\/wp-json\/wp\/v2\/media?parent=58430"}],"wp:term":[{"taxonomy":"category","embeddable":true,"href":"https:\/\/catolicanet.net\/wp-cnet\/wp-json\/wp\/v2\/categories?post=58430"},{"taxonomy":"post_tag","embeddable":true,"href":"https:\/\/catolicanet.net\/wp-cnet\/wp-json\/wp\/v2\/tags?post=58430"}],"curies":[{"name":"wp","href":"https:\/\/api.w.org\/{rel}","templated":true}]}}