{"id":58378,"date":"2020-04-14T11:01:18","date_gmt":"2020-04-14T14:01:18","guid":{"rendered":"https:\/\/catolicanet.net\/wp-cnet\/?p=58378"},"modified":"2020-04-14T11:01:18","modified_gmt":"2020-04-14T14:01:18","slug":"pastorais-sociais-emitem-carta-sobre-fe-e-esperanca-diante-do-cenario-de-pandemia-e-crise-politica","status":"publish","type":"post","link":"https:\/\/catolicanet.net\/wp-cnet\/pastorais-sociais-emitem-carta-sobre-fe-e-esperanca-diante-do-cenario-de-pandemia-e-crise-politica\/","title":{"rendered":"Pastorais Sociais emitem carta sobre f\u00e9 e esperan\u00e7a diante do cen\u00e1rio de pandemia e crise pol\u00edtica"},"content":{"rendered":"<p style=\"text-align: justify;\">A situa\u00e7\u00e3o de milhares de pessoas no Brasil que vivem em situa\u00e7\u00e3o de vulnerabilidade social, neste tempo de pandemia, tem sido mais dif\u00edcil do que em tempos normais. Sem garantia de direitos, a popula\u00e7\u00e3o em situa\u00e7\u00e3o de rua, os encarcerados, os migrantes e refugiados, os desempregados e as comunidades de periferias que necessitam de alimenta\u00e7\u00e3o e produtos de higiene est\u00e3o sem o b\u00e1sico do b\u00e1sico.<\/p>\n<p style=\"text-align: justify;\">Diante dessa realidade, as pastorais sociais vinculadas \u00e0 Comiss\u00e3o Episcopal Pastoral para A\u00e7\u00e3o Sociotransformadora da Confer\u00eancia Nacional dos Bispos do Brasil (CNBB) emitiram uma carta de apoio diante desse momento em que o pa\u00eds est\u00e1 vivendo e chamam a aten\u00e7\u00e3o para a situa\u00e7\u00e3o dos mais vulner\u00e1veis.<\/p>\n<div id=\"attachment_236900\" class=\"wp-caption alignleft\" style=\"text-align: justify;\"><a href=\"https:\/\/www.cnbb.org.br\/wp-content\/uploads\/sites\/32\/2020\/04\/Carta-Pastorais-Sociais.png\"><img loading=\"lazy\" decoding=\"async\" class=\"wp-image-236900 \" src=\"https:\/\/www.cnbb.org.br\/wp-content\/uploads\/sites\/32\/2020\/04\/Carta-Pastorais-Sociais-214x300.png\" srcset=\"https:\/\/www.cnbb.org.br\/wp-content\/uploads\/sites\/32\/2020\/04\/Carta-Pastorais-Sociais-214x300.png 214w, https:\/\/www.cnbb.org.br\/wp-content\/uploads\/sites\/32\/2020\/04\/Carta-Pastorais-Sociais.png 426w\" alt=\"\" width=\"209\" height=\"293\" aria-describedby=\"caption-attachment-236900\" \/><\/a><\/p>\n<p id=\"caption-attachment-236900\" class=\"wp-caption-text\"><em>Reprodu\u00e7\u00e3o<\/em><\/p>\n<\/div>\n<p style=\"text-align: justify;\"><em>\u201cO momento de crise pand\u00eamica e pol\u00edtica, os sentimentos de medo e incertezas nos assolam em meio ao evento \u00e1pice da f\u00e9 crist\u00e3 \u2013 tr\u00edduo pascal \u2013 sofrimento, morte e ressurrei\u00e7\u00e3o de Jesus. E Jesus nos alerta: \u201cse algu\u00e9m me ama, guardar\u00e1 minha palavra, e meu Pai o amar\u00e1, e viremos a Ele e Nele faremos morada\u201d (Jo 14, 23). As pastorais sociais s\u00e3o express\u00e3o m\u00e1xima desse amor transbordado na cruz\u201d, ressalta o documento.<\/em><\/p>\n<p style=\"text-align: justify;\">A carta destaca ainda o trabalho de solidariedade dos religiosos, movimentos sociais, ONGs, volunt\u00e1rios e doadores que ajudam nesse momento a muitas pessoas sobreviverem.<\/p>\n<p style=\"text-align: justify;\"><em>\u201cNa certeza de que devemos seguir cuidando uns dos\/as outros\/as, da nossa espiritualidade, sem perder a ternura e a firmeza que tempos dif\u00edceis exigem. A\u00e7\u00f5es estrat\u00e9gicas e cuidadosas perpassam cada realidade de acordo a necessidade. Como nunca, precisamos fortalecer as a\u00e7\u00f5es conjuntas das pastorais sociais naquilo que for poss\u00edvel\u201d.<\/em><\/p>\n<blockquote><p><strong><em>O grupo finaliza o documento citando o poeta Henfil que diz: \u201cnenhum de n\u00f3s \u00e9 t\u00e3o bom quanto todos n\u00f3s juntos\u201d.<\/em><\/strong><\/p><\/blockquote>\n<p><strong>Leia a \u00edntegra da carta:\u00a0<a href=\"https:\/\/www.cnbb.org.br\/wp-content\/uploads\/sites\/32\/2020\/04\/Carta-das-Pastorais-Sociais-e-Parceiros.pdf\">Carta das Pastorais Sociais e Parceiros<\/a><\/strong><\/p>\n<p><em>Foto de capa: SXC.hu<\/em><\/p>\n","protected":false},"excerpt":{"rendered":"<p>A situa\u00e7\u00e3o de milhares de pessoas no Brasil que vivem em situa\u00e7\u00e3o de vulnerabilidade social, neste tempo de pandemia, tem sido mais dif\u00edcil do que em tempos normais. Sem garantia de direitos, a popula\u00e7\u00e3o em situa\u00e7\u00e3o de rua, os encarcerados, os migrantes e refugiados, os desempregados e as comunidades de periferias que necessitam de alimenta\u00e7\u00e3o [&hellip;]<\/p>\n","protected":false},"author":1,"featured_media":58379,"comment_status":"open","ping_status":"closed","sticky":false,"template":"","format":"standard","meta":{"footnotes":""},"categories":[7],"tags":[],"class_list":["post-58378","post","type-post","status-publish","format-standard","has-post-thumbnail","hentry","category-cnbb"],"_links":{"self":[{"href":"https:\/\/catolicanet.net\/wp-cnet\/wp-json\/wp\/v2\/posts\/58378","targetHints":{"allow":["GET"]}}],"collection":[{"href":"https:\/\/catolicanet.net\/wp-cnet\/wp-json\/wp\/v2\/posts"}],"about":[{"href":"https:\/\/catolicanet.net\/wp-cnet\/wp-json\/wp\/v2\/types\/post"}],"author":[{"embeddable":true,"href":"https:\/\/catolicanet.net\/wp-cnet\/wp-json\/wp\/v2\/users\/1"}],"replies":[{"embeddable":true,"href":"https:\/\/catolicanet.net\/wp-cnet\/wp-json\/wp\/v2\/comments?post=58378"}],"version-history":[{"count":1,"href":"https:\/\/catolicanet.net\/wp-cnet\/wp-json\/wp\/v2\/posts\/58378\/revisions"}],"predecessor-version":[{"id":58380,"href":"https:\/\/catolicanet.net\/wp-cnet\/wp-json\/wp\/v2\/posts\/58378\/revisions\/58380"}],"wp:featuredmedia":[{"embeddable":true,"href":"https:\/\/catolicanet.net\/wp-cnet\/wp-json\/wp\/v2\/media\/58379"}],"wp:attachment":[{"href":"https:\/\/catolicanet.net\/wp-cnet\/wp-json\/wp\/v2\/media?parent=58378"}],"wp:term":[{"taxonomy":"category","embeddable":true,"href":"https:\/\/catolicanet.net\/wp-cnet\/wp-json\/wp\/v2\/categories?post=58378"},{"taxonomy":"post_tag","embeddable":true,"href":"https:\/\/catolicanet.net\/wp-cnet\/wp-json\/wp\/v2\/tags?post=58378"}],"curies":[{"name":"wp","href":"https:\/\/api.w.org\/{rel}","templated":true}]}}