{"id":58375,"date":"2020-04-14T10:58:49","date_gmt":"2020-04-14T13:58:49","guid":{"rendered":"https:\/\/catolicanet.net\/wp-cnet\/?p=58375"},"modified":"2020-04-14T10:58:49","modified_gmt":"2020-04-14T13:58:49","slug":"dom-walmor-grava-video-em-sintonia-com-acao-solidaria-e-tempo-de-cuidar","status":"publish","type":"post","link":"https:\/\/catolicanet.net\/wp-cnet\/dom-walmor-grava-video-em-sintonia-com-acao-solidaria-e-tempo-de-cuidar\/","title":{"rendered":"Dom Walmor grava v\u00eddeo em sintonia com a\u00e7\u00e3o solid\u00e1ria \u201c\u00c9 tempo de Cuidar\u201d"},"content":{"rendered":"<p style=\"text-align: justify;\">A Confer\u00eancia Nacional dos Bispos do Brasil (CNBB) deu in\u00edcio, a partir do Domingo de P\u00e1scoa, \u00e0 A\u00e7\u00e3o Solid\u00e1ria Emergencial da Igreja no Brasil, uma iniciativa nacional que tem como lema \u2018\u00c9 tempo de cuidar\u2019 e busca estimular a solidariedade, por meio de gestos concretos, como a arrecada\u00e7\u00e3o de alimentos, produtos de higiene e limpeza. Al\u00e9m de levar ajuda material \u00e0s pessoas, a Campanha tamb\u00e9m busca promover o cuidado no campo religioso, humano e emocional.<\/p>\n<p style=\"text-align: justify;\">Em sintonia com esse prop\u00f3sito, o arcebispo de Belo Horizonte e presidente da CNBB, dom Walmor Oliveira de Azevedo, gravou um v\u00eddeo convocando a todos a viver a alegria do tempo pascal na experi\u00eancia da solidariedade. \u201c\u00c9 tempo da P\u00e1scoa. Que nossos cora\u00e7\u00f5es sejam inundados pela for\u00e7a do amor de Deus, \u00e0 luz amorosa da presen\u00e7a de Cristo ressuscitado\u201d.<\/p>\n<p style=\"text-align: justify;\">No v\u00eddeo, dom Walmor salienta que o tempo \u00e9 prop\u00edcio a reacender a esperan\u00e7a nos cora\u00e7\u00f5es por depositarmos nele grande confian\u00e7a. \u201cA P\u00e1scoa \u00e9 tempo de renova\u00e7\u00e3o pela for\u00e7a da alegria e por um novo olhar sobre a vida, lan\u00e7ando o olhar sobre o nosso mundo, sobre a nossa humanidade fragilizada, mas que nutre no cora\u00e7\u00e3o a esperan\u00e7a da vit\u00f3ria, da vida sobre a morte, porque Ele, Cristo, ressuscitou\u201d, disse.<\/p>\n<p style=\"text-align: justify;\">Na ocasi\u00e3o, dom Walmor afirmou que a alegria da P\u00e1scoa tem nomes: di\u00e1logos, solidariedade, respeito, compromisso com a vida e com o dom. \u201cPor isso mesmo a nossa Confer\u00eancia Nacional dos Bispos do Brasil atrav\u00e9s do seu organismo, a C\u00e1ritas, convoca a participa\u00e7\u00e3o na a\u00e7\u00e3o solid\u00e1ria emergencial\u201d, disse.<\/p>\n<p style=\"text-align: justify;\">O presidente da CNBB reiterou que muitos est\u00e3o precisando de ajuda e que, especialmente neste momento, todos s\u00e3o chamados de modo muito especial a percorrer o caminho de nossas ruas indo ao encontro dos pobres, para ajud\u00e1-los. \u00a0\u201cAgora \u00e9 hora de viver a alegria do tempo pascal na experi\u00eancia da solidariedade. Participe a\u00ed na sua comunidade de f\u00e9, na sua par\u00f3quia, desta a\u00e7\u00e3o bonita de toda a nossa Igreja, anunciando a alegria da P\u00e1scoa pela solidariedade com os pobres, com os enfermos, com os vulner\u00e1veis e com as fam\u00edlias que precisam do nosso apoio, da nossa palavra\u201d, convoca dom Walmor.<\/p>\n<blockquote><p><strong>\u201c\u00c9 tempo de reconstruir, de abrir um caminho novo. \u00c9 tempo de viver uma nova experi\u00eancia de solidariedade, vamos juntos dar as m\u00e3os e ir ao encontro deles, dos que necessitam mais, para assim darmos ao mundo testemunho daquilo que de fato \u00e9, a raz\u00e3o e o selo de autenticidade da nossa f\u00e9 crist\u00e3 cat\u00f3lica, abertos a todos os segmentos da sociedade e de todos aqueles que professam a f\u00e9 em Cristo e que se abrem ao amor de nosso Deus. Seja solid\u00e1rio, participe!\u201d.<\/strong><\/p><\/blockquote>\n<p>&nbsp;<\/p>\n<p>Confira o v\u00eddeo na \u00edntegra:<\/p>\n<p><iframe loading=\"lazy\" src=\"https:\/\/www.youtube.com\/embed\/cj1bS2Q3LBA?feature=oembed\" width=\"900\" height=\"506\" frameborder=\"0\" allowfullscreen=\"allowfullscreen\" data-mce-fragment=\"1\"><\/iframe><\/p>\n","protected":false},"excerpt":{"rendered":"<p>A Confer\u00eancia Nacional dos Bispos do Brasil (CNBB) deu in\u00edcio, a partir do Domingo de P\u00e1scoa, \u00e0 A\u00e7\u00e3o Solid\u00e1ria Emergencial da Igreja no Brasil, uma iniciativa nacional que tem como lema \u2018\u00c9 tempo de cuidar\u2019 e busca estimular a solidariedade, por meio de gestos concretos, como a arrecada\u00e7\u00e3o de alimentos, produtos de higiene e limpeza. [&hellip;]<\/p>\n","protected":false},"author":1,"featured_media":58376,"comment_status":"open","ping_status":"closed","sticky":false,"template":"","format":"standard","meta":{"footnotes":""},"categories":[7,13],"tags":[],"class_list":["post-58375","post","type-post","status-publish","format-standard","has-post-thumbnail","hentry","category-cnbb","category-featured"],"_links":{"self":[{"href":"https:\/\/catolicanet.net\/wp-cnet\/wp-json\/wp\/v2\/posts\/58375","targetHints":{"allow":["GET"]}}],"collection":[{"href":"https:\/\/catolicanet.net\/wp-cnet\/wp-json\/wp\/v2\/posts"}],"about":[{"href":"https:\/\/catolicanet.net\/wp-cnet\/wp-json\/wp\/v2\/types\/post"}],"author":[{"embeddable":true,"href":"https:\/\/catolicanet.net\/wp-cnet\/wp-json\/wp\/v2\/users\/1"}],"replies":[{"embeddable":true,"href":"https:\/\/catolicanet.net\/wp-cnet\/wp-json\/wp\/v2\/comments?post=58375"}],"version-history":[{"count":1,"href":"https:\/\/catolicanet.net\/wp-cnet\/wp-json\/wp\/v2\/posts\/58375\/revisions"}],"predecessor-version":[{"id":58377,"href":"https:\/\/catolicanet.net\/wp-cnet\/wp-json\/wp\/v2\/posts\/58375\/revisions\/58377"}],"wp:featuredmedia":[{"embeddable":true,"href":"https:\/\/catolicanet.net\/wp-cnet\/wp-json\/wp\/v2\/media\/58376"}],"wp:attachment":[{"href":"https:\/\/catolicanet.net\/wp-cnet\/wp-json\/wp\/v2\/media?parent=58375"}],"wp:term":[{"taxonomy":"category","embeddable":true,"href":"https:\/\/catolicanet.net\/wp-cnet\/wp-json\/wp\/v2\/categories?post=58375"},{"taxonomy":"post_tag","embeddable":true,"href":"https:\/\/catolicanet.net\/wp-cnet\/wp-json\/wp\/v2\/tags?post=58375"}],"curies":[{"name":"wp","href":"https:\/\/api.w.org\/{rel}","templated":true}]}}