{"id":58360,"date":"2020-04-13T11:51:51","date_gmt":"2020-04-13T14:51:51","guid":{"rendered":"https:\/\/catolicanet.net\/wp-cnet\/?p=58360"},"modified":"2020-04-13T11:51:51","modified_gmt":"2020-04-13T14:51:51","slug":"de-jaleco-cristo-redentor-homenageia-profissionais-da-saude","status":"publish","type":"post","link":"https:\/\/catolicanet.net\/wp-cnet\/de-jaleco-cristo-redentor-homenageia-profissionais-da-saude\/","title":{"rendered":"De jaleco, Cristo Redentor homenageia profissionais da sa\u00fade"},"content":{"rendered":"<h2 class=\"subtitle\" style=\"text-align: justify;\">Homenagem aconteceu depois da consagra\u00e7\u00e3o do Brasil aos p\u00e9s do monumento no Rio de Janeiro<\/h2>\n<div class=\"slideshow-cta\" style=\"text-align: justify;\">Clique aqui para abrir a galeria de fotos<\/div>\n<div class=\"base-post-content\">Uma apresenta\u00e7\u00e3o de\u00a0<em>video mapping<\/em>\u00a0(proje\u00e7\u00e3o de luzes que formam imagens) marcou a noite do Domingo de P\u00e1scoa no Rio de Janeiro.<\/p>\n<p style=\"text-align: justify;\">Para homenagear os profissionais de sa\u00fade que lutam na linha de frente contra a pandemia do coronav\u00edrus, as proje\u00e7\u00f5es \u201cvestiram\u201d o Cristo Redentor com jalecos semelhantes aos usados por m\u00e9dicos, enfermeiros, epidemiologistas e outros profissionais t\u00e3o importantes nesta guerra contra o inimigo invis\u00edvel.<\/p>\n<p style=\"text-align: justify;\">Imagens dos profissionais com m\u00e1scaras e estetosc\u00f3pio tamb\u00e9m foram projetadas, al\u00e9m das bandeiras de pa\u00edses que registraram casos da Covid-19. Aos p\u00e9s do Cristo, o recado que todos n\u00f3s gostar\u00edamos de dar a esses profissionais: a palavra \u201cobrigado\u201d foi projetada em v\u00e1rios idiomas. Um momento de emo\u00e7\u00e3o e reconhecimento.<\/p>\n<p style=\"text-align: justify;\">Confira as imagens:<\/p>\n<div class=\"aleteia-slideshow-cta\" style=\"text-align: justify;\"><img decoding=\"async\" src=\"https:\/\/aleteiaportuguese.files.wordpress.com\/2020\/04\/crapr1220-christ-the-redeemer-brazil-afp-000_1qk2gd.jpg?quality=100&amp;strip=all&amp;w=720\" \/><a class=\"open-gallery\" href=\"https:\/\/pt.aleteia.org\/slideshow\/homenagem-aos-profissionais-de-saude-no-cristo-redentor\/?from_post=323181\">Abrir a galeria de fotos\u00a0<\/a><\/div>\n<div class=\"nativo-inread\" style=\"text-align: justify;\"><\/div>\n<p style=\"text-align: justify;\">Voc\u00ea tamb\u00e9m pode ver como foi a homenagem atrav\u00e9s deste v\u00eddeo postado no\u00a0<a href=\"https:\/\/www.instagram.com\/cristoredentoroficial\/\" target=\"_blank\" rel=\"noopener noreferrer\">Instagram do Santu\u00e1rio do Cristo Redentor<\/a>:<\/p>\n<p><iframe id=\"instagram-embed-0\" class=\"instagram-media instagram-media-rendered\" src=\"https:\/\/www.instagram.com\/tv\/B-6E51-J4Jm\/embed\/captioned\/?cr=1&amp;v=12&amp;wp=593&amp;rd=https%3A%2F%2Fpt.aleteia.org&amp;rp=%2F2020%2F04%2F13%2Fde-jaleco-cristo-redentor-homenageia-profissionais-da-saude%2F#%7B%22ci%22%3A0%2C%22os%22%3A3090.584999999919%7D\" height=\"1159\" frameborder=\"0\" scrolling=\"no\" allowfullscreen=\"allowfullscreen\" data-instgrm-payload-id=\"instagram-media-payload-0\" data-mce-fragment=\"1\"><\/iframe><\/p>\n<p style=\"text-align: justify;\">\n<h3 style=\"text-align: justify;\">Sant\u00edssimo e Consagra\u00e7\u00e3o<\/h3>\n<p style=\"text-align: justify;\">O show de luzes e a homenagem aos profissionais de sa\u00fade aconteceram depois que o Sant\u00edssimo sobrevoou a cidade do Rio de Janeiro para aben\u00e7oar seus moradores. Aos p\u00e9s do Cristo, o Arcebispo do Rio, cardeal Dom Orani Jo\u00e3o Tempesta, tamb\u00e9m fez nova consagra\u00e7\u00e3o do Brasil. O ato foi transmitido ao vivo pelas redes sociais e canais de TV cat\u00f3licos, j\u00e1 que, para evitar aglomera\u00e7\u00f5es, o p\u00fablico n\u00e3o pode acompanhar no local.<\/p>\n<p style=\"text-align: justify;\">Abaixo, a \u00edntegra da consagra\u00e7\u00e3o feita por Dom Orani:<\/p>\n<p style=\"text-align: justify;\">\u201cSenhor Jesus, Salvador e Redentor nosso,<br \/>\nverdadeiro Deus e verdadeiro homem,<br \/>\nque sois para o mundo a \u00fanica fonte de luz, de paz,<br \/>\nde progresso e de felicidade.\u201d<\/p>\n<p style=\"text-align: justify;\">H\u00e1 noventa anos o meu predecessor, Cardeal Leme,<br \/>\nsubiu aqui no Corcovado<br \/>\npara consagrar o Brasil ao vosso Sagrado Cora\u00e7\u00e3o,<br \/>\nconsagra\u00e7\u00e3o que foi renovada muitas vezes,<br \/>\nno decorrer desses dec\u00eanios.<br \/>\nHoje, tamb\u00e9m chego aqui como peregrino,<br \/>\ntrazendo no cora\u00e7\u00e3o de pastor<br \/>\nas ang\u00fastias e esperan\u00e7as do nosso povo,<br \/>\nque se apresenta comigo diante de V\u00f3s,<br \/>\nclama por dias melhores e sonha com novos tempos.<\/p>\n<p style=\"text-align: justify;\">Subindo agora este \u201cmonte pascoal\u201d,<br \/>\nqueremos vos consagrar a Terra de Santa Cruz,<br \/>\ncomo foi chamada a nossa na\u00e7\u00e3o,<br \/>\nnaquela 4\u00aa feira de P\u00e1scoa \u2013 dia 22 de abril de 1500).<\/p>\n<p style=\"text-align: justify;\">Hoje \u00e9 Domingo de P\u00e1scoa:<br \/>\nacolhemos a maior not\u00edcia j\u00e1 veiculada no mundo:<br \/>\na morte foi vencida<br \/>\ne estais ressuscitado no meio de n\u00f3s, Aleluia!<br \/>\nE para que esta consagra\u00e7\u00e3o<br \/>\nseja realmente eficaz e duradoura,<br \/>\ntamb\u00e9m renovamos hoje, aqui aos vossos p\u00e9s,<br \/>\nas promessas do nosso batismo.<\/p>\n<p style=\"text-align: justify;\">\u00d3 Cristo Redentor dos homens,<br \/>\nj\u00e1 se passaram dois mil anos desde aquele momento,<br \/>\nquando, abrindo vossos bra\u00e7os clamastes em alta voz:<br \/>\n\u201cVinde a mim, todos v\u00f3s, e eu vos aliviarei!<br \/>\nAprendei de mim que sou manso e humilde de cora\u00e7\u00e3o!\u201d<br \/>\n(cf. Mt 11, 28-30).<\/p>\n<p style=\"text-align: justify;\">Para manifestar que nosso povo<br \/>\nVos reconhece como seu \u00fanico Rei e Senhor<br \/>\nfoi aqui, neste alto,<br \/>\nentronizada esta vossa imagem,<br \/>\nde bra\u00e7os abertos sobre a Ba\u00eda da Guanabara,<br \/>\nsobre o Brasil e sobre o mundo,<br \/>\nrepetindo o mesmo convite:<br \/>\n\u201cVinde a mim! Aprendei de mim!\u201d<\/p>\n<p style=\"text-align: justify;\">Aqui viemos Senhor,<br \/>\nneste local simb\u00f3lico para nosso pa\u00eds,<br \/>\ntrazendo nossas vidas e sonhos.<br \/>\nPor isto, neste momento t\u00e3o dif\u00edcil<br \/>\npelo qual passa o mundo inteiro,<br \/>\nvenho neste Solene Domingo de P\u00e1scoa,<br \/>\nprostrado aos vossos p\u00e9s,<br \/>\njunto com todo o povo clamar:<\/p>\n<p style=\"text-align: justify;\">\u201cEis-nos aqui, Senhor!,<br \/>\nvinde em nosso aux\u00edlio e salvai-nos!\u201d.<br \/>\nSim, n\u00f3s brasileiros queremos,<br \/>\nmais uma vez,<br \/>\nnos abrigar debaixo da prote\u00e7\u00e3o de vossos bra\u00e7os,<br \/>\nentregar-nos ao Vosso Sagrado Cora\u00e7\u00e3o,<br \/>\nmanso e humilde,<br \/>\ne depositar em Vosso lado aberto,<br \/>\nque \u00e9 fonte de salva\u00e7\u00e3o,<br \/>\na s\u00faplica pela prote\u00e7\u00e3o de nossas fam\u00edlias e lares.<\/p>\n<p style=\"text-align: justify;\">Reconhecemos nossas infidelidades,<br \/>\nmas confiamos na vossa miseric\u00f3rdia<br \/>\ne nos colocamos solid\u00e1rios com todos,<br \/>\nespecialmente com os que passam pela tribula\u00e7\u00e3o<br \/>\ne os que sofrem com a doen\u00e7a, a mis\u00e9ria e a fome.<\/p>\n<p style=\"text-align: justify;\">Nosso povo demonstra seu cora\u00e7\u00e3o generoso,<br \/>\nem meio a tantas dores,<br \/>\npartilhando uns com os outros o necess\u00e1rio para a vida,<br \/>\nespecialmente a esperan\u00e7a de um amanh\u00e3 melhor,<br \/>\nporque confiamos totalmente em V\u00f3s<br \/>\ne sabemos que n\u00e3o seremos decepcionados.<br \/>\nSomos um povo de esperan\u00e7a<br \/>\nque se traduz em atitudes de caridade porque temos f\u00e9.<\/p>\n<p style=\"text-align: justify;\">Nestes tempos de pandemia,<br \/>\ns\u00e3o tantos os brasileiros que devem permanecer em casa,<br \/>\ne tamb\u00e9m outros que saem para trabalhar,<br \/>\nnos servi\u00e7os essenciais,<br \/>\nespecialmente os profissionais da sa\u00fade.<br \/>\nProtegei a todos com vosso divino amor,<br \/>\nvos suplicamos.<br \/>\nN\u00f3s nos aconchegamos ao vosso Cora\u00e7\u00e3o<br \/>\ncom todas as nossas fam\u00edlias.<\/p>\n<p style=\"text-align: justify;\">Senhor Jesus Cristo, Redentor do mundo,<br \/>\ndiante de vossa presen\u00e7a sacramental<br \/>\ne contemplando a vossa imagem,<br \/>\ns\u00edmbolo de nossa na\u00e7\u00e3o,<br \/>\neis aos vossos p\u00e9s o Brasil, a Terra de Santa Cruz,<br \/>\nque novamente se consagra solenemente<br \/>\nao vosso Cora\u00e7\u00e3o Sacrat\u00edssimo<br \/>\ne vos reconhece, para sempre,<br \/>\npor seu \u00fanico Rei e Senhor\u201d,<br \/>\na fim de obter dias seguros com vida em abund\u00e2ncia,<br \/>\nseguran\u00e7a e paz constante.<\/p>\n<p style=\"text-align: justify;\">Jesus, deste lugar,<br \/>\nnosso Santu\u00e1rio Arquidiocesano,<br \/>\nn\u00f3s Vos pedimos<br \/>\naben\u00e7oai o nosso Brasil!<br \/>\nAben\u00e7oai o Mundo<br \/>\ne livrai-nos de todos os males!<\/p>\n<p style=\"text-align: justify;\">Assim seja para sempre<br \/>\nAm\u00e9m.\u201d<\/p>\n<\/div>\n","protected":false},"excerpt":{"rendered":"<p>Homenagem aconteceu depois da consagra\u00e7\u00e3o do Brasil aos p\u00e9s do monumento no Rio de Janeiro Clique aqui para abrir a galeria de fotos Uma apresenta\u00e7\u00e3o de\u00a0video mapping\u00a0(proje\u00e7\u00e3o de luzes que formam imagens) marcou a noite do Domingo de P\u00e1scoa no Rio de Janeiro. Para homenagear os profissionais de sa\u00fade que lutam na linha de frente [&hellip;]<\/p>\n","protected":false},"author":1,"featured_media":58361,"comment_status":"open","ping_status":"closed","sticky":false,"template":"","format":"standard","meta":{"footnotes":""},"categories":[13],"tags":[],"class_list":["post-58360","post","type-post","status-publish","format-standard","has-post-thumbnail","hentry","category-featured"],"_links":{"self":[{"href":"https:\/\/catolicanet.net\/wp-cnet\/wp-json\/wp\/v2\/posts\/58360","targetHints":{"allow":["GET"]}}],"collection":[{"href":"https:\/\/catolicanet.net\/wp-cnet\/wp-json\/wp\/v2\/posts"}],"about":[{"href":"https:\/\/catolicanet.net\/wp-cnet\/wp-json\/wp\/v2\/types\/post"}],"author":[{"embeddable":true,"href":"https:\/\/catolicanet.net\/wp-cnet\/wp-json\/wp\/v2\/users\/1"}],"replies":[{"embeddable":true,"href":"https:\/\/catolicanet.net\/wp-cnet\/wp-json\/wp\/v2\/comments?post=58360"}],"version-history":[{"count":1,"href":"https:\/\/catolicanet.net\/wp-cnet\/wp-json\/wp\/v2\/posts\/58360\/revisions"}],"predecessor-version":[{"id":58362,"href":"https:\/\/catolicanet.net\/wp-cnet\/wp-json\/wp\/v2\/posts\/58360\/revisions\/58362"}],"wp:featuredmedia":[{"embeddable":true,"href":"https:\/\/catolicanet.net\/wp-cnet\/wp-json\/wp\/v2\/media\/58361"}],"wp:attachment":[{"href":"https:\/\/catolicanet.net\/wp-cnet\/wp-json\/wp\/v2\/media?parent=58360"}],"wp:term":[{"taxonomy":"category","embeddable":true,"href":"https:\/\/catolicanet.net\/wp-cnet\/wp-json\/wp\/v2\/categories?post=58360"},{"taxonomy":"post_tag","embeddable":true,"href":"https:\/\/catolicanet.net\/wp-cnet\/wp-json\/wp\/v2\/tags?post=58360"}],"curies":[{"name":"wp","href":"https:\/\/api.w.org\/{rel}","templated":true}]}}