{"id":5834,"date":"2015-05-21T16:28:07","date_gmt":"2015-05-21T19:28:07","guid":{"rendered":"http:\/\/catolicanet.net\/wp-cnet\/cardeal-turkson-e-necessaria-uma-conversao-ecologica\/"},"modified":"2017-04-07T16:48:40","modified_gmt":"2017-04-07T19:48:40","slug":"cardeal-turkson-e-necessaria-uma-conversao-ecologica","status":"publish","type":"post","link":"https:\/\/catolicanet.net\/wp-cnet\/cardeal-turkson-e-necessaria-uma-conversao-ecologica\/","title":{"rendered":"Cardeal Turkson: \u00e9 necess\u00e1ria uma convers\u00e3o ecol\u00f3gica"},"content":{"rendered":"<p style=\"text-align: justify;\"><img decoding=\"async\" src=\"http:\/\/catolicanet.com.br\/images\/stories\/geral\/clima.jpg\" border=\"0\" align=\"left\" \/>\u00c9 necess\u00e1ria uma \u201cconvers\u00e3o ecol\u00f3gica\u201d do ser humano \u2013 quem o afirmou foi o Cardeal Peter Turkson, Presidente do Conselho Pontif\u00edcio Justi\u00e7a e Paz, nesta quarta-feira dia 20 de maio, na apresenta\u00e7\u00e3o em Roma, do relat\u00f3rio da Comiss\u00e3o Mundial sobre Economia e Clima. Um evento promovido pela Embaixada da Holanda junto da Santa S\u00e9.<\/p>\n<p>Gratid\u00e3o e obriga\u00e7\u00e3o de proteger o ambiente s\u00e3o os deveres do ser humano para com a cria\u00e7\u00e3o. A Terra e os seus recursos devem ser salvaguardados e acess\u00edveis a todos, incluindo os pobres e as novas gera\u00e7\u00f5es \u2013 sublinhou o Cardeal Turkson que definiu em declara\u00e7\u00f5es \u00e0 R\u00e1dio Vaticano o que \u00e9 a convers\u00e3o ecol\u00f3gica:<\/p>\n<p>\u201cA convers\u00e3o ecol\u00f3gica \u00e9 precisamente uma convers\u00e3o da maneira como nos comportamos em rela\u00e7\u00e3o \u00e0 cria\u00e7\u00e3o e ao ambiente. Portanto, a convers\u00e3o ecol\u00f3gica \u00e9 a convers\u00e3o do cora\u00e7\u00e3o da pessoa em rela\u00e7\u00e3o ao ambiente. E a vida dos homens depende do ambiente.\u201d<\/p>\n<p>O purpurado gan\u00eas afirmou ainda que \u00e9 preciso \u201cencorajar o mundo empresarial a reconhecer que a quest\u00e3o das mudan\u00e7as clim\u00e1ticas n\u00e3o significa o fim da empresa. A empresa \u00e9 destinada a produzir. Portanto, que estes produtos sejam bons e respondam \u00e0s necessidades das pessoas, \u00e0s exig\u00eancias das pessoas e n\u00e3o ao lucro\u201d.<\/p>\n<p style=\"text-align: justify;\">Fonte: R\u00e1dio Vaticano<\/p>\n","protected":false},"excerpt":{"rendered":"<p>\u00c9 necess\u00e1ria uma \u201cconvers\u00e3o ecol\u00f3gica\u201d do ser humano \u2013 quem o afirmou foi o Cardeal Peter Turkson, Presidente do Conselho Pontif\u00edcio Justi\u00e7a e Paz, nesta quarta-feira dia 20 de maio, na apresenta\u00e7\u00e3o em Roma, do relat\u00f3rio da Comiss\u00e3o Mundial sobre Economia e Clima. Um evento promovido pela Embaixada da Holanda junto da Santa S\u00e9. Gratid\u00e3o [&hellip;]<\/p>\n","protected":false},"author":1,"featured_media":0,"comment_status":"closed","ping_status":"closed","sticky":false,"template":"","format":"standard","meta":{"footnotes":""},"categories":[4],"tags":[],"class_list":["post-5834","post","type-post","status-publish","format-standard","hentry","category-cotidiano"],"_links":{"self":[{"href":"https:\/\/catolicanet.net\/wp-cnet\/wp-json\/wp\/v2\/posts\/5834","targetHints":{"allow":["GET"]}}],"collection":[{"href":"https:\/\/catolicanet.net\/wp-cnet\/wp-json\/wp\/v2\/posts"}],"about":[{"href":"https:\/\/catolicanet.net\/wp-cnet\/wp-json\/wp\/v2\/types\/post"}],"author":[{"embeddable":true,"href":"https:\/\/catolicanet.net\/wp-cnet\/wp-json\/wp\/v2\/users\/1"}],"replies":[{"embeddable":true,"href":"https:\/\/catolicanet.net\/wp-cnet\/wp-json\/wp\/v2\/comments?post=5834"}],"version-history":[{"count":1,"href":"https:\/\/catolicanet.net\/wp-cnet\/wp-json\/wp\/v2\/posts\/5834\/revisions"}],"predecessor-version":[{"id":10695,"href":"https:\/\/catolicanet.net\/wp-cnet\/wp-json\/wp\/v2\/posts\/5834\/revisions\/10695"}],"wp:attachment":[{"href":"https:\/\/catolicanet.net\/wp-cnet\/wp-json\/wp\/v2\/media?parent=5834"}],"wp:term":[{"taxonomy":"category","embeddable":true,"href":"https:\/\/catolicanet.net\/wp-cnet\/wp-json\/wp\/v2\/categories?post=5834"},{"taxonomy":"post_tag","embeddable":true,"href":"https:\/\/catolicanet.net\/wp-cnet\/wp-json\/wp\/v2\/tags?post=5834"}],"curies":[{"name":"wp","href":"https:\/\/api.w.org\/{rel}","templated":true}]}}