{"id":5831,"date":"2015-05-15T03:00:00","date_gmt":"2015-05-15T06:00:00","guid":{"rendered":"http:\/\/catolicanet.net\/wp-cnet\/solidao-e-silencio\/"},"modified":"2017-04-07T16:42:40","modified_gmt":"2017-04-07T19:42:40","slug":"solidao-e-silencio","status":"publish","type":"post","link":"https:\/\/catolicanet.net\/wp-cnet\/solidao-e-silencio\/","title":{"rendered":"Solid\u00e3o e Sil\u00eancio"},"content":{"rendered":"<p style=\"text-align: center;\"> <strong> \u201cProcurai viver sempre no sil\u00eancio e na esperan\u00e7a\u201d.<\/strong><\/p>\n<p style=\"text-align: justify;\">\u00a0<\/p>\n<p style=\"text-align: justify;\">Santa Teresa de \u00c1vila<br \/> M\u00edstica e Doutora da Igreja\u00a0\u00a0\u00a0\u00a0\u00a0\u00a0\u00a0\u00a0\u00a0\u00a0\u00a0\u00a0\u00a0\u00a0\u00a0\u00a0\u00a0\u00a0\u00a0\u00a0\u00a0\u00a0\u00a0\u00a0\u00a0\u00a0 <\/p>\n<p>Vivemos em uma sociedade p\u00f3s-moderna, onde reina o hedonismo, o narcisismo, relativismo, subjetivismo e o consumismo. Os valores crist\u00e3os\u00a0 est\u00e3o sendo detonados.\u00a0\u00a0\u00a0 Na sociedade p\u00f3s-moderna com seu pluralismo, os elementos sadios est\u00e3o paulatinamente deteriorando.<\/p>\n<p>A nossa sociedade est\u00e1 bastante doente devido \u00e0 primazia que se d\u00e1 ao monstro do barulho. Vivemos em uma zoada danada que nos leva a neurose. O sistema pensou e continua pensando e trabalhando para eliminar a riqueza da solid\u00e3o, do sil\u00eancio, da medita\u00e7\u00e3o e da ora\u00e7\u00e3o. <\/p>\n<p>A nossa sociedade alienada e manipulada tem medo da solid\u00e3o. Quando se fala de solid\u00e3o, \u00e9 entendido por muitos como doen\u00e7a psicol\u00f3gica ou algo muito esquisito. Solid\u00e3o n\u00e3o tem nada haver em ser solit\u00e1rio e nem t\u00e3o pouco com o fator patol\u00f3gico. Assim tamb\u00e9m o sil\u00eancio n\u00e3o tem nada haver com o mutismo. Na ascese da espiritualidade crist\u00e3 a solid\u00e3o n\u00e3o \u00e9 isolamento e nem pris\u00e3o, \u00e9, sim, a total liberdade do corpo, da mente e da alma. \u00c9 o gozo e a felicidade abissal da gra\u00e7a em viver tal voca\u00e7\u00e3o. O sil\u00eancio \u00e9 o estado da alma na escuta profunda da transcend\u00eancia divina. Esse sil\u00eancio \u00e9 o canal interior da melodia angelical e o louvor celestial que musicaliza todo o nosso ser. No sil\u00eancio como na solid\u00e3o estamos muito bem acompanhados com a Sant\u00edssima Trindade e as mir\u00edades angelicais.<\/p>\n<p>A solid\u00e3o, o sil\u00eancio e a contempla\u00e7\u00e3o s\u00e3o pr\u00e1ticas da rica espiritualidade crist\u00e3. Nessa dimens\u00e3o encontramos a cura para a alma e do corpo, o profundo conhecimento de n\u00f3s mesmos, do pr\u00f3ximo e a intimidade ardente com o Senhor Deus.<\/p>\n<p>A solid\u00e3o m\u00edstica esta\u00a0 abissalmente no ser humano faminto de Deus. <\/p>\n<p> <strong> SOLID\u00c3O POSITIVA E NEGATIVA<\/strong><\/p>\n<p>As duas alcan\u00e7am pessoas de todas as idades, ra\u00e7as, camadas sociais e religi\u00f5es.<\/p>\n<p>A negativa \u00e9 a fuga da realidade. \u00c9 a ignor\u00e2ncia dos acontecimentos de si mesmo e de tudo que est\u00e1 ao seu redor. A solid\u00e3o negativa \u00e9 um sentimento muito denso, que pode se tornar bastante cruel. Provoca uma sensa\u00e7\u00e3o de vazio, de isolamento, de esquecimento, de humilha\u00e7\u00e3o, de estar fora do conv\u00edvio de outras pessoas. A pessoa se sente assustadas e vulner\u00e1veis a outras mazelas. <\/p>\n<p>A solid\u00e3o contragosto que causa ang\u00fastia, melancolia e \u00e9 persistente, deve-se procurar ajuda de um profissional. \u00a0\u00a0\u00a0 Pessoas que sofrem por causa da solid\u00e3o, precisam de algu\u00e9m que seja sens\u00edvel as suas emo\u00e7\u00f5es e seus problemas. \u00a0\u00a0\u00a0 As dificuldades, particularidades e as condi\u00e7\u00f5es caracterizam diferentes efeitos em cada pessoa. N\u00e3o \u00e9 f\u00e1cil conviver com os sentimentos agudos da solid\u00e3o. Devemos ter paci\u00eancia, conhecimento, amor, esperan\u00e7a e cura. <\/p>\n<p> <strong> A SOLID\u00c3O POSITIVA<\/strong><\/p>\n<p>Viver a solid\u00e3o, n\u00e3o significa viver solit\u00e1rio. Algu\u00e9m pode est\u00e1 no meio de uma multid\u00e3o e se sentir sozinho. Tem pessoas que convivem em fam\u00edlia, com amigos no trabalho, na comunidade, no entanto, se sentem solit\u00e1rios e infelizes.<\/p>\n<p>H\u00e1 uma voca\u00e7\u00e3o especial para o sil\u00eancio e a solid\u00e3o. Que o digam os \u201cMonges Cartuxos\u201d. Estes monges t\u00eam o mist\u00e9rio do sil\u00eancio e da solid\u00e3o. <\/p>\n<p>A solid\u00e3o, consciente, vocacional e espiritual \u00e9 a fonte profunda da felicidade aqui e eterna.<br \/> Claro, quando eu falo da solid\u00e3o, do sil\u00eancio, da medita\u00e7\u00e3o, da ora\u00e7\u00e3o, falo de uma teologia mon\u00e1stica da tradi\u00e7\u00e3o crist\u00e3. \u00c9 \u00f3bvio, que essa riqueza da espiritualidade mon\u00e1stica n\u00e3o fica restrita somente aos monges. <\/p>\n<p>T\u00e3o grande que \u00e9 e esplendorosa no seu patrim\u00f4nio, tem o poder de alimentar o mundo inteiro.<\/p>\n<p>Realmente, como esse tesouro ainda \u00e9 pouco descoberto. Quem\u00a0 j\u00e1 fez retiro do sil\u00eancio? Quem j\u00e1 fez uma experi\u00eancia de solid\u00e3o com o Deus? Quem buscou a contempla\u00e7\u00e3o?<\/p>\n<p>A solid\u00e3o \u00e9 transcendental. Temos muito a descobri-la. O tempo \u00e9 eterno e a solid\u00e3o com Deus tamb\u00e9m. Aqui est\u00e1 toda alegria, desejo e o prazer da alma.<\/p>\n<p>Diz S\u00e3o Jo\u00e3o da Cruz: \u201cPara se progredir, o que mais se necessita \u00e9 saber calar diante de Deus&#8230; a linguagem que ele melhor ouve \u00e9 a do sil\u00eancio de amor\u201d. <\/p>\n<p> <strong>CONCLUS\u00c3O <\/strong><\/p>\n<p>A nossa sociedade precisa aprender a terapia do sil\u00eancio. \u00a0\u00a0\u00a0 Necessita da pr\u00e1tica curativa da solid\u00e3o. Muitas desgra\u00e7as e mortes s\u00e3o causadas pelo motivo de muito falar e o barulhar. A nossa sociedade vive a patologia da zoada e da arenga.<\/p>\n<p>Quem tem consci\u00eancia dessas mazelas, procura se salvar na colossal dimens\u00e3o da gl\u00f3ria crist\u00e3 do sil\u00eancio e da solid\u00e3o. <\/p>\n<p> \u201cJesus subiu\u00a0 ao monte, a fim de orar a s\u00f3s. Ao chegar a tarde, estava ali, sozinho\u201d (Mt 14,23). <\/p>\n<p> Parece paradoxal. Ficarmos sozinhos com a Sant\u00edssima Trindade, os anjos e os santos? \u00a0\u00a0\u00a0 Eis aqui o mist\u00e9rio da m\u00edstica do sil\u00eancio e da solid\u00e3o. \u00a0\u00a0\u00a0 Nessa espiritualidade, o estar sozinho \u00e9 estar super acompanhado. <\/p>\n<p>A pessoa pode estar sozinha por tempo indeterminado e amar ardentemente o que faz sem se sentir solit\u00e1ria em nenhum momento de sua vida.\u00a0\u00a0\u00a0 \u00c9 esse amor ao sil\u00eancio que se torna mais eloq\u00fcente do que qualquer serm\u00e3o de um erudito. O sil\u00eancio \u00e9 a mais perfeita comunica\u00e7\u00e3o do que \u00e9 mais belo, que canta e encanta. A solid\u00e3o \u00e9 atra\u00e7\u00e3o que converte e leva o ser humano na mais pura comunh\u00e3o e salva\u00e7\u00e3o.<\/p>\n<p>\u00c9 na solid\u00e3o e no sil\u00eancio que encontramos todo bem para nossa vida espiritual. \u201cAlgu\u00e9m anda ao nosso lado silenciosamente fazendo arder o nosso cora\u00e7\u00e3o&#8230;\u201d<\/p>\n","protected":false},"excerpt":{"rendered":"<p>\u201cProcurai viver sempre no sil\u00eancio e na esperan\u00e7a\u201d. \u00a0 Santa Teresa de \u00c1vila M\u00edstica e Doutora da Igreja\u00a0\u00a0\u00a0\u00a0\u00a0\u00a0\u00a0\u00a0\u00a0\u00a0\u00a0\u00a0\u00a0\u00a0\u00a0\u00a0\u00a0\u00a0\u00a0\u00a0\u00a0\u00a0\u00a0\u00a0\u00a0\u00a0 Vivemos em uma sociedade p\u00f3s-moderna, onde reina o hedonismo, o narcisismo, relativismo, subjetivismo e o consumismo. Os valores crist\u00e3os\u00a0 est\u00e3o sendo detonados.\u00a0\u00a0\u00a0 Na sociedade p\u00f3s-moderna com seu pluralismo, os elementos sadios est\u00e3o paulatinamente deteriorando. A nossa sociedade [&hellip;]<\/p>\n","protected":false},"author":16,"featured_media":0,"comment_status":"closed","ping_status":"closed","sticky":false,"template":"","format":"standard","meta":{"footnotes":""},"categories":[9],"tags":[],"class_list":["post-5831","post","type-post","status-publish","format-standard","hentry","category-artigos"],"_links":{"self":[{"href":"https:\/\/catolicanet.net\/wp-cnet\/wp-json\/wp\/v2\/posts\/5831","targetHints":{"allow":["GET"]}}],"collection":[{"href":"https:\/\/catolicanet.net\/wp-cnet\/wp-json\/wp\/v2\/posts"}],"about":[{"href":"https:\/\/catolicanet.net\/wp-cnet\/wp-json\/wp\/v2\/types\/post"}],"author":[{"embeddable":true,"href":"https:\/\/catolicanet.net\/wp-cnet\/wp-json\/wp\/v2\/users\/16"}],"replies":[{"embeddable":true,"href":"https:\/\/catolicanet.net\/wp-cnet\/wp-json\/wp\/v2\/comments?post=5831"}],"version-history":[{"count":1,"href":"https:\/\/catolicanet.net\/wp-cnet\/wp-json\/wp\/v2\/posts\/5831\/revisions"}],"predecessor-version":[{"id":10682,"href":"https:\/\/catolicanet.net\/wp-cnet\/wp-json\/wp\/v2\/posts\/5831\/revisions\/10682"}],"wp:attachment":[{"href":"https:\/\/catolicanet.net\/wp-cnet\/wp-json\/wp\/v2\/media?parent=5831"}],"wp:term":[{"taxonomy":"category","embeddable":true,"href":"https:\/\/catolicanet.net\/wp-cnet\/wp-json\/wp\/v2\/categories?post=5831"},{"taxonomy":"post_tag","embeddable":true,"href":"https:\/\/catolicanet.net\/wp-cnet\/wp-json\/wp\/v2\/tags?post=5831"}],"curies":[{"name":"wp","href":"https:\/\/api.w.org\/{rel}","templated":true}]}}