{"id":58309,"date":"2020-04-10T10:54:34","date_gmt":"2020-04-10T13:54:34","guid":{"rendered":"https:\/\/catolicanet.net\/wp-cnet\/?p=58309"},"modified":"2020-04-10T10:54:34","modified_gmt":"2020-04-10T13:54:34","slug":"comungar-o-seu-corpo-e-o-seu-sangue-morrendo-com-ele-saindo-da-terra-e-voando-para-o-ceu","status":"publish","type":"post","link":"https:\/\/catolicanet.net\/wp-cnet\/comungar-o-seu-corpo-e-o-seu-sangue-morrendo-com-ele-saindo-da-terra-e-voando-para-o-ceu\/","title":{"rendered":"Comungar o Seu Corpo e o Seu Sangue, morrendo com Ele, saindo da terra e voando para o C\u00e9u"},"content":{"rendered":"<div class=\"article__subTitle\">Jesus agonizou na Cruz por aproximadamente seis horas. Durante as \u00faltimas tr\u00eas, do meio-dia \u00e0s tr\u00eas da tarde, uma escurid\u00e3o cobriu &#8220;toda a terra&#8221;. Quando Jesus expirou, houve um terremoto, t\u00famulos se abriram e a cortina do Templo rasgou-se cima at\u00e9 embaixo. Jos\u00e9 de Arimateia, um membro do Sin\u00e9drio e seguidor de Jesus em segredo, foi at\u00e9 Pilatos e pediu o corpo de Jesus para que fosse sepultado. Outro seguidor de Jesus em segredo e tamb\u00e9m membro do Sin\u00e9drio, Nicodemos, foi com Jos\u00e9 de Arimateia para ajudar a retirar o corpo da Cruz. Por\u00e9m, Pilatos pediu que o centuri\u00e3o que estava de guarda confirmasse que Jesus estava morto e um soldado abriu-lhe o lado com uma lan\u00e7a e jorrou sangue e \u00e1gua.<\/div>\n<div class=\"title__separator\"><\/div>\n<div class=\"article__text\">\n<p><b>Vatican News<\/b><\/p>\n<p>&#8220;<i>Ele me fez reconquistar a felicidade perdida da casa de meu Pai. Por isso, neste dia em que o meu Cristo, tendo amado os seus que estavam no mundo amou-me at\u00e9 o fim, amou-me at\u00e9 a morte, ajudai-me Senhor, a me deixar lavar no seu Sangue Precios\u00edssimo<\/i>\u201d.<\/p>\n<p>Nesta Sexta-feira da Paix\u00e3o, nos traz uma reflex\u00e3o\u00a0<b>padre Paulo de Souza OSB<\/b>, monge do Mosteiro de S\u00e3o Geraldo de S\u00e3o Paulo:<\/p>\n<!--[if lt IE 9]><script>document.createElement('audio');<\/script><![endif]-->\n<audio class=\"wp-audio-shortcode\" id=\"audio-58309-1\" preload=\"none\" style=\"width: 100%;\" controls=\"controls\"><source type=\"audio\/mpeg\" src=\"https:\/\/media.vaticannews.va\/media\/audio\/s1\/2020\/04\/10\/09\/135557269_F135557269.mp3?_=1\" \/><a href=\"https:\/\/media.vaticannews.va\/media\/audio\/s1\/2020\/04\/10\/09\/135557269_F135557269.mp3\">https:\/\/media.vaticannews.va\/media\/audio\/s1\/2020\/04\/10\/09\/135557269_F135557269.mp3<\/a><\/audio>\n<\/div>\n","protected":false},"excerpt":{"rendered":"<p>Jesus agonizou na Cruz por aproximadamente seis horas. Durante as \u00faltimas tr\u00eas, do meio-dia \u00e0s tr\u00eas da tarde, uma escurid\u00e3o cobriu &#8220;toda a terra&#8221;. Quando Jesus expirou, houve um terremoto, t\u00famulos se abriram e a cortina do Templo rasgou-se cima at\u00e9 embaixo. Jos\u00e9 de Arimateia, um membro do Sin\u00e9drio e seguidor de Jesus em segredo, [&hellip;]<\/p>\n","protected":false},"author":1,"featured_media":58310,"comment_status":"open","ping_status":"closed","sticky":false,"template":"","format":"standard","meta":{"footnotes":""},"categories":[3],"tags":[],"class_list":["post-58309","post","type-post","status-publish","format-standard","has-post-thumbnail","hentry","category-vaticano"],"_links":{"self":[{"href":"https:\/\/catolicanet.net\/wp-cnet\/wp-json\/wp\/v2\/posts\/58309","targetHints":{"allow":["GET"]}}],"collection":[{"href":"https:\/\/catolicanet.net\/wp-cnet\/wp-json\/wp\/v2\/posts"}],"about":[{"href":"https:\/\/catolicanet.net\/wp-cnet\/wp-json\/wp\/v2\/types\/post"}],"author":[{"embeddable":true,"href":"https:\/\/catolicanet.net\/wp-cnet\/wp-json\/wp\/v2\/users\/1"}],"replies":[{"embeddable":true,"href":"https:\/\/catolicanet.net\/wp-cnet\/wp-json\/wp\/v2\/comments?post=58309"}],"version-history":[{"count":1,"href":"https:\/\/catolicanet.net\/wp-cnet\/wp-json\/wp\/v2\/posts\/58309\/revisions"}],"predecessor-version":[{"id":58311,"href":"https:\/\/catolicanet.net\/wp-cnet\/wp-json\/wp\/v2\/posts\/58309\/revisions\/58311"}],"wp:featuredmedia":[{"embeddable":true,"href":"https:\/\/catolicanet.net\/wp-cnet\/wp-json\/wp\/v2\/media\/58310"}],"wp:attachment":[{"href":"https:\/\/catolicanet.net\/wp-cnet\/wp-json\/wp\/v2\/media?parent=58309"}],"wp:term":[{"taxonomy":"category","embeddable":true,"href":"https:\/\/catolicanet.net\/wp-cnet\/wp-json\/wp\/v2\/categories?post=58309"},{"taxonomy":"post_tag","embeddable":true,"href":"https:\/\/catolicanet.net\/wp-cnet\/wp-json\/wp\/v2\/tags?post=58309"}],"curies":[{"name":"wp","href":"https:\/\/api.w.org\/{rel}","templated":true}]}}