{"id":5826,"date":"2015-05-19T17:49:19","date_gmt":"2015-05-19T20:49:19","guid":{"rendered":"http:\/\/catolicanet.net\/wp-cnet\/rumo-a-3o-jornada-nacional-da-iam-parabens-iam\/"},"modified":"2017-04-07T16:44:52","modified_gmt":"2017-04-07T19:44:52","slug":"rumo-a-3o-jornada-nacional-da-iam-parabens-iam","status":"publish","type":"post","link":"https:\/\/catolicanet.net\/wp-cnet\/rumo-a-3o-jornada-nacional-da-iam-parabens-iam\/","title":{"rendered":"Rumo \u00e0 3\u00aa Jornada Nacional da IAM &#8211; Parab\u00e9ns, IAM"},"content":{"rendered":"<p style=\"text-align: center;\"><img decoding=\"async\" src=\"http:\/\/catolicanet.com.br\/images\/stories\/geral\/mascotesinfanciamissionaria2.jpg\" border=\"0\" \/><\/p>\n<p style=\"text-align: justify;\">&#8220;Parab\u00e9ns pra voc\u00ea, nesta data querida, muitas felicidades, muitos anos de vida!&#8221;&#8230; Ol\u00e1, Garotada Mission\u00e1ria. Hoje nossa turma est\u00e1 aqui, completa, para celebrar os 172 anos de funda\u00e7\u00e3o da nossa querida Pontif\u00edcia Obra da Inf\u00e2ncia e Adolesc\u00eancia Mission\u00e1ria (IAM).<\/p>\n<p>A IAM foi criada h\u00e1 quase dois s\u00e9culos e possui hoje cerca de tr\u00eas mil projetos envolvendo crian\u00e7as e adolescentes em 130 pa\u00edses. Fundada pelo bispo franc\u00eas Dom Carlos Forbin-Janson, em 19 de maio de 1843 na cidade de Nancy, Fran\u00e7a, a IAM nasceu do olhar sens\u00edvel do Bispo para com as crian\u00e7as chinesas da \u00e9poca, que viviam em situa\u00e7\u00e3o de mis\u00e9ria e sofrimento.<\/p>\n<p>Dom Carlos incentivou as crian\u00e7as da Fran\u00e7a a ajudarem outras crian\u00e7as recitando uma Ave-Maria por dia e doando um dinheiro por m\u00eas, para auxiliar crian\u00e7as necessitadas. Era a primeira vez na hist\u00f3ria que a Igreja confiava \u00e0s crian\u00e7as um papel mission\u00e1rio espec\u00edfico. E este continua sendo nosso carisma essencial, por isso temos como lema: &#8220;crian\u00e7a ajuda e evangeliza crian\u00e7a&#8221;, &#8220;adolescente ajuda e evangeliza adolescente&#8221;.<\/p>\n<p>Embora tenha nascido para socorrer as crian\u00e7as chinesas, a iniciativa logo abriu seus horizontes para o mundo inteiro. Ao morrer, em 11 de julho de 1844, Dom Carlos viu sua iniciativa estabelecida em 65 dioceses.<\/p>\n<p>Nossa Obra chegou ao Brasil pela primeira vez em 1848. Ap\u00f3s mais de um s\u00e9culo adormecida, come\u00e7ou a ser resgatada em 1955, por\u00e9m, sem grande repercuss\u00e3o no meio cat\u00f3lico. O retorno de suas atividades concretizou-se nos anos 1990, quando a Obra celebrou os 150 anos de funda\u00e7\u00e3o no mundo. Atualmente, no Brasil, existem cerca de 30 mil grupos envolvendo mais de 600 mil crian\u00e7as e adolescentes.<\/p>\n<p>Celebraremos no pr\u00f3ximo dia 31 nossa 3\u00aa Jornada Nacional, mas que tal, hoje, declarar seu amor por nossa Obra Pontif\u00edcia? Fa\u00e7a uma linda mensagem e poste no seu facebook um v\u00eddeo ou foto, com seu nome, cidade e Estado e #IAMemA\u00e7\u00e3o. Ah, n\u00e3o esque\u00e7a de postar no modo p\u00fablico, para que possamos compartilhar em nossa p\u00e1gina oficial: facebook.com\/jmissionaria<\/p>\n<p style=\"text-align: justify;\">\u00a0<\/p>\n<p style=\"text-align: justify;\"><strong>Fonte:<\/strong> Garotada Mission\u00e1ria<\/p>\n","protected":false},"excerpt":{"rendered":"<p>&#8220;Parab\u00e9ns pra voc\u00ea, nesta data querida, muitas felicidades, muitos anos de vida!&#8221;&#8230; Ol\u00e1, Garotada Mission\u00e1ria. Hoje nossa turma est\u00e1 aqui, completa, para celebrar os 172 anos de funda\u00e7\u00e3o da nossa querida Pontif\u00edcia Obra da Inf\u00e2ncia e Adolesc\u00eancia Mission\u00e1ria (IAM). A IAM foi criada h\u00e1 quase dois s\u00e9culos e possui hoje cerca de tr\u00eas mil projetos [&hellip;]<\/p>\n","protected":false},"author":1,"featured_media":0,"comment_status":"closed","ping_status":"closed","sticky":false,"template":"","format":"standard","meta":{"footnotes":""},"categories":[4],"tags":[],"class_list":["post-5826","post","type-post","status-publish","format-standard","hentry","category-cotidiano"],"_links":{"self":[{"href":"https:\/\/catolicanet.net\/wp-cnet\/wp-json\/wp\/v2\/posts\/5826","targetHints":{"allow":["GET"]}}],"collection":[{"href":"https:\/\/catolicanet.net\/wp-cnet\/wp-json\/wp\/v2\/posts"}],"about":[{"href":"https:\/\/catolicanet.net\/wp-cnet\/wp-json\/wp\/v2\/types\/post"}],"author":[{"embeddable":true,"href":"https:\/\/catolicanet.net\/wp-cnet\/wp-json\/wp\/v2\/users\/1"}],"replies":[{"embeddable":true,"href":"https:\/\/catolicanet.net\/wp-cnet\/wp-json\/wp\/v2\/comments?post=5826"}],"version-history":[{"count":1,"href":"https:\/\/catolicanet.net\/wp-cnet\/wp-json\/wp\/v2\/posts\/5826\/revisions"}],"predecessor-version":[{"id":10688,"href":"https:\/\/catolicanet.net\/wp-cnet\/wp-json\/wp\/v2\/posts\/5826\/revisions\/10688"}],"wp:attachment":[{"href":"https:\/\/catolicanet.net\/wp-cnet\/wp-json\/wp\/v2\/media?parent=5826"}],"wp:term":[{"taxonomy":"category","embeddable":true,"href":"https:\/\/catolicanet.net\/wp-cnet\/wp-json\/wp\/v2\/categories?post=5826"},{"taxonomy":"post_tag","embeddable":true,"href":"https:\/\/catolicanet.net\/wp-cnet\/wp-json\/wp\/v2\/tags?post=5826"}],"curies":[{"name":"wp","href":"https:\/\/api.w.org\/{rel}","templated":true}]}}