{"id":58259,"date":"2020-04-08T13:27:49","date_gmt":"2020-04-08T16:27:49","guid":{"rendered":"https:\/\/catolicanet.net\/wp-cnet\/?p=58259"},"modified":"2020-04-08T13:27:49","modified_gmt":"2020-04-08T16:27:49","slug":"o-bispo-brasileiro-que-leva-o-santissimo-sacramento-ao-hospital-da-cidade","status":"publish","type":"post","link":"https:\/\/catolicanet.net\/wp-cnet\/o-bispo-brasileiro-que-leva-o-santissimo-sacramento-ao-hospital-da-cidade\/","title":{"rendered":"O bispo brasileiro que leva o Sant\u00edssimo Sacramento ao hospital da cidade"},"content":{"rendered":"<h2 class=\"subtitle\" style=\"text-align: justify;\">\u201cChamou-me a aten\u00e7\u00e3o uma crian\u00e7a que olhava fixamente o ostens\u00f3rio, com a f\u00e9 de quem acreditava que Jesus poderia cur\u00e1-la\u201d, declarou dom Manoel<\/h2>\n<div class=\"base-post-content\"><strong>Dom Manoel Ferreira dos Santos J\u00fanior, mSC<\/strong>, bispo da diocese paulista de\u00a0<strong>Registro<\/strong>, visitou o\u00a0<strong>hospital S\u00e3o Jos\u00e9<\/strong>, no centro da cidade, levando o\u00a0<strong>Sant\u00edssimo Sacramento<\/strong>\u00a0em prociss\u00e3o por todas as alas para aben\u00e7oar pacientes, funcion\u00e1rios e acompanhantes.<\/p>\n<p style=\"text-align: justify;\">De acordo com o\u00a0<a href=\"https:\/\/www.vaticannews.va\/pt\/igreja\/news\/2020-04\/bispo-de-registro-leva-o-santissimo-ao-hospital-da-cidade.html\" target=\"_blank\" rel=\"noopener noreferrer\"><em>Vatican News<\/em><\/a>, dom Manuel declarou a respeito dessa iniciativa:<\/p>\n<blockquote><p><em>\u201cDesde a origem da pandemia, esteve em meu cora\u00e7\u00e3o o desejo de rezar pelos enfermos e pelos agentes de sa\u00fade, em nossas missas di\u00e1rias. Sei que a ora\u00e7\u00e3o \u00e9 importante, mas sempre sentia a necessidade de realizar um gesto mais concreto, para animar os agentes de sa\u00fade que correm riscos e carregam consigo o medo de se contaminar e tamb\u00e9m contaminar as suas fam\u00edlias\u201d.<\/em><\/p>\n<div class=\"banner-desktop\"><\/div>\n<\/blockquote>\n<p style=\"text-align: justify;\">O bispo ent\u00e3o gravou uma mensagem aos profissionais da sa\u00fade a fim de reafirmar a proximidade da Igreja neste momento desafiador, recordando que cada um deles \u201c<em>recebeu de Deus uma voca\u00e7\u00e3o e uma miss\u00e3o, hoje de anjo para n\u00f3s, cuidando do nosso povo<\/em>\u201c.<\/p>\n<p style=\"text-align: justify;\">Mas dom Manuel achou que ainda n\u00e3o era o suficiente:<\/p>\n<blockquote><p><em>\u201cEnt\u00e3o me ofereci para levar Cristo Eucar\u00edstico aos hospitais, para acalentar o cora\u00e7\u00e3o dos enfermos, dos m\u00e9dicos, dos enfermeiros e trabalhadores da sa\u00fade. O Hospital S\u00e3o Jos\u00e9 abriu as portas imediatamente e l\u00e1 pudemos rezar n\u00e3o s\u00f3 por aqueles que ali estavam, mas por todos os enfermos e agentes de nossa diocese\u201d.<\/em><\/p><\/blockquote>\n<figure class=\"wp-caption alignnone\" style=\"text-align: justify;\"><img loading=\"lazy\" decoding=\"async\" class=\"size-large\" src=\"https:\/\/www.vaticannews.va\/content\/dam\/vaticannews\/multimedia\/2020\/04\/04\/DOM-MANOEL-FERREIRA-3.jpg\/_jcr_content\/renditions\/cq5dam.thumbnail.cropped.750.422.jpeg\" width=\"750\" height=\"422\" \/><figcaption class=\"wp-caption-text\">Via Vatican News<\/figcaption><\/figure>\n<p style=\"text-align: justify;\">Tomando as medidas de preven\u00e7\u00e3o, ele visitou quartos, corredores, alas e departamentos administrativos, levando a todos o ostens\u00f3rio com o\u00a0<strong>Sant\u00edssimo Sacramento<\/strong>.<\/p>\n<blockquote><p><em>\u201cCaminhando com o Sant\u00edssimo Sacramento, vi o quanto as pessoas t\u00eam f\u00e9. Chamou-me a aten\u00e7\u00e3o uma crian\u00e7a que olhava fixamente o ostens\u00f3rio, com a f\u00e9 de quem acreditava que Jesus poderia cur\u00e1-la. Outro caso foi o de um senhor, em fase terminal, que, com muita f\u00e9, rezou o Pai-Nosso, sempre atento \u00e0 presen\u00e7a de Jesus Eucar\u00edstico. Outra menina, quando eu passava, fez uma rever\u00eancia de f\u00e9 t\u00e3o profunda que me comoveu. Foi um momento de muita certeza de que Deus n\u00e3o nos abandona\u201d.<\/em><\/p><\/blockquote>\n<figure class=\"wp-caption alignnone\" style=\"text-align: justify;\"><img loading=\"lazy\" decoding=\"async\" class=\"size-large\" src=\"https:\/\/www.vaticannews.va\/content\/dam\/vaticannews\/multimedia\/2020\/04\/04\/DOM-MANOEL-FERREIRA-1.jpg\/_jcr_content\/renditions\/cq5dam.thumbnail.cropped.750.422.jpeg\" width=\"750\" height=\"422\" \/><figcaption class=\"wp-caption-text\">Via Vatican News<\/figcaption><\/figure>\n<p style=\"text-align: justify;\">A nutricionista\u00a0<strong>Nicole Zanella<\/strong>, que trabalha no hospital S\u00e3o Jos\u00e9, testemunhou via redes sociais:<\/p>\n<blockquote><p><em>\u201cHoje eu tive a maior gra\u00e7a de todas em meu ambiente de trabalho, na minha sala. Jesus presente VIVO estava l\u00e1! E n\u00e3o tive como conter tanta emo\u00e7\u00e3o. Quando recebi a liga\u00e7\u00e3o do desejo do nosso amado bispo dom Manoel, de querer aben\u00e7oar nosso ambiente de trabalho, o Hospital S\u00e3o Jos\u00e9, fiquei muito feliz. Mas quando ele me avisou (pouco tempo antes de chegar) que levava Jesus VIVO, o Sant\u00edssimo Sacramento, n\u00e3o contive a emo\u00e7\u00e3o\u201d.<\/em><\/p><\/blockquote>\n<p style=\"text-align: justify;\">Ela acrescentou para a reportagem do\u00a0<em>Vatican News<\/em>:<\/p>\n<blockquote><p><em>\u201cDepois que o bispo foi embora, revisitei os setores e estavam todos animados, leves\u2026 eu vi esperan\u00e7a nos olhinhos, porque ele nos levou esperan\u00e7a e amor: o amor vivo!\u201d<\/em><\/p><\/blockquote>\n<figure class=\"wp-caption alignnone\" style=\"text-align: justify;\"><img loading=\"lazy\" decoding=\"async\" class=\"size-large\" src=\"https:\/\/www.vaticannews.va\/content\/dam\/vaticannews\/multimedia\/2020\/04\/04\/DOM-MANOEL-FERREIRA-5.jpg\/_jcr_content\/renditions\/cq5dam.thumbnail.cropped.750.422.jpeg\" width=\"750\" height=\"422\" \/><figcaption class=\"wp-caption-text\">Via Vatican News<\/figcaption><\/figure>\n<p style=\"text-align: justify;\">Al\u00e9m de dom Manoel, os padres das 18 par\u00f3quias da diocese de Registro, distribu\u00eddas em 15 munic\u00edpios do Vale do Ribeira, v\u00eam prestando assist\u00eancia aos fi\u00e9is em harmonia com as orienta\u00e7\u00f5es dos \u00f3rg\u00e3os de sa\u00fade: celebram a Eucaristia diariamente, rezam ter\u00e7os e novenas com transmiss\u00e3o online, levam a Un\u00e7\u00e3o e a Comunh\u00e3o aos enfermos e celebram a Esperan\u00e7a tamb\u00e9m nos funerais.<\/p>\n<p style=\"text-align: justify;\">Em parceria com a prefeitura de Registro e com o Fraterno Aux\u00edlio Crist\u00e3o, a Igreja tamb\u00e9m est\u00e1 prestando servi\u00e7os de assist\u00eancia social \u00e0 popula\u00e7\u00e3o de rua da cidade, particularmente mediante a dedica\u00e7\u00e3o de religiosas.<\/p>\n<\/div>\n","protected":false},"excerpt":{"rendered":"<p>\u201cChamou-me a aten\u00e7\u00e3o uma crian\u00e7a que olhava fixamente o ostens\u00f3rio, com a f\u00e9 de quem acreditava que Jesus poderia cur\u00e1-la\u201d, declarou dom Manoel Dom Manoel Ferreira dos Santos J\u00fanior, mSC, bispo da diocese paulista de\u00a0Registro, visitou o\u00a0hospital S\u00e3o Jos\u00e9, no centro da cidade, levando o\u00a0Sant\u00edssimo Sacramento\u00a0em prociss\u00e3o por todas as alas para aben\u00e7oar pacientes, funcion\u00e1rios [&hellip;]<\/p>\n","protected":false},"author":1,"featured_media":58260,"comment_status":"open","ping_status":"closed","sticky":false,"template":"","format":"standard","meta":{"footnotes":""},"categories":[4,13],"tags":[],"class_list":["post-58259","post","type-post","status-publish","format-standard","has-post-thumbnail","hentry","category-cotidiano","category-featured"],"_links":{"self":[{"href":"https:\/\/catolicanet.net\/wp-cnet\/wp-json\/wp\/v2\/posts\/58259","targetHints":{"allow":["GET"]}}],"collection":[{"href":"https:\/\/catolicanet.net\/wp-cnet\/wp-json\/wp\/v2\/posts"}],"about":[{"href":"https:\/\/catolicanet.net\/wp-cnet\/wp-json\/wp\/v2\/types\/post"}],"author":[{"embeddable":true,"href":"https:\/\/catolicanet.net\/wp-cnet\/wp-json\/wp\/v2\/users\/1"}],"replies":[{"embeddable":true,"href":"https:\/\/catolicanet.net\/wp-cnet\/wp-json\/wp\/v2\/comments?post=58259"}],"version-history":[{"count":1,"href":"https:\/\/catolicanet.net\/wp-cnet\/wp-json\/wp\/v2\/posts\/58259\/revisions"}],"predecessor-version":[{"id":58261,"href":"https:\/\/catolicanet.net\/wp-cnet\/wp-json\/wp\/v2\/posts\/58259\/revisions\/58261"}],"wp:featuredmedia":[{"embeddable":true,"href":"https:\/\/catolicanet.net\/wp-cnet\/wp-json\/wp\/v2\/media\/58260"}],"wp:attachment":[{"href":"https:\/\/catolicanet.net\/wp-cnet\/wp-json\/wp\/v2\/media?parent=58259"}],"wp:term":[{"taxonomy":"category","embeddable":true,"href":"https:\/\/catolicanet.net\/wp-cnet\/wp-json\/wp\/v2\/categories?post=58259"},{"taxonomy":"post_tag","embeddable":true,"href":"https:\/\/catolicanet.net\/wp-cnet\/wp-json\/wp\/v2\/tags?post=58259"}],"curies":[{"name":"wp","href":"https:\/\/api.w.org\/{rel}","templated":true}]}}