{"id":58256,"date":"2020-04-08T13:23:30","date_gmt":"2020-04-08T16:23:30","guid":{"rendered":"https:\/\/catolicanet.net\/wp-cnet\/?p=58256"},"modified":"2020-04-08T13:23:30","modified_gmt":"2020-04-08T16:23:30","slug":"o-que-e-o-jejum-e-por-que-e-importante-esta-pratica-na-semana-santa","status":"publish","type":"post","link":"https:\/\/catolicanet.net\/wp-cnet\/o-que-e-o-jejum-e-por-que-e-importante-esta-pratica-na-semana-santa\/","title":{"rendered":"O que \u00e9 o jejum e por que \u00e9 importante esta pr\u00e1tica na Semana Santa?"},"content":{"rendered":"<p style=\"text-align: justify;\">O que \u00e9 o jejum e por que \u00e9 importante para os crist\u00e3os, especialmente durante o tempo da\u00a0Quaresma\u00a0e da\u00a0Semana Santa? Pe. Donato Jim\u00e9nez, membro da Ordem dos Agostinianos Recoletos, explicou para que serve esta pr\u00e1tica de penit\u00eancia e qual \u00e9 o seu prop\u00f3sito.<\/p>\n<p style=\"text-align: justify;\">O jejum, explica Pe. Donato Jimenez ao Grupo\u00a0ACI, \u201c\u00e9 uma forma de abster-se de alimentos corporais, e \u00e9 uma forma de penit\u00eancia e de ora\u00e7\u00e3o. Jesus praticou o jejum em momentos importantes, antes de rezar, antes de escolher os ap\u00f3stolos e em muitas ocasi\u00f5es\u201d.<\/p>\n<p style=\"text-align: justify;\">\u201cE a\u00a0Igreja\u00a0faz o jejum desde o s\u00e9culo IV de forma regular\u201d, assinala.<\/p>\n<p style=\"text-align: justify;\">\u201c\u00c9 uma maneira de ajudar a ora\u00e7\u00e3o, de purificar o nosso corpo e, assim, nos dispormos melhor para a escuta de nossa ora\u00e7\u00e3o por Deus\u201d.<\/p>\n<p style=\"text-align: justify;\">A Igreja, continua o Pe. Jim\u00e9nez, nos recorda \u201co jejum no tempo da Quaresma e do\u00a0Advento, especialmente na ter\u00e7a e na sexta-feira, como faziam tradicionalmente em muitas comunidades\u201d.<\/p>\n<p style=\"text-align: justify;\">Atualmente, indica, a obriga\u00e7\u00e3o do jejum se mantem \u201cna Quarta-feira de Cinzas e na Sexta-feira Santa\u201d.<\/p>\n<p style=\"text-align: justify;\">O sacerdote explicou que \u201co jejum \u00e9 fazer apenas uma refei\u00e7\u00e3o por dia, ou se comemos duas ou tr\u00eas vezes por dia deve ser uma alimenta\u00e7\u00e3o frugal. Isso seria o jejum que a Igreja quer\u201d.<\/p>\n<p style=\"text-align: justify;\"><strong>Quem deve jejuar?<\/strong><\/p>\n<p style=\"text-align: justify;\">Segundo indica o C\u00f3digo de Direito Can\u00f4nico, no n\u00famero 1252, \u00e0 lei do jejum \u201cest\u00e3o sujeitos todos os maiores de idade at\u00e9 terem come\u00e7ado os sessenta anos. Todavia os pastores de almas e os pais procurem que, mesmo aqueles que, por motivo de idade menor n\u00e3o est\u00e3o obrigados \u00e0 lei da abstin\u00eancia e do jejum, sejam formados no sentido genu\u00edno da penit\u00eancia\u201d.<\/p>\n<p style=\"text-align: justify;\"><strong>Quem n\u00e3o jejua?<\/strong><\/p>\n<p style=\"text-align: justify;\">Al\u00e9m das pessoas que n\u00e3o jejuam devido \u00e0 sua idade, pessoas com problemas mentais, doentes, mulheres gr\u00e1vidas ou lactantes, trabalhadores de acordo com as suas necessidades, convidados a refei\u00e7\u00f5es que n\u00e3o podem ser justificadas sem ofender gravemente ou outras situa\u00e7\u00f5es morais ou impossibilidade f\u00edsica de manter o jejum.<\/p>\n","protected":false},"excerpt":{"rendered":"<p>O que \u00e9 o jejum e por que \u00e9 importante para os crist\u00e3os, especialmente durante o tempo da\u00a0Quaresma\u00a0e da\u00a0Semana Santa? Pe. Donato Jim\u00e9nez, membro da Ordem dos Agostinianos Recoletos, explicou para que serve esta pr\u00e1tica de penit\u00eancia e qual \u00e9 o seu prop\u00f3sito. O jejum, explica Pe. Donato Jimenez ao Grupo\u00a0ACI, \u201c\u00e9 uma forma de [&hellip;]<\/p>\n","protected":false},"author":1,"featured_media":58257,"comment_status":"open","ping_status":"closed","sticky":false,"template":"","format":"standard","meta":{"footnotes":""},"categories":[4],"tags":[],"class_list":["post-58256","post","type-post","status-publish","format-standard","has-post-thumbnail","hentry","category-cotidiano"],"_links":{"self":[{"href":"https:\/\/catolicanet.net\/wp-cnet\/wp-json\/wp\/v2\/posts\/58256","targetHints":{"allow":["GET"]}}],"collection":[{"href":"https:\/\/catolicanet.net\/wp-cnet\/wp-json\/wp\/v2\/posts"}],"about":[{"href":"https:\/\/catolicanet.net\/wp-cnet\/wp-json\/wp\/v2\/types\/post"}],"author":[{"embeddable":true,"href":"https:\/\/catolicanet.net\/wp-cnet\/wp-json\/wp\/v2\/users\/1"}],"replies":[{"embeddable":true,"href":"https:\/\/catolicanet.net\/wp-cnet\/wp-json\/wp\/v2\/comments?post=58256"}],"version-history":[{"count":1,"href":"https:\/\/catolicanet.net\/wp-cnet\/wp-json\/wp\/v2\/posts\/58256\/revisions"}],"predecessor-version":[{"id":58258,"href":"https:\/\/catolicanet.net\/wp-cnet\/wp-json\/wp\/v2\/posts\/58256\/revisions\/58258"}],"wp:featuredmedia":[{"embeddable":true,"href":"https:\/\/catolicanet.net\/wp-cnet\/wp-json\/wp\/v2\/media\/58257"}],"wp:attachment":[{"href":"https:\/\/catolicanet.net\/wp-cnet\/wp-json\/wp\/v2\/media?parent=58256"}],"wp:term":[{"taxonomy":"category","embeddable":true,"href":"https:\/\/catolicanet.net\/wp-cnet\/wp-json\/wp\/v2\/categories?post=58256"},{"taxonomy":"post_tag","embeddable":true,"href":"https:\/\/catolicanet.net\/wp-cnet\/wp-json\/wp\/v2\/tags?post=58256"}],"curies":[{"name":"wp","href":"https:\/\/api.w.org\/{rel}","templated":true}]}}