{"id":58247,"date":"2020-04-08T10:15:17","date_gmt":"2020-04-08T13:15:17","guid":{"rendered":"https:\/\/catolicanet.net\/wp-cnet\/?p=58247"},"modified":"2020-04-08T13:17:09","modified_gmt":"2020-04-08T16:17:09","slug":"cnbb-convida-a-rezar-o-terco-da-esperanca-e-da-solidariedade-nesta-quarta-feira-2","status":"publish","type":"post","link":"https:\/\/catolicanet.net\/wp-cnet\/cnbb-convida-a-rezar-o-terco-da-esperanca-e-da-solidariedade-nesta-quarta-feira-2\/","title":{"rendered":"CNBB convida a rezar o ter\u00e7o da Esperan\u00e7a e da Solidariedade nesta quarta-feira"},"content":{"rendered":"<p style=\"text-align: justify;\">Em comunh\u00e3o com toda a Igreja no Brasil, a Confer\u00eancia Nacional dos Bispos do Brasil (CNBB) continua sua iniciativa de ora\u00e7\u00e3o nesta quarta-feira, 8 de abril, \u00e0s 15h30. Mais uma vez ser\u00e1 formada uma corrente nacional com a ora\u00e7\u00e3o do Ter\u00e7o da Esperan\u00e7a e da Solidariedade, que ser\u00e1 transmitido pelas TVs de inspira\u00e7\u00e3o cat\u00f3lica do pa\u00eds, emissoras de r\u00e1dio e pelas p\u00e1ginas da Confer\u00eancia no\u00a0<a href=\"http:\/\/www.facebook.com\/cnbbnacional\">Facebook<\/a>\u00a0e no\u00a0<a href=\"http:\/\/www.youtube.com\/cnbbnacional\">Youtube<\/a>.<\/p>\n<p style=\"text-align: justify;\">Conduzir\u00e1 o momento de ora\u00e7\u00e3o em torno da emerg\u00eancia de sa\u00fade p\u00fablica da covid-19 o arcebispo de Curitiba (PR) e presidente da Comiss\u00e3o para a Anima\u00e7\u00e3o B\u00edblico-Catequ\u00e9tica da CNBB, dom Jos\u00e9 Ant\u00f4nio Peruzzo, diretamente do Santu\u00e1rio Nossa Senhora de Guadalupe, em Curitiba.<\/p>\n<p style=\"text-align: justify;\">O Ter\u00e7o da Esperan\u00e7a e da Solidariedade \u00e9 uma\u00a0iniciativa da CNBB que, frente \u00e0 pandemia do novo coronav\u00edrus e\u00a0<a href=\"https:\/\/www.vaticannews.va\/pt\/papa\/news\/2020-03\/papa-convida-todos-cristaos-rezar-juntos-pai-nosso-quarta-feira.html\">em comunh\u00e3o com o Papa Francisco no compromisso de intensificar as ora\u00e7\u00f5es neste per\u00edodo<\/a>, une todo o Brasil em um momento comum de ora\u00e7\u00e3o.<\/p>\n<p style=\"text-align: justify;\">Para compartilhar os momentos de ora\u00e7\u00e3o nas redes sociais use a hashtag adotada pelo Papa Francisco: #rezemosjuntos<\/p>\n<p style=\"text-align: justify;\">Acompanhe:<\/p>\n<p>www.facebook.com\/cnbbnacional<\/p>\n<p>www.youtube.com\/cnbbnacional<\/p>\n","protected":false},"excerpt":{"rendered":"<p>Em comunh\u00e3o com toda a Igreja no Brasil, a Confer\u00eancia Nacional dos Bispos do Brasil (CNBB) continua sua iniciativa de ora\u00e7\u00e3o nesta quarta-feira, 8 de abril, \u00e0s 15h30. Mais uma vez ser\u00e1 formada uma corrente nacional com a ora\u00e7\u00e3o do Ter\u00e7o da Esperan\u00e7a e da Solidariedade, que ser\u00e1 transmitido pelas TVs de inspira\u00e7\u00e3o cat\u00f3lica do [&hellip;]<\/p>\n","protected":false},"author":1,"featured_media":58248,"comment_status":"open","ping_status":"closed","sticky":false,"template":"","format":"standard","meta":{"footnotes":""},"categories":[7,13],"tags":[],"class_list":["post-58247","post","type-post","status-publish","format-standard","has-post-thumbnail","hentry","category-cnbb","category-featured"],"_links":{"self":[{"href":"https:\/\/catolicanet.net\/wp-cnet\/wp-json\/wp\/v2\/posts\/58247","targetHints":{"allow":["GET"]}}],"collection":[{"href":"https:\/\/catolicanet.net\/wp-cnet\/wp-json\/wp\/v2\/posts"}],"about":[{"href":"https:\/\/catolicanet.net\/wp-cnet\/wp-json\/wp\/v2\/types\/post"}],"author":[{"embeddable":true,"href":"https:\/\/catolicanet.net\/wp-cnet\/wp-json\/wp\/v2\/users\/1"}],"replies":[{"embeddable":true,"href":"https:\/\/catolicanet.net\/wp-cnet\/wp-json\/wp\/v2\/comments?post=58247"}],"version-history":[{"count":1,"href":"https:\/\/catolicanet.net\/wp-cnet\/wp-json\/wp\/v2\/posts\/58247\/revisions"}],"predecessor-version":[{"id":58249,"href":"https:\/\/catolicanet.net\/wp-cnet\/wp-json\/wp\/v2\/posts\/58247\/revisions\/58249"}],"wp:featuredmedia":[{"embeddable":true,"href":"https:\/\/catolicanet.net\/wp-cnet\/wp-json\/wp\/v2\/media\/58248"}],"wp:attachment":[{"href":"https:\/\/catolicanet.net\/wp-cnet\/wp-json\/wp\/v2\/media?parent=58247"}],"wp:term":[{"taxonomy":"category","embeddable":true,"href":"https:\/\/catolicanet.net\/wp-cnet\/wp-json\/wp\/v2\/categories?post=58247"},{"taxonomy":"post_tag","embeddable":true,"href":"https:\/\/catolicanet.net\/wp-cnet\/wp-json\/wp\/v2\/tags?post=58247"}],"curies":[{"name":"wp","href":"https:\/\/api.w.org\/{rel}","templated":true}]}}