{"id":58232,"date":"2020-04-08T09:04:00","date_gmt":"2020-04-08T12:04:00","guid":{"rendered":"https:\/\/catolicanet.net\/wp-cnet\/?p=58232"},"modified":"2020-04-08T13:05:32","modified_gmt":"2020-04-08T16:05:32","slug":"o-papa-deus-converta-os-judas-de-hoje-mafiosos-e-agiotas-que-exploram-necessitados","status":"publish","type":"post","link":"https:\/\/catolicanet.net\/wp-cnet\/o-papa-deus-converta-os-judas-de-hoje-mafiosos-e-agiotas-que-exploram-necessitados\/","title":{"rendered":"O Papa: Deus converta os Judas de hoje, mafiosos e agiotas que exploram necessitados"},"content":{"rendered":"<div class=\"article__subTitle\" style=\"text-align: justify;\">Na Missa esta quarta-feira (08\/04), Francisco rezou ao Senhor a fim de que toque o cora\u00e7\u00e3o dos que se aproveitam daqueles que se encontram necessitados nesta crise causada pela pandemia de coronav\u00edrus. Na homilia, falou da trai\u00e7\u00e3o de Judas, daqueles que vendem as pessoas, inclusive seus entes queridos, para lucro pessoal<\/div>\n<div class=\"title__separator\" style=\"text-align: justify;\"><\/div>\n<div class=\"article__text\">\n<p style=\"text-align: justify;\"><b>VATICAN NEWS<\/b><\/p>\n<p style=\"text-align: justify;\">O Papa Francisco presidiu a Missa na Casa Santa Marta, no Vaticano, manh\u00e3 desta quarta-feira (08\/04) da Semana Santa. Ao introduzir a celebra\u00e7\u00e3o, rezou pela convers\u00e3o daqueles que neste momento exploram quem se encontra necessitado:<\/p>\n<p style=\"text-align: justify;\"><i>Rezemos, hoje, por aqueles que neste tempo de pandemia fazem com\u00e9rcio com os necessitados. Aproveitam-se da necessidade dos outros e os vendem: os mafiosos, os agiotas e tantos outros. Que o Senhor toque o cora\u00e7\u00e3o deles e os converta.<\/i><\/p>\n<p style=\"text-align: justify;\">Na homilia, Francisco comentou o\u00a0<b><a href=\"https:\/\/www.vaticannews.va\/pt\/palavra-do-dia.html\" target=\"_blank\" rel=\"noopener noreferrer\">Evangelho de Mateus<\/a><\/b>\u00a0(Mt 26,14-25), que nos fala da trai\u00e7\u00e3o de Judas. Tamb\u00e9m hoje \u2013 disse o Papa \u2013 existem Judas, pessoas que traem, inclusive seus entes queridos, vendendo-os, para interesses pr\u00f3prios. Tamb\u00e9m hoje existem pessoas que querem servir a Deus e ao dinheiro, exploradores escondidos, aparentemente impec\u00e1veis, mas fazem com\u00e9rcio com as pessoas: vendem o pr\u00f3ximo. Judas deixou disc\u00edpulos, disc\u00edpulos do diabo. Judas era apegado ao dinheiro: quem demasiadamente ama o dinheiro, trai. Mas \u00e9 tra\u00eddo pelo diabo, que \u00e9 um mau pagador e deixa no desespero. E caba por enforcar-se. O Papa pensou nos muitos Judas institucionalizados que hoje exploram as pessoas e tamb\u00e9m nos pequenos Judas que est\u00e3o em n\u00f3s: cada um de n\u00f3s tem a possibilidade de trair, por amor ao dinheiro ou aos bens.\u00a0<b>A seguir, o texto da homilia transcrita pelo Vatican News:<\/b><\/p>\n<p style=\"text-align: justify;\"><i>Quarta-feira Santa \u00e9 tamb\u00e9m chamada \u201cquarta-feira da trai\u00e7\u00e3o\u201d, o dia no qual na Igreja se ressalta a trai\u00e7\u00e3o de Judas. Judas vende o Mestre.<\/i><\/p>\n<p style=\"text-align: justify;\"><i>Quando pensamos no fato de vender pessoas, vem em mente o com\u00e9rcio feito com os escravos da \u00c1frica para lev\u00e1-los para a Am\u00e9rica \u2013 uma coisa antiga \u2013, depois o com\u00e9rcio, por exemplo, das jovens yazidis vendidas ao Isis: mas \u00e9 coisa distante, \u00e9 uma coisa\u2026 Tamb\u00e9m hoje pessoas s\u00e3o vendidas. Todos os dias. Existem Judas que vendem os irm\u00e3os e as irm\u00e3s, explorando-os no trabalho, n\u00e3o pagando o justo, n\u00e3o reconhecendo os deveres\u2026 Ali\u00e1s, muitas vezes vendem o que t\u00eam de mais precioso. Penso que por comodidade, um homem \u00e9 capaz de distanciar os pais e n\u00e3o mais v\u00ea-los, coloc\u00e1-los numa casa de repouso e n\u00e3o ir visit\u00e1-los\u2026 vende. H\u00e1 um ditado popular que, falando de pessoas assim, diz que \u201ceste \u00e9 capaz de vender a pr\u00f3pria m\u00e3e\u201d: e a vendem. E ent\u00e3o ficam tranquilos, foram distanciados: \u201cCuidem voc\u00eas deles\u2026\u201d<\/i><\/p>\n<p style=\"text-align: justify;\"><i>Hoje, o com\u00e9rcio humano \u00e9 como nos primeiros tempos: se faz. E isso porqu\u00ea? Jesus disse o porqu\u00ea. Ele deu ao dinheiro uma senhoria. Jesus disse: \u201cN\u00e3o podeis servir a Deus e ao dinheiro\u201d, dois senhores. \u00c9 a \u00fanica coisa que Jesus coloca \u00e0 altura e cada um de n\u00f3s deve escolher: ou serve a Deus, e ser\u00e1 livre na adora\u00e7\u00e3o e no servi\u00e7o, ou serve ao dinheiro, e ser\u00e1 escravo do dinheiro. Essa \u00e9 a op\u00e7\u00e3o e muita gente quer servir a Deus e ao dinheiro. E isso n\u00e3o se pode fazer. Acabam fazendo finta de servir a Deus para servir ao dinheiro. S\u00e3o os exploradores escondidos que socialmente s\u00e3o impec\u00e1veis, mas por debaixo dos panos comercializam, inclusive com as pessoas: n\u00e3o importa. A explora\u00e7\u00e3o humana \u00e9 vender o pr\u00f3ximo.<\/i><\/p>\n<p style=\"text-align: justify;\"><i>Judas foi embora, mas deixou disc\u00edpulos, que n\u00e3o s\u00e3o seus disc\u00edpulos, mas do diabo. N\u00e3o sabemos como foi a vida de Judas. Um jovem normal, talvez, e tamb\u00e9m com inquieta\u00e7\u00f5es, porque o Senhor o chamou para ser disc\u00edpulo. Ele jamais conseguiu s\u00ea-lo: n\u00e3o tinha boca de disc\u00edpulo e cora\u00e7\u00e3o de disc\u00edpulo, como lemos na primeira Leitura. Era fraco no discipulado, mas Jesus o amava\u2026 Depois o Evangelho nos faz entender que ele gostava do dinheiro: na casa de L\u00e1zaro, quando Maria unge os p\u00e9s de Jesus com aquele perfume t\u00e3o caro, ele faz a reflex\u00e3o e Jo\u00e3o ressalta: \u201cMas n\u00e3o disse isso porque amava os pobres, (mas) porque era ladr\u00e3o\u201d. O amor ao dinheiro o tinha levado para fora das regras, a roubar, e do roubar a trair \u00e9 um passo, muito pequeno. Quem demasiadamente ama o dinheiro trai para ter mais ainda, sempre: \u00e9 uma regra, \u00e9 um dado de fato. O Judas garoto, talvez bom, com boas inten\u00e7\u00f5es, acaba traidor a ponto de ir ao mercado vender: \u201cO que me dareis se vos entregar Jesus?\u201d A meu ver, este homem estava fora de si.<\/i><\/p>\n<p style=\"text-align: justify;\"><i>Uma coisa que chama a minha aten\u00e7\u00e3o \u00e9 que Jesus jamais lhe diz \u201ctraidor\u201d; diz que ser\u00e1 tra\u00eddo, mas n\u00e3o diz a ele \u201ctraidor\u201d. Jamais o diz: \u201cVa embora, v\u00e1 embora, traidor\u201d. Jamais! Ali\u00e1s, lhe diz: \u201cAmigo\u201d, e o beija. O mist\u00e9rio de Judas\u2026 Como \u00e9 o mist\u00e9rio de Judas? N\u00e3o sei\u2026 Padre Primo Mazzolari o explicou \u00a0melhor do que eu\u2026 Sim, me consola contemplar aquele capitel de Vezelay: como Judas acabou? N\u00e3o sei. Jesus amea\u00e7a veementemente, aqui; grande amea\u00e7a: \u201cAi daquele que trair o Filho do Homem! Seria melhor que nunca tivesse nascido!\u201d Mas isso significa que Judas est\u00e1 no Inferno? N\u00e3o sei. Eu olho o capitel. E ou\u00e7o a palavra de Jesus: \u201cAmigo\u201d.<\/i><\/p>\n<p style=\"text-align: justify;\"><i>Mas isso nos faz pensar em outra coisa, que \u00e9 mais real, mais que hoje: o diabo entrou em Judas, foi o diabo a lev\u00e1-lo a este ponto. E como acabou a hist\u00f3ria? O diabo \u00e9 um mau pagador: n\u00e3o \u00e9 um pagador confi\u00e1vel. Promete-lhe tudo, lhe mostra tudo e depois o deixa sozinho em seu desespero a enforcar-se.<\/i><\/p>\n<p style=\"text-align: justify;\"><i>O cora\u00e7\u00e3o de Judas, inquieto, atormentado pela gan\u00e2ncia e atormentado pelo amor a Jesus, um amor que n\u00e3o conseguiu fazer-se amor, atormentado com essa n\u00e9voa, volta aos sumos sacerdotes pedindo perd\u00e3o, pedindo salva\u00e7\u00e3o. \u201cO que temos a ver com isso?\u201d O problema \u00e9 seu\u2026\u201d: o diabo fala assim e nos deixa no desespero.<\/i><\/p>\n<p style=\"text-align: justify;\"><i>Pensemos nos muitos Judas institucionalizados neste mundo, que exploram as pessoas. E pensemos tamb\u00e9m no pequeno Judas que cada um de n\u00f3s tem dentro de si na hora de escolher: entre lealdade ou interesse.<\/i><\/p>\n<div style=\"text-align: justify;\">\n<div class=\"article__embed article__embed--unwrap article__embed--dark\">\n<div class=\"embed-container\"><iframe id=\"589927903\" src=\"https:\/\/www.youtube.com\/embed\/qmN-DdfVfAg?wmode=opaque&amp;rel=0&amp;autohide=1&amp;showinfo=0&amp;wmode=transparent&amp;modestbranding=1&amp;enablejsapi=1&amp;origin=https:\/\/www.vaticannews.va&amp;start=&amp;end=\" allowfullscreen=\"allowfullscreen\" data-gtm-yt-inspected-7781034_9=\"true\" data-mce-fragment=\"1\"><\/iframe><\/div>\n<div class=\"article__innerTitle\">Uma passagem da homilia do Papa Francisco<\/div>\n<\/div>\n<\/div>\n<p style=\"text-align: justify;\"><i>Cada um de n\u00f3s tem a capacidade de trair, de vender, de escolher o pr\u00f3prio interesse. Cada um de n\u00f3s tem a possibilidade de deixar-se atrair pelo amor ao dinheiro ou aos bens ou ao bem-estar futuro. \u201cJudas, onde est\u00e1s?\u201d Mas, a pergunta, a fa\u00e7o a cada um de n\u00f3s: \u201cTu, Judas, o pequeno Judas que tenho dentro: onde est\u00e1s?\u201d<\/i><\/p>\n<p style=\"text-align: justify;\">O Santo Padre terminou a celebra\u00e7\u00e3o com a adora\u00e7\u00e3o e a b\u00ean\u00e7\u00e3o eucar\u00edstica, convidando a fazer a Comunh\u00e3o espiritual.\u00a0<b>A seguir, a ora\u00e7\u00e3o recitada pelo Papa:<\/b><\/p>\n<p style=\"text-align: justify;\"><i>Aos vossos p\u00e9s, \u00f3 meu Jesus, me prostro e vos ofere\u00e7o o arrependimento do meu cora\u00e7\u00e3o que mergulha no seu nada na Vossa santa presen\u00e7a. Eu vos adoro no Sacramento do vosso amor, a inef\u00e1vel Eucaristia. Desejo receber-vos na pobre morada que meu cora\u00e7\u00e3o vos oferece. \u00c0 espera da felicidade da comunh\u00e3o sacramental, quero possuir-vos em Esp\u00edrito. Vinde a mim, \u00f3 meu Jesus, que eu venha a v\u00f3s. Que o vosso amor possa inflamar todo o meu ser, para a vida e para a morte. Creio em v\u00f3s, espero em v\u00f3s. Amo-vos. Assim seja.<\/i><\/p>\n<p style=\"text-align: justify;\">Antes de deixar a Capela dedicada ao Esp\u00edrito Santo foi entoada uma antiga ant\u00edfona mariana<i>\u00a0Ave Regina Caelorum<\/i>\u00a0(\u201cAve Rainha dos C\u00e9us\u201d):<\/p>\n<p style=\"text-align: justify;\"><i>Ave, Rainha do c\u00e9u; ave, dos anjos Senhora; ave, raiz, ave, porta; da luz do mundo \u00e9s aurora. Exulta, \u00f3 Virgem gloriosa, as outras seguem-te ap\u00f3s; n\u00f3s te saudamos: adeus! E pede a Cristo por n\u00f3s!<\/i><\/p>\n<h2>V\u00eddeo integral da Missa<\/h2>\n<div>\n<div class=\"article__embed article__embed--unwrap article__embed--dark\">\n<div class=\"embed-container\"><iframe id=\"759838964\" src=\"https:\/\/www.youtube.com\/embed\/qqbSU79fm9s?wmode=opaque&amp;rel=0&amp;autohide=1&amp;showinfo=0&amp;wmode=transparent&amp;modestbranding=1&amp;enablejsapi=1&amp;origin=https:\/\/www.vaticannews.va&amp;start=&amp;end=\" allowfullscreen=\"allowfullscreen\" data-gtm-yt-inspected-7781034_9=\"true\" data-mce-fragment=\"1\"><\/iframe><\/div>\n<div class=\"article__innerTitle\">Missa com o Papa Francisco na Casa Santa Marta &#8211; 08.04.2020<\/div>\n<\/div>\n<\/div>\n<\/div>\n","protected":false},"excerpt":{"rendered":"<p>Na Missa esta quarta-feira (08\/04), Francisco rezou ao Senhor a fim de que toque o cora\u00e7\u00e3o dos que se aproveitam daqueles que se encontram necessitados nesta crise causada pela pandemia de coronav\u00edrus. Na homilia, falou da trai\u00e7\u00e3o de Judas, daqueles que vendem as pessoas, inclusive seus entes queridos, para lucro pessoal VATICAN NEWS O Papa [&hellip;]<\/p>\n","protected":false},"author":1,"featured_media":58233,"comment_status":"open","ping_status":"closed","sticky":false,"template":"","format":"standard","meta":{"footnotes":""},"categories":[3],"tags":[],"class_list":["post-58232","post","type-post","status-publish","format-standard","has-post-thumbnail","hentry","category-vaticano"],"_links":{"self":[{"href":"https:\/\/catolicanet.net\/wp-cnet\/wp-json\/wp\/v2\/posts\/58232","targetHints":{"allow":["GET"]}}],"collection":[{"href":"https:\/\/catolicanet.net\/wp-cnet\/wp-json\/wp\/v2\/posts"}],"about":[{"href":"https:\/\/catolicanet.net\/wp-cnet\/wp-json\/wp\/v2\/types\/post"}],"author":[{"embeddable":true,"href":"https:\/\/catolicanet.net\/wp-cnet\/wp-json\/wp\/v2\/users\/1"}],"replies":[{"embeddable":true,"href":"https:\/\/catolicanet.net\/wp-cnet\/wp-json\/wp\/v2\/comments?post=58232"}],"version-history":[{"count":1,"href":"https:\/\/catolicanet.net\/wp-cnet\/wp-json\/wp\/v2\/posts\/58232\/revisions"}],"predecessor-version":[{"id":58234,"href":"https:\/\/catolicanet.net\/wp-cnet\/wp-json\/wp\/v2\/posts\/58232\/revisions\/58234"}],"wp:featuredmedia":[{"embeddable":true,"href":"https:\/\/catolicanet.net\/wp-cnet\/wp-json\/wp\/v2\/media\/58233"}],"wp:attachment":[{"href":"https:\/\/catolicanet.net\/wp-cnet\/wp-json\/wp\/v2\/media?parent=58232"}],"wp:term":[{"taxonomy":"category","embeddable":true,"href":"https:\/\/catolicanet.net\/wp-cnet\/wp-json\/wp\/v2\/categories?post=58232"},{"taxonomy":"post_tag","embeddable":true,"href":"https:\/\/catolicanet.net\/wp-cnet\/wp-json\/wp\/v2\/tags?post=58232"}],"curies":[{"name":"wp","href":"https:\/\/api.w.org\/{rel}","templated":true}]}}