{"id":58227,"date":"2020-04-08T08:54:11","date_gmt":"2020-04-08T11:54:11","guid":{"rendered":"https:\/\/catolicanet.net\/wp-cnet\/?p=58227"},"modified":"2020-04-08T13:03:25","modified_gmt":"2020-04-08T16:03:25","slug":"o-papa-na-audiencia-geral-crucifixo-e-evangelho-grande-liturgia-domestica","status":"publish","type":"post","link":"https:\/\/catolicanet.net\/wp-cnet\/o-papa-na-audiencia-geral-crucifixo-e-evangelho-grande-liturgia-domestica\/","title":{"rendered":"O Papa na Audi\u00eancia Geral: Crucifixo e Evangelho, grande liturgia dom\u00e9stica"},"content":{"rendered":"<div class=\"article__subTitle\" style=\"text-align: justify;\">&#8220;Nos far\u00e1 bem olhar o crucifixo em sil\u00eancio e ver quem \u00e9 o nosso Senhor: \u00e9 Aquele que n\u00e3o aponta o dedo contra ningu\u00e9m, mas abre os bra\u00e7os para todos&#8221;, disse Francisco na catequese desta quarta-feira.<\/div>\n<div class=\"title__separator\" style=\"text-align: justify;\"><\/div>\n<div class=\"article__text\">\n<p style=\"text-align: justify;\"><b>Mariangela Jaguraba &#8211; Cidade do Vaticano<\/b><\/p>\n<iframe loading=\"lazy\"  id=\"_ytid_72724\"  width=\"696\" height=\"392\"  data-origwidth=\"696\" data-origheight=\"392\"  data-relstop=\"1\" src=\"https:\/\/www.youtube.com\/embed\/Us9hoq5WEV4?enablejsapi=1&autoplay=0&cc_load_policy=0&cc_lang_pref=&iv_load_policy=1&loop=0&rel=0&fs=1&playsinline=0&autohide=2&theme=dark&color=red&controls=1&disablekb=0&\" class=\"__youtube_prefs__  no-lazyload\" title=\"YouTube player\"  allow=\"fullscreen; accelerometer; autoplay; clipboard-write; encrypted-media; gyroscope; picture-in-picture; web-share\" referrerpolicy=\"strict-origin-when-cross-origin\" allowfullscreen data-no-lazy=\"1\" data-skipgform_ajax_framebjll=\"\"><\/iframe>\n<p style=\"text-align: justify;\">\u201cNessas semanas de apreens\u00e3o por causa da pandemia que est\u00e1 fazendo o mundo sofrer, entre as muitas perguntas que nos fazemos, tamb\u00e9m pode haver perguntas sobre Deus: o que Ele faz diante de nossa dor? Onde est\u00e1 quando tudo d\u00e1 errado? Por que n\u00e3o resolve os problemas rapidamente?\u201d<\/p>\n<p style=\"text-align: justify;\">Com essas palavras, o Papa Francisco iniciou sua catequese na Audi\u00eancia Geral, desta quarta-feira (08\/04), realizada na Biblioteca do Pal\u00e1cio Apost\u00f3lico, devido \u00e0 pandemia do Covid-19.<\/p>\n<p style=\"text-align: justify;\">Segundo o Pont\u00edfice, \u201ca narra\u00e7\u00e3o da Paix\u00e3o de Jesus, que nos acompanha nestes dias santos, nos ajuda\u201d, pois nela se concentram muitas perguntas. \u201cO povo, depois de acolher Jesus triunfante em Jerusal\u00e9m, se perguntava se ele finalmente libertaria o povo de seus inimigos. Esperavam um Messias poderoso e triunfante com a espada. Em vez disso, chega um homem manso e humilde de cora\u00e7\u00e3o, que convida \u00e0 convers\u00e3o e \u00e0 miseric\u00f3rdia\u201d. Aquela mesma multid\u00e3o, que antes gritava \u201cHosana ao Filho de Davi!\u201d, agora grita: \u201cCrucifica-o!\u201d Aqueles que o seguiram, confusos e assustados, o abandonam. Pensaram: se o destino de Jesus \u00e9 esse, o Messias n\u00e3o \u00e9 Ele, porque Deus \u00e9 forte e invenc\u00edvel\u201d.<\/p>\n<h2 style=\"text-align: justify;\">Crucifixo e Evangelho:\u00a0grande liturgia dom\u00e9stica<\/h2>\n<p style=\"text-align: justify;\">O Papa ent\u00e3o disse que se continuamos a leitura da Paix\u00e3o do Senhor, \u201cencontramos um fato surpreendente. Quando Jesus morre, o centuri\u00e3o romano, que era um pag\u00e3o, que o viu sofrer na cruz, o ouviu perdoar a todos e tocou com as m\u00e3os o seu amor sem medida, confessa: \u00abDe fato, esse homem era mesmo Filho de Deus!\u00bb Diz o contr\u00e1rio dos outros. Diz que Deus est\u00e1 ali realmente\u201d.<\/p>\n<div style=\"text-align: justify;\">\n<aside class=\"article__readmore\">\n<div class=\"teaser--labelEvidence teaser teaser--type-udienze_papali\">\n<article>\n<div class=\"teaser__labelWrapper\"><\/div>\n<div class=\"teaser__contentWrapper\">\n<div>\u201cPerguntemo-nos hoje: qual \u00e9 a verdadeira face de Deus? Geralmente, projetamos Nele o que somos, na m\u00e1xima pot\u00eancia: o nosso sucesso, o nosso senso de justi\u00e7a e tamb\u00e9m a nossa indigna\u00e7\u00e3o. Por\u00e9m, o Evangelho nos diz que Deus n\u00e3o \u00e9 assim. \u00c9 diferente e n\u00e3o podemos conhec\u00ea-lo com as nossas pr\u00f3prias for\u00e7as. Foi por isso que ele se fez pr\u00f3ximo, veio ao nosso encontro e se revelou completamente na P\u00e1scoa. Onde? Na cruz. Nela aprendemos os tra\u00e7os do rosto de Deus. Porque <b>a cruz \u00e9 a c\u00e1tedra de Deus<\/b>\u201d, disse Francisco, acrescentando:<\/div>\n<\/div>\n<\/article>\n<\/div>\n<\/aside>\n<\/div>\n<p style=\"text-align: justify;\"><i>Nos far\u00e1 bem olhar o crucifixo em sil\u00eancio e ver quem \u00e9 o nosso Senhor: \u00e9 Aquele que n\u00e3o aponta o dedo contra ningu\u00e9m, mas abre os bra\u00e7os para todos; que n\u00e3o nos esmaga com a sua gl\u00f3ria, mas se despe por n\u00f3s; que n\u00e3o nos ama em palavras, mas nos d\u00e1 a vida em sil\u00eancio; que n\u00e3o nos obriga, mas nos liberta; que n\u00e3o nos trata como estranhos, mas assume os nossos males, os nossos pecados. Para nos libertar dos preconceitos sobre Deus, olhemos o crucifixo e depois abramos o Evangelho.<\/i><\/p>\n<p style=\"text-align: justify;\">A seguir, o Papa disse:<\/p>\n<p style=\"text-align: justify;\"><i>Nestes dias, todos em quarentena e em casa, fechados, tomemos essas duas coisas em m\u00e3os: o crucifixo, vamos olh\u00e1-lo, e abramos o Evangelho. Isso ser\u00e1 para n\u00f3s, digamos assim, como uma grande liturgia dom\u00e9stica, pois n\u00e3o podemos ir \u00e0 igreja nesses dias. Crucifixo e Evangelho.<\/i><\/p>\n<h2 style=\"text-align: justify;\">Deus \u00e9 onipotente no amor<\/h2>\n<p style=\"text-align: justify;\">O Evangelho nos diz que \u201cquando as pessoas v\u00e3o a Jesus para faz\u00ea-lo rei, por exemplo, depois da multiplica\u00e7\u00e3o dos p\u00e3es, Ele sai. Quando os esp\u00edritos maus querem revelar a sua majestade divina, Ele os silencia. Por qu\u00ea? Porque Jesus n\u00e3o quer ser mal entendido, ele n\u00e3o quer que as pessoas confundam o Deus verdadeiro, que \u00e9 o amor humilde, com um deus falso, um deus mundano que d\u00e1 espet\u00e1culo e se imp\u00f5e \u00e0 for\u00e7a.\u00a0<b>Deus \u00e9 onipotente no amor, e n\u00e3o de outra maneira.\u00a0\u00c9 sua natureza.<\/b>\u00a0Ele \u00e9 assim. Ele \u00e9 amor\u201d.<\/p>\n<p style=\"text-align: justify;\">Francisco disse que podemos objetar:<\/p>\n<p style=\"text-align: justify;\"><i>O que eu fa\u00e7o com um Deus t\u00e3o fraco? Preferiria um deus forte e poderoso!\u201d. Mas o poder deste mundo passa, enquanto o amor permanece. Somente o amor protege a vida que temos, porque abra\u00e7a as nossas fragilidades e as transforma. \u00c9 o amor de Deus que curou o nosso pecado na P\u00e1scoa com seu perd\u00e3o, que fez da morte uma passagem da vida, que transformou o nosso medo em confian\u00e7a, a nossa ang\u00fastia em esperan\u00e7a. A P\u00e1scoa nos diz que Deus pode transformar tudo para o bem. Que com ele podemos realmente confiar que tudo ficar\u00e1 bem. \u00c9 por isso que na manh\u00e3 de P\u00e1scoa nos \u00e9 dito: \u201cN\u00e3o tenha medo!\u201d. As perguntas angustiantes sobre o mal n\u00e3o desaparecem repentinamente, mas encontram no Ressuscitado o fundamento s\u00f3lido que n\u00e3o nos deixa naufragar.<\/i><\/p>\n<p style=\"text-align: justify;\">Francisco concluiu sua catequese, dizendo que \u201cJesus mudou a hist\u00f3ria, tornando-se pr\u00f3ximo de n\u00f3s e fez dela, embora ainda marcada pelo mal, uma hist\u00f3ria de salva\u00e7\u00e3o\u201d. Convidou a todos a abrir o cora\u00e7\u00e3o na ora\u00e7\u00e3o: \u201cN\u00e3o se esque\u00e7am:\u00a0<b>Crucifixo e Evangelho. A liturgia dom\u00e9stica ser\u00e1 essa<\/b>\u201d e desejou a todos uma boa Semana Santa e uma Feliz P\u00e1scoa.<\/p>\n<\/div>\n","protected":false},"excerpt":{"rendered":"<p>&#8220;Nos far\u00e1 bem olhar o crucifixo em sil\u00eancio e ver quem \u00e9 o nosso Senhor: \u00e9 Aquele que n\u00e3o aponta o dedo contra ningu\u00e9m, mas abre os bra\u00e7os para todos&#8221;, disse Francisco na catequese desta quarta-feira. Mariangela Jaguraba &#8211; Cidade do Vaticano \u201cNessas semanas de apreens\u00e3o por causa da pandemia que est\u00e1 fazendo o mundo [&hellip;]<\/p>\n","protected":false},"author":1,"featured_media":58228,"comment_status":"open","ping_status":"closed","sticky":false,"template":"","format":"standard","meta":{"footnotes":""},"categories":[13,3],"tags":[],"class_list":["post-58227","post","type-post","status-publish","format-standard","has-post-thumbnail","hentry","category-featured","category-vaticano"],"_links":{"self":[{"href":"https:\/\/catolicanet.net\/wp-cnet\/wp-json\/wp\/v2\/posts\/58227","targetHints":{"allow":["GET"]}}],"collection":[{"href":"https:\/\/catolicanet.net\/wp-cnet\/wp-json\/wp\/v2\/posts"}],"about":[{"href":"https:\/\/catolicanet.net\/wp-cnet\/wp-json\/wp\/v2\/types\/post"}],"author":[{"embeddable":true,"href":"https:\/\/catolicanet.net\/wp-cnet\/wp-json\/wp\/v2\/users\/1"}],"replies":[{"embeddable":true,"href":"https:\/\/catolicanet.net\/wp-cnet\/wp-json\/wp\/v2\/comments?post=58227"}],"version-history":[{"count":3,"href":"https:\/\/catolicanet.net\/wp-cnet\/wp-json\/wp\/v2\/posts\/58227\/revisions"}],"predecessor-version":[{"id":58231,"href":"https:\/\/catolicanet.net\/wp-cnet\/wp-json\/wp\/v2\/posts\/58227\/revisions\/58231"}],"wp:featuredmedia":[{"embeddable":true,"href":"https:\/\/catolicanet.net\/wp-cnet\/wp-json\/wp\/v2\/media\/58228"}],"wp:attachment":[{"href":"https:\/\/catolicanet.net\/wp-cnet\/wp-json\/wp\/v2\/media?parent=58227"}],"wp:term":[{"taxonomy":"category","embeddable":true,"href":"https:\/\/catolicanet.net\/wp-cnet\/wp-json\/wp\/v2\/categories?post=58227"},{"taxonomy":"post_tag","embeddable":true,"href":"https:\/\/catolicanet.net\/wp-cnet\/wp-json\/wp\/v2\/tags?post=58227"}],"curies":[{"name":"wp","href":"https:\/\/api.w.org\/{rel}","templated":true}]}}