{"id":5822,"date":"2015-05-18T18:04:53","date_gmt":"2015-05-18T21:04:53","guid":{"rendered":"http:\/\/catolicanet.net\/wp-cnet\/terra-renovada\/"},"modified":"2017-04-07T16:43:17","modified_gmt":"2017-04-07T19:43:17","slug":"terra-renovada","status":"publish","type":"post","link":"https:\/\/catolicanet.net\/wp-cnet\/terra-renovada\/","title":{"rendered":"Terra renovada"},"content":{"rendered":"<p style=\"text-align: justify;\">A \u00faltima for\u00e7a que morre \u00e9 a esperan\u00e7a. Perd\u00ea-la significa conformar-se com a derrota, com um presente e um futuro sem sentido. Mas a for\u00e7a da esperan\u00e7a est\u00e1 na confian\u00e7a que temos em Deus e na atualidade concreta do Esp\u00edrito Santo. Tendo voltado ao Pai, no dia da Ascens\u00e3o, Jesus prometeu e enviou o Par\u00e1clito, o Esp\u00edrito Santo da verdade para animar os crist\u00e3os numa hist\u00f3ria de transforma\u00e7\u00e3o.<br \/>Vivemos novos tempos, numa cultura rica de possibilidades, mas tamb\u00e9m de crises, at\u00e9 de expurgo institucional que, certamente, vai trazer frutos positivos. Em tudo, n\u00e3o podemos perder a dimens\u00e3o do Esp\u00edrito de Deus como iluminador dos meios que ocasionam um mundo diferente, que consegue harmonizar as diversidades e acertar as arestas na governabilidade.<br \/>As fragilidades e d\u00favidas de hoje, que causam medo e sintoma de hostilidade, devem ser superadas com a presen\u00e7a de Cristo Ressuscitado. Sua presen\u00e7a se faz vis\u00edvel quando as pessoas colocam confian\u00e7a Nele. O medo gera desconfian\u00e7a, faz a pessoa ver Cristo como um fantasma e n\u00e3o como libertador. Mas Ele caminha com aqueles que O t\u00eam como Deus da vida plena.<br \/>As injusti\u00e7as, as guerras e viol\u00eancias s\u00e3o faltas de paz, ou n\u00e3o reconhecimento da presen\u00e7a daquele que \u00e9 capaz de realizar a paz verdadeira. \u00c9 n\u00e3o ter ci\u00eancia do sopro fecundo do Esp\u00edrito, provocando uma nova gera\u00e7\u00e3o. Pentecostes constitui a efus\u00e3o do Esp\u00edrito de Cristo Ressuscitado e fonte genu\u00edna de dinamismo crist\u00e3o.<br \/>Celebramos a Festa da Unidade e Comunh\u00e3o entre as pessoas, principalmente entre os crist\u00e3os, da converg\u00eancia de for\u00e7as para construir verdadeiras comunidades. No Esp\u00edrito Santo n\u00e3o existem fronteiras, limites e barreiras intranspon\u00edveis, sejam religiosas ou nacionais. Ele conduz as pessoas at\u00e9 aos extremos da miseric\u00f3rdia, fazendo a humanidade um s\u00f3 povo em Cristo.<br \/>A concorr\u00eancia desleal n\u00e3o faz bem \u00e0s pessoas. Ela facilita a desonestidade e a explora\u00e7\u00e3o, seja no aspecto cultural, econ\u00f4mico ou pol\u00edtico. \u00c9 mais saud\u00e1vel a pr\u00e1tica da doa\u00e7\u00e3o, da gratuidade, da acolhida e da comunh\u00e3o. O Esp\u00edrito de Pentecostes n\u00e3o propaga exclus\u00e3o, mas distribui perd\u00e3o que vem de Deus.<\/p>\n","protected":false},"excerpt":{"rendered":"<p>A \u00faltima for\u00e7a que morre \u00e9 a esperan\u00e7a. Perd\u00ea-la significa conformar-se com a derrota, com um presente e um futuro sem sentido. Mas a for\u00e7a da esperan\u00e7a est\u00e1 na confian\u00e7a que temos em Deus e na atualidade concreta do Esp\u00edrito Santo. Tendo voltado ao Pai, no dia da Ascens\u00e3o, Jesus prometeu e enviou o Par\u00e1clito, [&hellip;]<\/p>\n","protected":false},"author":11,"featured_media":0,"comment_status":"closed","ping_status":"closed","sticky":false,"template":"","format":"standard","meta":{"footnotes":""},"categories":[9],"tags":[],"class_list":["post-5822","post","type-post","status-publish","format-standard","hentry","category-artigos"],"_links":{"self":[{"href":"https:\/\/catolicanet.net\/wp-cnet\/wp-json\/wp\/v2\/posts\/5822","targetHints":{"allow":["GET"]}}],"collection":[{"href":"https:\/\/catolicanet.net\/wp-cnet\/wp-json\/wp\/v2\/posts"}],"about":[{"href":"https:\/\/catolicanet.net\/wp-cnet\/wp-json\/wp\/v2\/types\/post"}],"author":[{"embeddable":true,"href":"https:\/\/catolicanet.net\/wp-cnet\/wp-json\/wp\/v2\/users\/11"}],"replies":[{"embeddable":true,"href":"https:\/\/catolicanet.net\/wp-cnet\/wp-json\/wp\/v2\/comments?post=5822"}],"version-history":[{"count":1,"href":"https:\/\/catolicanet.net\/wp-cnet\/wp-json\/wp\/v2\/posts\/5822\/revisions"}],"predecessor-version":[{"id":10684,"href":"https:\/\/catolicanet.net\/wp-cnet\/wp-json\/wp\/v2\/posts\/5822\/revisions\/10684"}],"wp:attachment":[{"href":"https:\/\/catolicanet.net\/wp-cnet\/wp-json\/wp\/v2\/media?parent=5822"}],"wp:term":[{"taxonomy":"category","embeddable":true,"href":"https:\/\/catolicanet.net\/wp-cnet\/wp-json\/wp\/v2\/categories?post=5822"},{"taxonomy":"post_tag","embeddable":true,"href":"https:\/\/catolicanet.net\/wp-cnet\/wp-json\/wp\/v2\/tags?post=5822"}],"curies":[{"name":"wp","href":"https:\/\/api.w.org\/{rel}","templated":true}]}}