{"id":58206,"date":"2020-04-10T15:00:29","date_gmt":"2020-04-10T18:00:29","guid":{"rendered":"https:\/\/catolicanet.net\/wp-cnet\/?p=58206"},"modified":"2020-04-08T12:22:47","modified_gmt":"2020-04-08T15:22:47","slug":"sexta-feira-da-paixao-2","status":"publish","type":"post","link":"https:\/\/catolicanet.net\/wp-cnet\/sexta-feira-da-paixao-2\/","title":{"rendered":"SEXTA-FEIRA DA PAIX\u00c3O"},"content":{"rendered":"<p style=\"text-align: justify;\"><em>\u201cA verdade \u00e9 que ele tomava sobre si nossas enfermidades e sofria, ele mesmo, nossas dores; e n\u00f3s pens\u00e1vamos fosse um chagado, golpeado por Deus e humilhado!\u201d (Is 53, 4)<\/em><\/p>\n<p style=\"text-align: justify;\"><strong>\u00a0\u00a0\u00a0\u00a0\u00a0\u00a0\u00a0\u00a0 <\/strong>O \u00e1pice do Servi\u00e7o do Amor se d\u00e1 no madeiro, da cruz. Aquele objeto dito como a mais vergonhosa das condena\u00e7\u00f5es, torna-se o s\u00edmbolo da Salva\u00e7\u00e3o e Reden\u00e7\u00e3o de Deus para a humanidade. <em>A Paix\u00e3o que liberta as nossas paix\u00f5es. A cruz que condena e esmaga o pecado em n\u00f3s. <\/em><\/p>\n<p style=\"text-align: justify;\"><em>\u201cTodos pecaram e se privaram da gl\u00f3ria de Deus, mas foram justificados gratuitamente pela sua gra\u00e7a, por meio da reden\u00e7\u00e3o que h\u00e1 em Cristo Jesus. Deus o predeterminou para a propicia\u00e7\u00e3o por meio da f\u00e9 no seu sangue [\u2026], para provar a sua justi\u00e7a no tempo presente, a fim de que ele seja justo e justifique aquele que tem f\u00e9 em Jesus\u201d (Rm 3, 23-26). <\/em>Ora, o que necessitamos \u00e9 nos situarmos de na verdade que \u00e9 nos dada, afinal <em>um canto novo, um hino esponsal<\/em> foi nos dado no madeiro, onde as nossas mis\u00e9rias foram apagadas pelos cravos que penduraram o Templo do Esp\u00edrito na cruz.<\/p>\n<p style=\"text-align: justify;\">A reconcilia\u00e7\u00e3o s\u00f3 foi nos garantida pela obedi\u00eancia de Jesus ao consumir sua vida por n\u00f3s. \u201c<em>Mais ainda: esta obedi\u00eancia lhe custou l\u00e1grimas, f\u00ea-lo sofrer! Toda a exist\u00eancia do Senhor Jesus foi uma total dedica\u00e7\u00e3o ao Pai, uma absoluta entrega, no dia-a-dia, nas pequenas coisas\u2026 Jesus foi procurando e descobrindo a vontade do Pai nos acontecimentos, nas pessoas, nas Escrituras\u2026 e, pouco a pouco, foi percebendo que esta vontade ia lev\u00e1-lo \u00e0 cruz. E ele, nosso Salvador, \u201ccom forte clamor e l\u00e1grimas\u201d, foi se entregando, se esvaziando, se abandonando\u2026\u201d (D. Henrique Soares da Costa, https:\/\/www.presbiteros.org.br\/homilia-do-d-henrique-soares-da-costa-%e2%80%93-sexta-feira-santa-%e2%80%93-ano-a\/ &#8211; acesso em 04 de abril de 2020). <\/em>E o que nos \u00e9 convidado \u00e9 a convers\u00e3o de nossos atos, das nossa mazelas, do nosso cora\u00e7\u00e3o, atrav\u00e9s da obedi\u00eancia pelo Amor e para o Amor. <em>\u201cO amor de Cristo nos impele a anunciar ao mundo a boa not\u00edcia de que n\u00e3o h\u00e1 nenhuma condena\u00e7\u00e3o aos que est\u00e3o em Cristo Jesus, porque Ele libertou a todos da lei do pecado e da morte\u201d (Frei Cantalamessa &#8211; https:\/\/noticias.cancaonova.com\/especiais\/pontificado\/francisco\/edit-2\/, acesso em 05 de abril de 2020).<\/em><\/p>\n<p style=\"text-align: justify;\"><em>\u201cSenhor Jesus, que o teu sublime exemplo de amor ao Pai e a n\u00f3s, nos comova e converta o cora\u00e7\u00e3o, tire-nos da pregui\u00e7a espiritual e de uma vida crist\u00e3 morna e t\u00edbia! Senhor, obrigados por t\u00e3o grande prova de amor a n\u00f3s e ao mundo todo! Obrigados por tuas dores, obrigados por tua cruz, obrigados por tua morte e por tua sepultura!\u201d (D. Henrique Soares da Costa)<\/em><\/p>\n<p style=\"text-align: justify;\">N\u00f3s vos adoramos, Senhor Jesus Cristo, e vos bendizemos, porque pela vossa santa cruz remistes o mundo!<\/p>\n<p><em>\u00a0\u00a0\u00a0\u00a0\u00a0\u00a0\u00a0\u00a0 <\/em><\/p>\n<p>Sauda\u00e7\u00f5es em Cristo!<\/p>\n","protected":false},"excerpt":{"rendered":"<p>\u201cA verdade \u00e9 que ele tomava sobre si nossas enfermidades e sofria, ele mesmo, nossas dores; e n\u00f3s pens\u00e1vamos fosse um chagado, golpeado por Deus e humilhado!\u201d (Is 53, 4) \u00a0\u00a0\u00a0\u00a0\u00a0\u00a0\u00a0\u00a0 O \u00e1pice do Servi\u00e7o do Amor se d\u00e1 no madeiro, da cruz. Aquele objeto dito como a mais vergonhosa das condena\u00e7\u00f5es, torna-se o s\u00edmbolo [&hellip;]<\/p>\n","protected":false},"author":10,"featured_media":55817,"comment_status":"open","ping_status":"closed","sticky":false,"template":"","format":"standard","meta":{"footnotes":""},"categories":[9],"tags":[],"class_list":["post-58206","post","type-post","status-publish","format-standard","has-post-thumbnail","hentry","category-artigos"],"_links":{"self":[{"href":"https:\/\/catolicanet.net\/wp-cnet\/wp-json\/wp\/v2\/posts\/58206","targetHints":{"allow":["GET"]}}],"collection":[{"href":"https:\/\/catolicanet.net\/wp-cnet\/wp-json\/wp\/v2\/posts"}],"about":[{"href":"https:\/\/catolicanet.net\/wp-cnet\/wp-json\/wp\/v2\/types\/post"}],"author":[{"embeddable":true,"href":"https:\/\/catolicanet.net\/wp-cnet\/wp-json\/wp\/v2\/users\/10"}],"replies":[{"embeddable":true,"href":"https:\/\/catolicanet.net\/wp-cnet\/wp-json\/wp\/v2\/comments?post=58206"}],"version-history":[{"count":1,"href":"https:\/\/catolicanet.net\/wp-cnet\/wp-json\/wp\/v2\/posts\/58206\/revisions"}],"predecessor-version":[{"id":58207,"href":"https:\/\/catolicanet.net\/wp-cnet\/wp-json\/wp\/v2\/posts\/58206\/revisions\/58207"}],"wp:featuredmedia":[{"embeddable":true,"href":"https:\/\/catolicanet.net\/wp-cnet\/wp-json\/wp\/v2\/media\/55817"}],"wp:attachment":[{"href":"https:\/\/catolicanet.net\/wp-cnet\/wp-json\/wp\/v2\/media?parent=58206"}],"wp:term":[{"taxonomy":"category","embeddable":true,"href":"https:\/\/catolicanet.net\/wp-cnet\/wp-json\/wp\/v2\/categories?post=58206"},{"taxonomy":"post_tag","embeddable":true,"href":"https:\/\/catolicanet.net\/wp-cnet\/wp-json\/wp\/v2\/tags?post=58206"}],"curies":[{"name":"wp","href":"https:\/\/api.w.org\/{rel}","templated":true}]}}