{"id":58166,"date":"2020-04-07T10:08:51","date_gmt":"2020-04-07T13:08:51","guid":{"rendered":"https:\/\/catolicanet.net\/wp-cnet\/?p=58166"},"modified":"2020-04-07T13:57:11","modified_gmt":"2020-04-07T16:57:11","slug":"prorrogadas-as-inscricoes-para-os-cursos-de-capacitacao-da-pastoral-juvenil-do-brasil","status":"publish","type":"post","link":"https:\/\/catolicanet.net\/wp-cnet\/prorrogadas-as-inscricoes-para-os-cursos-de-capacitacao-da-pastoral-juvenil-do-brasil\/","title":{"rendered":"Prorrogadas as inscri\u00e7\u00f5es para os Cursos de Capacita\u00e7\u00e3o da Pastoral Juvenil do Brasil"},"content":{"rendered":"<p style=\"text-align: justify;\">Foram prorrogadas at\u00e9 o dia 30 de abril as inscri\u00e7\u00f5es para os Cursos de Capacita\u00e7\u00e3o da Pastoral Juvenil do Brasil\u00a0oferecidos pela Comiss\u00e3o\u00a0para a Juventude da Confer\u00eancia Nacional dos Bispos do Brasil (CNBB)\u00a0atrav\u00e9s da plataforma de ensino \u00e0 dist\u00e2ncia.<\/p>\n<p style=\"text-align: justify;\">Neste per\u00edodo de pandemia, essa \u00e9 uma oportunidade de alavancar os conhecimentos sobre a Igreja, os jovens e principalmente em como continuar alimentando a sua f\u00e9 em tempos de isolamento social.<\/p>\n<p style=\"text-align: justify;\">Os cursos de extens\u00e3o oferecidos s\u00e3o:<\/p>\n<ul style=\"text-align: justify;\">\n<li><a href=\"http:\/\/ead.jovensconectados.org.br\/course\/view.php?id=18\">Curso de Capacita\u00e7\u00e3o de Lideran\u00e7a e Coordenadores de Jovens<\/a><\/li>\n<li><a href=\"http:\/\/ead.jovensconectados.org.br\/course\/view.php?id=19\">Curso de Capacita\u00e7\u00e3o de Assessores de Jovens<\/a><\/li>\n<li><a href=\"http:\/\/ead.jovensconectados.org.br\/course\/view.php?id=20\">Curso de Capacita\u00e7\u00e3o de Pol\u00edticas P\u00fablicas<\/a><\/li>\n<li><a href=\"http:\/\/ead.jovensconectados.org.br\/course\/view.php?id=16\">Curso de Capacita\u00e7\u00e3o sobre o S\u00ednodo da Juventude<\/a>\u00a0(NOVO)<\/li>\n<\/ul>\n<p style=\"text-align: justify;\">As aulas do novo curso de capacita\u00e7\u00e3o sobre o S\u00ednodo da Juventude e a Exorta\u00e7\u00e3o Apost\u00f3lica\u00a0Christus\u00a0Vivit ser\u00e3o ministradas pelos bispos brasileiros que participaram da XV Assembleia Ordin\u00e1ria do S\u00ednodo dos Bispos realizado em\u00a0outubro de 2018 sobre a Juventude.<\/p>\n<p style=\"text-align: justify;\">Al\u00e9m esses, est\u00e3o sendo oferecidos os cursos de p\u00f3s-gradua\u00e7\u00e3o em Pastoral Juvenil\u00a0e p\u00f3s-gradua\u00e7\u00e3o em Acompanhamento de Adolescentes e Jovens. Todos os cursos s\u00e3o totalmente\u00a0gratuitos\u00a0e a matr\u00edcula\u00a0pode ser feita pela plataforma EAD.<\/p>\n<p style=\"text-align: justify;\">As aulas ser\u00e3o ministradas principalmente pelos\u00a0bispos na modalidade\u00a0EaD\u00a0(educa\u00e7\u00e3o a dist\u00e2ncia)\u00a0e ser\u00e3o\u00a0divididas\u00a0em m\u00f3dulos, nos quais eles apresentar\u00e3o\u00a0pistas pastorais que ajudar\u00e3o a melhorar as a\u00e7\u00f5es de milhares de jovens por toda a terra tupiniquim.\u00a0Esta \u00e9 a primeira vez\u00a0que um pa\u00eds\u00a0da Am\u00e9rica Latina dedica um curso em\u00a0EaD\u00a0para estudos da\u00a0Christus\u00a0Vivit.<\/p>\n<p style=\"text-align: justify;\">As inscri\u00e7\u00f5es\u00a0para todos os cursos ofertados\u00a0s\u00e3o gratuitas\u00a0e podem ser feitas\u00a0atrav\u00e9s de um cadastro na plataforma:\u00a0<a href=\"http:\/\/ead.jovensconectados.org.br\/\">http:\/\/ead.jovensconectados.org.br<\/a>.\u00a0Feito o cadastro\u00a0ser\u00e1 necess\u00e1rio confirmar o e-mail\u00a0atrav\u00e9s de uma mensagem.\u00a0Ap\u00f3s a confirma\u00e7\u00e3o do e-mail,\u00a0o usu\u00e1rio dever\u00e1\u00a0acessar\u00a0a plataforma, clicar\u00a0em\u00a0<a href=\"http:\/\/ead.jovensconectados.org.br\/course\/index.php?categoryid=3\">Turmas 2020<\/a>\u00a0e selecionar\u00a0o\u00a0curso desejado.\u00a0Em seguida, ao clicar no curso de interesse, basta clicar no bot\u00e3o\u00a0\u201cINSCREVA-ME\u201d\u00a0para efetivar sua matr\u00edcula no curso.<\/p>\n<p style=\"text-align: justify;\">Cada curso tem um prazo de at\u00e9 3 meses para ser conclu\u00eddo. Os cursos ficam dispon\u00edveis durante 90 dias ap\u00f3s a abertura das inscri\u00e7\u00f5es, durante este per\u00edodo o aluno deve realizar todo o curso.<\/p>\n","protected":false},"excerpt":{"rendered":"<p>Foram prorrogadas at\u00e9 o dia 30 de abril as inscri\u00e7\u00f5es para os Cursos de Capacita\u00e7\u00e3o da Pastoral Juvenil do Brasil\u00a0oferecidos pela Comiss\u00e3o\u00a0para a Juventude da Confer\u00eancia Nacional dos Bispos do Brasil (CNBB)\u00a0atrav\u00e9s da plataforma de ensino \u00e0 dist\u00e2ncia. Neste per\u00edodo de pandemia, essa \u00e9 uma oportunidade de alavancar os conhecimentos sobre a Igreja, os jovens [&hellip;]<\/p>\n","protected":false},"author":1,"featured_media":58167,"comment_status":"open","ping_status":"closed","sticky":false,"template":"","format":"standard","meta":{"footnotes":""},"categories":[7],"tags":[],"class_list":["post-58166","post","type-post","status-publish","format-standard","has-post-thumbnail","hentry","category-cnbb"],"_links":{"self":[{"href":"https:\/\/catolicanet.net\/wp-cnet\/wp-json\/wp\/v2\/posts\/58166","targetHints":{"allow":["GET"]}}],"collection":[{"href":"https:\/\/catolicanet.net\/wp-cnet\/wp-json\/wp\/v2\/posts"}],"about":[{"href":"https:\/\/catolicanet.net\/wp-cnet\/wp-json\/wp\/v2\/types\/post"}],"author":[{"embeddable":true,"href":"https:\/\/catolicanet.net\/wp-cnet\/wp-json\/wp\/v2\/users\/1"}],"replies":[{"embeddable":true,"href":"https:\/\/catolicanet.net\/wp-cnet\/wp-json\/wp\/v2\/comments?post=58166"}],"version-history":[{"count":1,"href":"https:\/\/catolicanet.net\/wp-cnet\/wp-json\/wp\/v2\/posts\/58166\/revisions"}],"predecessor-version":[{"id":58168,"href":"https:\/\/catolicanet.net\/wp-cnet\/wp-json\/wp\/v2\/posts\/58166\/revisions\/58168"}],"wp:featuredmedia":[{"embeddable":true,"href":"https:\/\/catolicanet.net\/wp-cnet\/wp-json\/wp\/v2\/media\/58167"}],"wp:attachment":[{"href":"https:\/\/catolicanet.net\/wp-cnet\/wp-json\/wp\/v2\/media?parent=58166"}],"wp:term":[{"taxonomy":"category","embeddable":true,"href":"https:\/\/catolicanet.net\/wp-cnet\/wp-json\/wp\/v2\/categories?post=58166"},{"taxonomy":"post_tag","embeddable":true,"href":"https:\/\/catolicanet.net\/wp-cnet\/wp-json\/wp\/v2\/tags?post=58166"}],"curies":[{"name":"wp","href":"https:\/\/api.w.org\/{rel}","templated":true}]}}