{"id":5816,"date":"2015-05-14T16:58:14","date_gmt":"2015-05-14T19:58:14","guid":{"rendered":"http:\/\/catolicanet.net\/wp-cnet\/angola-celebrada-missa-por-jornalistas-falecidos\/"},"modified":"2017-04-07T10:47:54","modified_gmt":"2017-04-07T13:47:54","slug":"angola-celebrada-missa-por-jornalistas-falecidos","status":"publish","type":"post","link":"https:\/\/catolicanet.net\/wp-cnet\/angola-celebrada-missa-por-jornalistas-falecidos\/","title":{"rendered":"Angola. Celebrada Missa por jornalistas falecidos"},"content":{"rendered":"<p style=\"text-align: justify;\"><img decoding=\"async\" src=\"http:\/\/catolicanet.com.br\/images\/stories\/geral\/diamundialcomunicacoes.jpg\" border=\"0\" align=\"left\" \/>Com a celebra\u00e7\u00e3o da santa missa nesta ter\u00e7a-feira deu\u2013se in\u00edcio \u00e0s jornadas celebrativas do Dia Mundial da Comunica\u00e7\u00e3o Social, a assinalar-se no pr\u00f3ximo dia 17 de Maio.<\/p>\n<p>Durante a homilia, o vice-presidente da Comiss\u00e3o episcopal para as Comunica\u00e7\u00f5es da CEAST Dom Ant\u00f3nio Jaka declarou que o mist\u00e9rio da morte n\u00e3o \u00e9 uma fatalidade e nem \u00e9 derrota do homem.<\/p>\n<p>Dirigindo-se aos jornalistas, o tamb\u00e9m bispo da diocese de Caxito fez saber que a f\u00e9 se expressa, n\u00e3o s\u00f3 em palavras, mas tamb\u00e9m em actos concretos e em jeitos concretos. Acrescentou que, em momentos dif\u00edceis, deve-se sentir a m\u00e3o direita de Deus \u201cque protege, salva e ensina algo que deve ser guardado como valor supremo da verdade sobre o mundo\u201d.<\/p>\n<p>Entretanto, o jornalista e deputado Ra\u00fal Danda, considerou o acto como sendo uma atitude nobre da Igreja, sinal de reconhecimento do papel nobre do jornalista, que se bate em nome da verdade onde quer que ele esteja.<\/p>\n<p>J\u00e1 o jornalista Siona Casimiro considerou a homenagem, uma mais-valia relembrar os colegas que exerceram esta profiss\u00e3o e deixaram boas li\u00e7\u00f5es e destacou, por outro lado, a mensagem do Santo Padre para o dia mundialmente consagrado \u00e0 Comunica\u00e7\u00e3o Social.<\/p>\n<p>De Luanda para a R\u00e1dio Vaticano, Anast\u00e1cio Sasembele, paz e bem.<\/p>\n<p style=\"text-align: justify;\">\u00a0<\/p>\n<p style=\"text-align: justify;\">Fonte: R\u00e1dio Vaticano<\/p>\n","protected":false},"excerpt":{"rendered":"<p>Com a celebra\u00e7\u00e3o da santa missa nesta ter\u00e7a-feira deu\u2013se in\u00edcio \u00e0s jornadas celebrativas do Dia Mundial da Comunica\u00e7\u00e3o Social, a assinalar-se no pr\u00f3ximo dia 17 de Maio. Durante a homilia, o vice-presidente da Comiss\u00e3o episcopal para as Comunica\u00e7\u00f5es da CEAST Dom Ant\u00f3nio Jaka declarou que o mist\u00e9rio da morte n\u00e3o \u00e9 uma fatalidade e nem [&hellip;]<\/p>\n","protected":false},"author":1,"featured_media":0,"comment_status":"closed","ping_status":"closed","sticky":false,"template":"","format":"standard","meta":{"footnotes":""},"categories":[4],"tags":[],"class_list":["post-5816","post","type-post","status-publish","format-standard","hentry","category-cotidiano"],"_links":{"self":[{"href":"https:\/\/catolicanet.net\/wp-cnet\/wp-json\/wp\/v2\/posts\/5816","targetHints":{"allow":["GET"]}}],"collection":[{"href":"https:\/\/catolicanet.net\/wp-cnet\/wp-json\/wp\/v2\/posts"}],"about":[{"href":"https:\/\/catolicanet.net\/wp-cnet\/wp-json\/wp\/v2\/types\/post"}],"author":[{"embeddable":true,"href":"https:\/\/catolicanet.net\/wp-cnet\/wp-json\/wp\/v2\/users\/1"}],"replies":[{"embeddable":true,"href":"https:\/\/catolicanet.net\/wp-cnet\/wp-json\/wp\/v2\/comments?post=5816"}],"version-history":[{"count":1,"href":"https:\/\/catolicanet.net\/wp-cnet\/wp-json\/wp\/v2\/posts\/5816\/revisions"}],"predecessor-version":[{"id":10338,"href":"https:\/\/catolicanet.net\/wp-cnet\/wp-json\/wp\/v2\/posts\/5816\/revisions\/10338"}],"wp:attachment":[{"href":"https:\/\/catolicanet.net\/wp-cnet\/wp-json\/wp\/v2\/media?parent=5816"}],"wp:term":[{"taxonomy":"category","embeddable":true,"href":"https:\/\/catolicanet.net\/wp-cnet\/wp-json\/wp\/v2\/categories?post=5816"},{"taxonomy":"post_tag","embeddable":true,"href":"https:\/\/catolicanet.net\/wp-cnet\/wp-json\/wp\/v2\/tags?post=5816"}],"curies":[{"name":"wp","href":"https:\/\/api.w.org\/{rel}","templated":true}]}}