{"id":58156,"date":"2020-04-07T10:43:36","date_gmt":"2020-04-07T13:43:36","guid":{"rendered":"https:\/\/catolicanet.net\/wp-cnet\/?p=58156"},"modified":"2020-04-07T12:45:55","modified_gmt":"2020-04-07T15:45:55","slug":"dicasterio-para-os-leigos-idosos-na-solidao-o-coronavirus-mata-mais","status":"publish","type":"post","link":"https:\/\/catolicanet.net\/wp-cnet\/dicasterio-para-os-leigos-idosos-na-solidao-o-coronavirus-mata-mais\/","title":{"rendered":"Dicast\u00e9rio para os Leigos: \u201cIdosos, na solid\u00e3o, o coronav\u00edrus mata mais\u201d"},"content":{"rendered":"<div class=\"article__subTitle\" style=\"text-align: justify;\">\u201cA gera\u00e7\u00e3o dos nossos idosos, nestes dias \u2013 dif\u00edceis para todos \u2013 est\u00e1 pagando o pre\u00e7o mais alto da pandemia de Covid-19. As estat\u00edsticas nos dizem que na It\u00e1lia mais de 80% das pessoas que perderam a vida tinham mais de 70 anos\u201d.<\/div>\n<div class=\"title__separator\" style=\"text-align: justify;\"><\/div>\n<div class=\"article__text\">\n<p style=\"text-align: justify;\"><b>Cidade do Vaticano<\/b><\/p>\n<p style=\"text-align: justify;\">O\u00a0<b>Dicast\u00e9rio para os Leigos, a Fam\u00edlia e a Vida<\/b>\u00a0divulgou uma mensagem para os idosos, nesta ter\u00e7a-feira (07\/04), intitulada\u00a0<b>\u201cIdosos: na solid\u00e3o, o coronav\u00edrus mata mais\u201d.<\/b><\/p>\n<p style=\"text-align: justify;\">&#8220;No cora\u00e7\u00e3o desta &#8220;tempestade inesperada e furiosa, percebemos &#8211; como o Papa Francisco nos lembrou &#8211; que estamos no mesmo barco&#8221;. Dentro do barco est\u00e3o tamb\u00e9m os idosos. Como todos, eles se encontram fr\u00e1geis e desorientados. A eles se dirige hoje nosso pensamento preocupado e agradecido, para retribuir pelo menos um pouco daquela ternura com a qual cada um de n\u00f3s foi acompanhado na sua vida e para que o carinho materno da Igreja chegue a cada um deles\u201d, ressalta o organismo vaticano no texto.<\/p>\n<h2 style=\"text-align: justify;\">A doen\u00e7a da solid\u00e3o<\/h2>\n<p style=\"text-align: justify;\">\u201cA gera\u00e7\u00e3o dos nossos idosos, nestes dias \u2013 dif\u00edceis para todos \u2013 est\u00e1 pagando o pre\u00e7o mais alto da pandemia de Covid-19. As estat\u00edsticas nos dizem que na It\u00e1lia mais de 80% das pessoas que perderam a vida tinham mais de 70 anos\u201d.<\/p>\n<p style=\"text-align: justify;\">\u201cH\u00e1 algumas semanas, o Papa Francisco disse que\u00a0<b>&#8220;a solid\u00e3o pode ser uma doen\u00e7a, mas com caridade, proximidade e conforto espiritual podemos cur\u00e1-la&#8221;<\/b>. Essas palavras ajudam a entender que, se \u00e9 verdade que o coronav\u00edrus \u00e9 mais letal quando encontra um corpo debilitado, em muitos casos a patologia anterior \u00e9 a solid\u00e3o.&#8221;<\/p>\n<div style=\"text-align: justify;\">\n<div class=\"article__embed article__embed--border embed_style\">\n<blockquote><p>\u201cN\u00e3o \u00e9 por acaso que estamos testemunhando a morte, em propor\u00e7\u00f5es e modalidades terr\u00edveis, de muitas pessoas que vivem longe de suas fam\u00edlias, em condi\u00e7\u00f5es de solid\u00e3o verdadeiramente debilitantes e desanimadoras.\u201d<\/p><\/blockquote>\n<\/div>\n<\/div>\n<p style=\"text-align: justify;\">\u201cPor esse motivo,\u00a0<b>\u00e9 importante que fa\u00e7amos todo o poss\u00edvel para remediar essa condi\u00e7\u00e3o de abandono<\/b>. Isso, nas circunst\u00e2ncias atuais, pode significar salvar vidas\u201d, ressalta o Dicast\u00e9rio para os Leigos, a Fam\u00edlia e a Vida.<\/p>\n<p style=\"text-align: justify;\">\u201cAtualmente, existem muitas iniciativas nesse sentido que a Igreja est\u00e1 adotando em favor dos idosos\u201d, recorda o organismo vaticano. \u201cA incapacidade de continuar fazendo visitas domiciliares levou a encontrar formas novas e criativas de presen\u00e7a.\u00a0<b>Liga\u00e7\u00f5es, mensagens de v\u00eddeo ou de voz ou, mais tradicionalmente, cartas endere\u00e7adas a quem est\u00e1 sozinho. Muitas par\u00f3quias est\u00e3o se empenhando na entrega de alimentos e rem\u00e9dios a quem \u00e9 for\u00e7ado a n\u00e3o sair de casa.\u00a0<\/b>Em quase todos os lugares, os padres continuam visitando as casas para distribuir os sacramentos. Muitos volunt\u00e1rios, especialmente jovens, est\u00e3o trabalhando generosamente para n\u00e3o interromper \u2013 ou para come\u00e7ar a tecer \u2013 redes fundamentais de solidariedade\u201d.<\/p>\n<h2 style=\"text-align: justify;\">Fazer mais pelos idosos<\/h2>\n<p style=\"text-align: justify;\">\u201cMas a gravidade do momento exige que todos fa\u00e7amos mais.\u00a0<b>Como indiv\u00edduos e como Igrejas locais, podemos fazer muito pelos idosos: rezar por eles, curar a doen\u00e7a da solid\u00e3o, ativar redes de solidariedade e muito mais.<\/b>\u00a0Diante do cen\u00e1rio de uma gera\u00e7\u00e3o atingida t\u00e3o severamente, temos uma responsabilidade comum, que decorre da consci\u00eancia do valor inestim\u00e1vel de toda vida humana e da gratid\u00e3o a nossos pais e av\u00f3s.&#8221;<\/p>\n<div style=\"text-align: justify;\">\n<div class=\"article__embed article__embed--border embed_style\">\n<blockquote><p>\u201cDevemos dedicar novas energias para defend\u00ea-los desta tempestade, assim como cada um de n\u00f3s foi protegido e cuidado nas pequenas e grandes tempestades de nossas vidas. N\u00e3o deixemos os idosos sozinhos, porque na solid\u00e3o o coronav\u00edrus mata mais.\u201d<\/p><\/blockquote>\n<\/div>\n<\/div>\n<p style=\"text-align: justify;\">\u201cAqueles que vivem em estruturas residenciais merecem uma aten\u00e7\u00e3o especial: ouvimos not\u00edcias terr\u00edveis sobre suas condi\u00e7\u00f5es todos os dias e ali milhares de pessoas j\u00e1 perderam suas vidas. A concentra\u00e7\u00e3o no mesmo local de tantas pessoas fr\u00e1geis e a dificuldade de encontrar os dispositivos de prote\u00e7\u00e3o criaram situa\u00e7\u00f5es muito dif\u00edceis de administrar, apesar da abnega\u00e7\u00e3o e, em alguns casos, o sacrif\u00edcio da equipe dedicada \u00e0 assist\u00eancia&#8221;, ressalta o organismo vaticano.<\/p>\n<p style=\"text-align: justify;\">\u201cEm outras circunst\u00e2ncias, no entanto, a crise atual \u00e9 resultado de um abandono assistencial e terap\u00eautico que vem de longe.<\/p>\n<div style=\"text-align: justify;\">\n<div class=\"article__embed article__embed--border embed_style\">\n<blockquote><p>\u201cApesar da complexidade da situa\u00e7\u00e3o em que vivemos, \u00e9 necess\u00e1rio esclarecer que salvar a vida de idosos que vivem em estruturas residenciais ou que est\u00e3o sozinhos ou doentes \u00e9 uma prioridade tanto quanto salvar qualquer outra pessoa.\u201d<\/p><\/blockquote>\n<\/div>\n<\/div>\n<p style=\"text-align: justify;\">Nos pa\u00edses onde a pandemia ainda tem dimens\u00f5es limitadas, ainda \u00e9 poss\u00edvel tomar medidas preventivas para proteg\u00ea-los; naqueles em que a situa\u00e7\u00e3o \u00e9 mais dram\u00e1tica, \u00e9 necess\u00e1rio mobilizar-se para encontrar solu\u00e7\u00f5es de emerg\u00eancia. Tudo isso afeta o futuro de nossas comunidades eclesiais e de nossas sociedades porque, como o Papa Francisco disse recentemente, &#8220;os idosos s\u00e3o o presente e o amanh\u00e3 da Igreja&#8221;.<\/p>\n<h2 style=\"text-align: justify;\">Rezar pelos av\u00f3s e idosos do mundo<\/h2>\n<p style=\"text-align: justify;\">O Dicast\u00e9rio para os Leigos, a Fam\u00edlia e a Vida recorda que \u201cno sofrimento desses dias, somos chamados a entrever o futuro. No amor de tantos filhos e netos e no cuidado dos assistentes e volunt\u00e1rios, se revive a compaix\u00e3o das mulheres que v\u00e3o ao t\u00famulo para cuidar do corpo de Jesus. Como elas, temos medo e, como elas, sabemos que n\u00e3o podemos fazer outra coisa que \u2013 mantendo a dist\u00e2ncia \u2013 viver a compaix\u00e3o que Ele nos ensinou. Como elas, logo entenderemos que era necess\u00e1rio permanecer pr\u00f3ximos, mesmo quando parecia perigoso ou in\u00fatil, certos das palavras do anjo, que nos convida a n\u00e3o ter medo\u201d.<\/p>\n<p style=\"text-align: justify;\">\u201cUnamo-nos, ent\u00e3o, em ora\u00e7\u00e3o pelos av\u00f3s e idosos de todo o mundo. Reunamo-nos ao seu redor, com o pensamento e o cora\u00e7\u00e3o e, ali onde for poss\u00edvel, com a a\u00e7\u00e3o, para que n\u00e3o se sintam sozinhos\u201d, conclui a mensagem do\u00a0Dicast\u00e9rio para os Leigos, a Fam\u00edlia e a Vida.<\/p>\n<\/div>\n","protected":false},"excerpt":{"rendered":"<p>\u201cA gera\u00e7\u00e3o dos nossos idosos, nestes dias \u2013 dif\u00edceis para todos \u2013 est\u00e1 pagando o pre\u00e7o mais alto da pandemia de Covid-19. As estat\u00edsticas nos dizem que na It\u00e1lia mais de 80% das pessoas que perderam a vida tinham mais de 70 anos\u201d. Cidade do Vaticano O\u00a0Dicast\u00e9rio para os Leigos, a Fam\u00edlia e a Vida\u00a0divulgou [&hellip;]<\/p>\n","protected":false},"author":1,"featured_media":58157,"comment_status":"open","ping_status":"closed","sticky":false,"template":"","format":"standard","meta":{"footnotes":""},"categories":[3],"tags":[],"class_list":["post-58156","post","type-post","status-publish","format-standard","has-post-thumbnail","hentry","category-vaticano"],"_links":{"self":[{"href":"https:\/\/catolicanet.net\/wp-cnet\/wp-json\/wp\/v2\/posts\/58156","targetHints":{"allow":["GET"]}}],"collection":[{"href":"https:\/\/catolicanet.net\/wp-cnet\/wp-json\/wp\/v2\/posts"}],"about":[{"href":"https:\/\/catolicanet.net\/wp-cnet\/wp-json\/wp\/v2\/types\/post"}],"author":[{"embeddable":true,"href":"https:\/\/catolicanet.net\/wp-cnet\/wp-json\/wp\/v2\/users\/1"}],"replies":[{"embeddable":true,"href":"https:\/\/catolicanet.net\/wp-cnet\/wp-json\/wp\/v2\/comments?post=58156"}],"version-history":[{"count":1,"href":"https:\/\/catolicanet.net\/wp-cnet\/wp-json\/wp\/v2\/posts\/58156\/revisions"}],"predecessor-version":[{"id":58158,"href":"https:\/\/catolicanet.net\/wp-cnet\/wp-json\/wp\/v2\/posts\/58156\/revisions\/58158"}],"wp:featuredmedia":[{"embeddable":true,"href":"https:\/\/catolicanet.net\/wp-cnet\/wp-json\/wp\/v2\/media\/58157"}],"wp:attachment":[{"href":"https:\/\/catolicanet.net\/wp-cnet\/wp-json\/wp\/v2\/media?parent=58156"}],"wp:term":[{"taxonomy":"category","embeddable":true,"href":"https:\/\/catolicanet.net\/wp-cnet\/wp-json\/wp\/v2\/categories?post=58156"},{"taxonomy":"post_tag","embeddable":true,"href":"https:\/\/catolicanet.net\/wp-cnet\/wp-json\/wp\/v2\/tags?post=58156"}],"curies":[{"name":"wp","href":"https:\/\/api.w.org\/{rel}","templated":true}]}}