{"id":58153,"date":"2020-04-07T10:41:37","date_gmt":"2020-04-07T13:41:37","guid":{"rendered":"https:\/\/catolicanet.net\/wp-cnet\/?p=58153"},"modified":"2020-04-07T12:43:18","modified_gmt":"2020-04-07T15:43:18","slug":"felicitacoes-de-pascoa-entre-o-papa-e-o-rabino-de-roma-e-pelo-bem-coletivo","status":"publish","type":"post","link":"https:\/\/catolicanet.net\/wp-cnet\/felicitacoes-de-pascoa-entre-o-papa-e-o-rabino-de-roma-e-pelo-bem-coletivo\/","title":{"rendered":"Felicita\u00e7\u00f5es de P\u00e1scoa entre o Papa e o Rabino de Roma e pelo bem coletivo"},"content":{"rendered":"<div class=\"article__subTitle\" style=\"text-align: justify;\">Com a proximidade do Pessach, a festa de P\u00e1scoa judaica, o Papa Francisco enviou uma mensagem ao Rabino-chefe de Roma, Riccardo Di Segni. A esperan\u00e7a comum \u00e9 de se viver \u201cuma P\u00e1scoa serena\u201d neste momento de prova\u00e7\u00e3o, sem esquecer o empenho em trabalhar por quem mais precisa.<\/div>\n<div class=\"title__separator\" style=\"text-align: justify;\"><\/div>\n<div class=\"article__text\">\n<p style=\"text-align: justify;\"><b>Andressa Collet \u2013 Cidade do Vaticano<\/b><\/p>\n<div style=\"text-align: justify;\">\n<div class=\"article__embed article__embed--unwrap article__embed--dark\">\n<div class=\"article__innerTitle\">Ou\u00e7a a reportagem e compartilhe<\/div>\n<\/div>\n<\/div>\n<p style=\"text-align: justify;\">O Papa Francisco dirigiu os \u201cmelhores votos\u201d ao Rabino-chefe de Roma, Riccardo Di Segni e a toda a comunidade judaica da capital italiana por ocasi\u00e3o das festividades do Pessach, a festa de P\u00e1scoa dos judeus. Nesta segunda-feira (6), segundo o jornal vaticano L\u2019Osservatore Romano, o Pont\u00edfice convidou ainda a \u201crenovar as rela\u00e7\u00f5es de amizade e empenho pelos mais necessitados da nossa sociedade, especialmente na atual prova\u00e7\u00e3o que todos estamos atravessando\u201d.<\/p>\n<p style=\"text-align: justify;\">Na mensagem, o Papa pediu ao Senhor, \u201cque libertou o seu amado povo da escravid\u00e3o e o conduziu \u00e0 Terra prometida\u201d, que, tamb\u00e9m hoje, acompanhe os judeus \u201ccom a abund\u00e2ncia das suas b\u00ean\u00e7\u00e3os\u201d.<\/p>\n<h2 style=\"text-align: justify;\">Apesar do Covid-19, uma P\u00e1scoa serena<\/h2>\n<div style=\"text-align: justify;\">\n<aside class=\"article__readmore\">\n<div class=\"teaser--labelEvidence teaser teaser--type-article\">\n<article>\n<div class=\"teaser__labelWrapper\"><\/div>\n<div class=\"teaser__contentWrapper\">\n<div>Da sua parte, o Rabino agradeceu e retribuiu as felicita\u00e7\u00f5es, enfatizando que, neste ano, a P\u00e1scoa toma uma dimens\u00e3o especial justamente porque \u201ca normal exist\u00eancia foi dominada pela epidemia que gera lutos, medos, desastres econ\u00f4micos e sociais\u201d. Di Segni assegurou que est\u00e3o todos empenhados \u201cem ajudar, confortar, fazer um exame de consci\u00eancia, pedir ajuda ao nosso Criador\u201d.<\/div>\n<\/div>\n<\/article>\n<\/div>\n<\/aside>\n<\/div>\n<p style=\"text-align: justify;\">O Rabino-chefe de Roma acrescentou ainda que, tamb\u00e9m nestes momentos, \u201cmedimos na pr\u00e1tica os valores comuns das nossas cren\u00e7as e a necessidade de trabalhar juntos pelo bem coletivo\u201d. Enfim, Di Segni concluiu as felicita\u00e7\u00f5es desejando que, \u201capesar de tudo, seja uma P\u00e1scoa serena, portadora de renova\u00e7\u00e3o e de an\u00fancio de um mundo melhor\u201d.<\/p>\n<\/div>\n","protected":false},"excerpt":{"rendered":"<p>Com a proximidade do Pessach, a festa de P\u00e1scoa judaica, o Papa Francisco enviou uma mensagem ao Rabino-chefe de Roma, Riccardo Di Segni. A esperan\u00e7a comum \u00e9 de se viver \u201cuma P\u00e1scoa serena\u201d neste momento de prova\u00e7\u00e3o, sem esquecer o empenho em trabalhar por quem mais precisa. Andressa Collet \u2013 Cidade do Vaticano Ou\u00e7a a [&hellip;]<\/p>\n","protected":false},"author":1,"featured_media":58154,"comment_status":"open","ping_status":"closed","sticky":false,"template":"","format":"standard","meta":{"footnotes":""},"categories":[3],"tags":[],"class_list":["post-58153","post","type-post","status-publish","format-standard","has-post-thumbnail","hentry","category-vaticano"],"_links":{"self":[{"href":"https:\/\/catolicanet.net\/wp-cnet\/wp-json\/wp\/v2\/posts\/58153","targetHints":{"allow":["GET"]}}],"collection":[{"href":"https:\/\/catolicanet.net\/wp-cnet\/wp-json\/wp\/v2\/posts"}],"about":[{"href":"https:\/\/catolicanet.net\/wp-cnet\/wp-json\/wp\/v2\/types\/post"}],"author":[{"embeddable":true,"href":"https:\/\/catolicanet.net\/wp-cnet\/wp-json\/wp\/v2\/users\/1"}],"replies":[{"embeddable":true,"href":"https:\/\/catolicanet.net\/wp-cnet\/wp-json\/wp\/v2\/comments?post=58153"}],"version-history":[{"count":1,"href":"https:\/\/catolicanet.net\/wp-cnet\/wp-json\/wp\/v2\/posts\/58153\/revisions"}],"predecessor-version":[{"id":58155,"href":"https:\/\/catolicanet.net\/wp-cnet\/wp-json\/wp\/v2\/posts\/58153\/revisions\/58155"}],"wp:featuredmedia":[{"embeddable":true,"href":"https:\/\/catolicanet.net\/wp-cnet\/wp-json\/wp\/v2\/media\/58154"}],"wp:attachment":[{"href":"https:\/\/catolicanet.net\/wp-cnet\/wp-json\/wp\/v2\/media?parent=58153"}],"wp:term":[{"taxonomy":"category","embeddable":true,"href":"https:\/\/catolicanet.net\/wp-cnet\/wp-json\/wp\/v2\/categories?post=58153"},{"taxonomy":"post_tag","embeddable":true,"href":"https:\/\/catolicanet.net\/wp-cnet\/wp-json\/wp\/v2\/tags?post=58153"}],"curies":[{"name":"wp","href":"https:\/\/api.w.org\/{rel}","templated":true}]}}