{"id":5814,"date":"2015-05-05T03:00:00","date_gmt":"2015-05-05T06:00:00","guid":{"rendered":"http:\/\/catolicanet.net\/wp-cnet\/dom-oscar-romero-ressuscitado-no-seu-povo\/"},"modified":"2017-04-07T11:09:32","modified_gmt":"2017-04-07T14:09:32","slug":"dom-oscar-romero-ressuscitado-no-seu-povo","status":"publish","type":"post","link":"https:\/\/catolicanet.net\/wp-cnet\/dom-oscar-romero-ressuscitado-no-seu-povo\/","title":{"rendered":"Dom Oscar Romero ressuscitado no seu povo"},"content":{"rendered":"<p style=\"text-align: justify;\">A Igreja da Am\u00e9rica Latina e do Caribe produziu e ofertou incont\u00e1veis talentos \u00e0 Igreja Universal no s\u00e9culo XX, na sua vasta floresta, representada pelas comunidades dos que professam a f\u00e9 em Jesus Ressuscitado, mesmo diante dos desafios, dores e ang\u00fastias, mas na certeza de que Deus\u00a0 fecundou-a\u00a0 com\u00a0 seu sangue e sua gra\u00e7a este continente, nos sonhos e nas esperan\u00e7a de seu povo. Um maravilhoso presente descida do c\u00e9u, foi Dom Oscar Romero, bispo de S\u00e3o Salvador, em El Salvador, na Am\u00e9rica Central. Dom Oscar aprendeu com a paix\u00e3o do Filho de Deus, a cobrir de v\u00e9us o acidental e o ef\u00eamero, deixando em primeiro plano, apenas o mist\u00e9rio da Reden\u00e7\u00e3o, tal como disse Dom Helder C\u00e2mara. Deus no seu indiz\u00edvel mist\u00e9rio de amor escolhe pessoas generosas e corajosas, e as envia para realizar seu plano salv\u00edfico na hist\u00f3ria da humanidade, j\u00e1 antevendo o \u00e1pice, \u201cfazendo novas todas as coisas\u201d (cf. Ap 21, 5), na pessoa de Dom Oscar. Ele que soube andar com seu povo em todos os lugares , construindo o reino de Deus, na miss\u00e3o de povoar de sono e sonhos as noites mal dormidas dos injusti\u00e7ados e desesperados, no dizer do Artes\u00e3o da Paz.<br \/>Dom Oscar Romero \u00e9 lembrado como uma pessoa que em determinado momento optou pela profecia e com muito rigor levou adiante o projeto de Jesus Cristo, a exemplo de Jo\u00e3o Batista,\u00a0 que profeta e m\u00edstico o foi, esfor\u00e7ando-se para ser fiel ao Evangelho de Jesus, encarnado em uma Igreja mission\u00e1ria, despojada e servidora. N\u00e3o faltou-lhe a gra\u00e7a do bom Deus para o an\u00fancio da verdade e da justi\u00e7a, carregando consigo a utopia do reino, no sonho de tempos novos para sua querida gente de El salvador. \u201c&#8230;o Evangelho me impulsiona a defender meu povo e em seu nome estou disposto a ir aos tribunais, ao c\u00e1rcere e \u00e0 morte\u201d. Como \u00e9 importante neste ano de sua beatifica\u00e7\u00e3o olh\u00e1-lo como uma criatura encantadora de Deus, que sofreu a brutalidade e a crueldade de um crime, morrendo por dar testemunho de sua f\u00e9, ao denunciar mentiras e injusti\u00e7as. A imagem de Dom Oscar Romero faz-nos recordar de todos que pela causa do Evangelho e com um grande desejo de instaurar o reino, a partir do testemunho de f\u00e9, abra\u00e7aram a boa nova conscientes dos riscos.<br \/>O Papa Francisco aprovou no dia tr\u00eas de fevereiro, ap\u00f3s 21 anos do in\u00edcio do processo, o decreto da\u00a0 beatifica\u00e7\u00e3o do arcebispo salvadorenho, Dom Oscar Romero, conhecido por defender os empobrecidos e s\u00edmbolo na luta em favor da justi\u00e7a e da paz na Am\u00e9rica Latina. Assassinado no altar de uma igreja em 1980, por um comando de extrema direita, enquanto celebrava uma missa. O mart\u00edrio foi por ele previsto nas suas pr\u00f3prias palavras: \u201cO mart\u00edrio \u00e9 uma gra\u00e7a de Deus, que n\u00e3o creio merecer. Por\u00e9m, se Deus aceitar o sacrif\u00edcio de minha vida, que meu sangue seja semente de liberdade e sinal de que a esperan\u00e7a se torna realidade. Minha morte, se aceita por Deus, seja para a liberta\u00e7\u00e3o do meu povo e como testemunho de esperan\u00e7a no futuro\u201d. O papa Francisco indo nessa mesmo dire\u00e7\u00e3o do amado pastor, disse aos 28\/04\/2015, de n\u00e3o ter medo correr risco, nas palavras a seguir: &#8220;Nesta missa, vamos pedir a Deus a coragem apost\u00f3lica, a de transmitir uma vida crist\u00e3 e n\u00e3o um \u2018museu de recorda\u00e7\u00f5es\u2019. A Igreja deve ser capaz de correr riscos para evitar ser um \u2018museu de recorda\u00e7\u00f5es\u2019, porque fazer como sempre foi feito \u00e9 uma alternativa de morte\u201d.<br \/>Com beatifica\u00e7\u00e3o do arcebispo de S\u00e3o Salvador aos 23 de maio de 2015, no seu pa\u00eds natal, no qual foi martirizado com um tiro no peito em 1980, pela decis\u00e3o da junta militar que dominava o pa\u00eds, faz-nos pensar na sua enorme f\u00e9, vivida e ensinada: \u201cN\u00e3o nos cansemos de denunciar a idolatria da riqueza, que faz consistir a grandeza da pessoa humana no ter e esquece que a verdadeira grandeza \u00e9 ser. A pessoa humana n\u00e3o vale pelo que tem, mas pelo que \u00e9 e faz\u201d. O an\u00fancio\u00a0 da not\u00edcia alvissareira foi feito por confer\u00eancia \u00e0 imprensa pelo postulador da causa de canoniza\u00e7\u00e3o, o arcebispo italiano Dom Vicenzo Paglia, adiantando tamb\u00e9m o local da cerim\u00f4nia, a qual foi presidida pelo cardeal Angelo Amato, prefeito da Congrega\u00e7\u00e3o para as Causas dos Santos. O rito de beatifica\u00e7\u00e3o constitui uma etapa essencial e imprescind\u00edvel \u00e0 canoniza\u00e7\u00e3o. Pela canoniza\u00e7\u00e3o, um crist\u00e3o \u00e9 declarado santo e se alarga a sua venera\u00e7\u00e3o a todas as na\u00e7\u00f5es por toda extens\u00e3o da terra.<br \/>O modelo capitalista implantado na America Latina, come\u00e7ou com marca da desigualdade social e estrutural entrou em cheio tamb\u00e9m em El Salvador, desde que para c\u00e1 vieram os europeus. Dom Oscar Romero demorou um pouco a compreender a realidade de injusti\u00e7a de seu pa\u00eds. Mas ao abra\u00e7ar a proposta do Evangelho, numa vontade louca de viv\u00ea-lo, a fez com indiz\u00edvel ternura, compaix\u00e3o e amor ao povo da sua querida arquidiocese de S\u00e3o Salvador. Sua incomensur\u00e1vel determina\u00e7\u00e3o ajuda-nos\u00a0 a colocar na mente e cora\u00e7\u00e3o o sagrado desejo da Rainha Ester, na sua profecia: \u201cSe realmente encontrei gra\u00e7a a teus olhos, \u00f3 rei, e se for de teu agrado, concede-me a vida, e a vida do meu povo, eis meu desejo e minha s\u00faplica (cf. Es 7,3). Com estilo de vida e com uma m\u00edstica a causar medo e contrariar os que desejavam e desejam outro projeto, longe e distante do projeto do enviado do Pai, sua morte foi planejada: vamos assassin\u00e1-lo. A Am\u00e9rica Latina, seu pa\u00eds El Salvador e, especialmente, a capital de S\u00e3o Salvador vive o encantamento na for\u00e7a de uma figura humana, concretizada vivamente, atrav\u00e9s de sua beatifica\u00e7\u00e3o, como uma oferta e sacrif\u00edcio de louvor a Deus, na certeza de que ele vive de modo especial e perp\u00e9tuo com seu povo e ir\u00e1 se espalhar por toda a Am\u00e9rica Latina com sua beatifica\u00e7\u00e3o, no privil\u00e9gio de t\u00ea-lo como figura exemplar, referencial, s\u00edmbolo e patrim\u00f4nio do povo da Am\u00e9rica Latina.<br \/>\u201cRessuscitarei na luta de meu povo\u201d, express\u00e3o que jamais ser\u00e1 esquecida, na figura emblem\u00e1tica de Dom Oscar Romero, arcebispo de S\u00e3o Salvador, em El Salvador. Ap\u00f3s trinta e cinco anos, podemos render gra\u00e7as a Deus, no que ele dizia &#8211; \u201cse me matarem ressuscitarei na luta dos pobres\u201d, primeiro em sua p\u00e1tria, mas em todos aqueles pa\u00edses que viviam na aus\u00eancia de liberdade. Aos poucos ele foi percebendo a opress\u00e3o pol\u00edtica, econ\u00f4mica e social sobre seu povo. Por tudo isso, agora ele reconhecido pelo Papa Francisco. As Pontif\u00edcias Obras Mission\u00e1rias, atrav\u00e9s do \u201cServi\u00e7o de Informa\u00e7\u00e3o Mission\u00e1ria\u201d (SIM) quer reconhecer e agradecer ao bom Deus, sem meias palavras, em Dom Romero, um homem profundamente marcado pela gra\u00e7a divina, que o Evangelho de Jesus o transformou em um irm\u00e3o inspirado e inspirador. Ele que n\u00e3o tinha medo de denunciar torturas, desaparecimentos e a falta de liberdade e os mais elementares direitos; seja tamb\u00e9m pelas suas propostas de di\u00e1logo, de mudan\u00e7as estruturais, que se respeitasse a vida do povo e que justi\u00e7a fosse implantada. Sonhava com uma Igreja povo de Deus, servidora, despojada e mission\u00e1ria, que com coer\u00eancia, se adaptasse as resolu\u00e7\u00f5es do Conc\u00edlio Vaticano II (1962-1965), tornando-se inc\u00f4modo e contrariando os militares que governavam seu pa\u00eds, os ricos e at\u00e9 mesmo seus colegas bispos, padres e crist\u00e3os leigos em geral.<br \/>Compreendemos o mart\u00edrio de Dom Romero dentro do contexto da morte e ressurrei\u00e7\u00e3o de Cristo, no seu insond\u00e1vel e inexprim\u00edvel mist\u00e9rio: &#8220;Cristo Jesus, que era de condi\u00e7\u00e3o divina, n\u00e3o se valeu da sua igualdade com Deus, mas aniquilou-se a si pr\u00f3prio. Assumindo a condi\u00e7\u00e3o de servo, tornou-se semelhante aos homens. Aparecendo como homem, humilhou-se ainda mais, obedecendo at\u00e9 \u00e0 morte e morte de cruz&#8221; (Fip 2,6-8). O dia em que a bala atingiu o cora\u00e7\u00e3o de Dom Oscar Romero, martirizando-o no domingo de 24 de mar\u00e7o de 1980, enquanto celebrava o santo sacrif\u00edcio da missa, jamais ser\u00e1 esquecido pelo seu povo salvadorenho, na capela do hospital da Divina Provid\u00eancia, na Col\u00f4nia Miramonte, em S\u00e3o Salvador.<br \/>Vale lembrar que ele foi perseguido durante a Guerra Civil do seu pa\u00eds, conflito armado que se estendeu de 1980 a 1992 entre o governo de direita e a guerrilha de esquerda, deixando 75 mil mortos. Dom Romero assumiu uma postura de defesa dos \u00edndios, pobres e perseguidos pol\u00edticos pelas mil\u00edcias paramilitares. Semanas antes de sua morte, Dom Romero intensificou as den\u00fancias contra o governo salvadorenho e militares por viola\u00e7\u00f5es aos direitos humanos do seu pa\u00eds. Dizia ele: \u201cUma Igreja que n\u00e3o sofre persegui\u00e7\u00e3o, mas que desfruta o privil\u00e9gios e o apoio das coisas da terra \u2013 Tenham Medo! \u2013 n\u00e3o \u00e9 a verdadeira Igreja de Jesus Cristo\u201d.\u00a0 At\u00e9 hoje, o crime n\u00e3o foi julgado pelo Estado de El Salvador. A Lei de Anistia do pa\u00eds, assinada em 1993, deixou centenas de crimes, inclusive o assassinato do arcebispo, sem aplica\u00e7\u00e3o da Justi\u00e7a. Um informe da Comiss\u00e3o da Verdade do pa\u00eds aponta o militar e fundador do Partido Alian\u00e7a Republicana Nacionalista \u2013 ARENA, Roberto D&#8217;Aubuisson Arrieta, morto em 1992, como um dos mentores do crime.<br \/>No entardecer da vida sereis julgados pelo amor, afirma s\u00e3o Jo\u00e3o de Cruz. Na miss\u00e3o de Santificar, ensinar e governar, o exemplo de Dom Oscar Romero chegou ao ponto mais elevado no amor generosidade, ren\u00fancia e doa\u00e7\u00e3o, sendo assassinado pela maldade humana, mas ressuscitado na vida de sua querida gente salvadorenha, no gesto de bondade do Papa Francisco em beatific\u00e1-lo neste ano de 2015. \u00c9 a salva\u00e7\u00e3o do nosso Deus que chega, vivenciada e contemplada nos confins do universo (cf. Sl 97,3), com sinal n\u00edtido e evidente no pequeno pa\u00eds de El Salvador, atrav\u00e9s de seu\u00a0 pastor que se tornou v\u00edtima,\u00a0\u00a0 assemelhando-se ao Filho de Deus. Guardemos no no \u00e2mago do cora\u00e7\u00e3o as palavras de Dom Luciano Mendes de Almeida, concernente ao contexto t\u00e3o claro e ilustrado: \u201cN\u00e3o foi Deus que criou a fome, a mis\u00e9ria e a injusti\u00e7a, foi a maldade humana\u201d.<br \/>Em um mundo profundamente marcado por sinais de morte, no qual Dom Oscar Romero se inseriu, foi\u00a0 gra\u00e7a de Deus que ele descesse do seu cavalo conservador no qual estava montado.\u00a0 Que ele nos inspire e atraia ao amor quente e apaixonado, vivido pelo Ap\u00f3stolo Paulo, por Francisco de Assis e pelo Papa Francisco. Paulo caiu do cavalo a caminho de Damasco e passou a viver s\u00f3 para Deus. Francisco tamb\u00e9m desceu do cavalo bonito e fogoso, depois do beijo do Leproso, compreendendo a doa\u00e7\u00e3o total de Deus pela humanidade, o Sumo Pont\u00edfice por sua vez se inspirou no pobrezinho de Assis. Que Deus nos d\u00ea a gra\u00e7a de descer do nosso cavalo, que \u00e9 o comodismo, o orgulho\u00a0 e tudo mais que nos afasta do Pai. Assim seja!<\/p>\n","protected":false},"excerpt":{"rendered":"<p>A Igreja da Am\u00e9rica Latina e do Caribe produziu e ofertou incont\u00e1veis talentos \u00e0 Igreja Universal no s\u00e9culo XX, na sua vasta floresta, representada pelas comunidades dos que professam a f\u00e9 em Jesus Ressuscitado, mesmo diante dos desafios, dores e ang\u00fastias, mas na certeza de que Deus\u00a0 fecundou-a\u00a0 com\u00a0 seu sangue e sua gra\u00e7a este [&hellip;]<\/p>\n","protected":false},"author":6,"featured_media":0,"comment_status":"closed","ping_status":"closed","sticky":false,"template":"","format":"standard","meta":{"footnotes":""},"categories":[9],"tags":[],"class_list":["post-5814","post","type-post","status-publish","format-standard","hentry","category-artigos"],"_links":{"self":[{"href":"https:\/\/catolicanet.net\/wp-cnet\/wp-json\/wp\/v2\/posts\/5814","targetHints":{"allow":["GET"]}}],"collection":[{"href":"https:\/\/catolicanet.net\/wp-cnet\/wp-json\/wp\/v2\/posts"}],"about":[{"href":"https:\/\/catolicanet.net\/wp-cnet\/wp-json\/wp\/v2\/types\/post"}],"author":[{"embeddable":true,"href":"https:\/\/catolicanet.net\/wp-cnet\/wp-json\/wp\/v2\/users\/6"}],"replies":[{"embeddable":true,"href":"https:\/\/catolicanet.net\/wp-cnet\/wp-json\/wp\/v2\/comments?post=5814"}],"version-history":[{"count":1,"href":"https:\/\/catolicanet.net\/wp-cnet\/wp-json\/wp\/v2\/posts\/5814\/revisions"}],"predecessor-version":[{"id":10366,"href":"https:\/\/catolicanet.net\/wp-cnet\/wp-json\/wp\/v2\/posts\/5814\/revisions\/10366"}],"wp:attachment":[{"href":"https:\/\/catolicanet.net\/wp-cnet\/wp-json\/wp\/v2\/media?parent=5814"}],"wp:term":[{"taxonomy":"category","embeddable":true,"href":"https:\/\/catolicanet.net\/wp-cnet\/wp-json\/wp\/v2\/categories?post=5814"},{"taxonomy":"post_tag","embeddable":true,"href":"https:\/\/catolicanet.net\/wp-cnet\/wp-json\/wp\/v2\/tags?post=5814"}],"curies":[{"name":"wp","href":"https:\/\/api.w.org\/{rel}","templated":true}]}}