{"id":58071,"date":"2020-04-03T09:51:20","date_gmt":"2020-04-03T12:51:20","guid":{"rendered":"https:\/\/catolicanet.net\/wp-cnet\/?p=58071"},"modified":"2020-04-03T09:51:20","modified_gmt":"2020-04-03T12:51:20","slug":"semana-santa-6","status":"publish","type":"post","link":"https:\/\/catolicanet.net\/wp-cnet\/semana-santa-6\/","title":{"rendered":"SEMANA SANTA"},"content":{"rendered":"<p style=\"text-align: justify;\">A Semana Santa de 2020 ser\u00e1 vivida e celebrada de forma diferente da tradicional por vivermos em tempos de COVID-19. Se a f\u00e9 crist\u00e3, a Igreja e a sua liturgia fossem alheias ou paralelas \u00e0 vida cotidiana e \u00e0 hist\u00f3ria dos povos, n\u00e3o seria necess\u00e1rio mudar nada. Jesus, rezando ao Pai, pediu: \u201cN\u00e3o rogo que os tires do mundo, mas que os guardes do Maligno. (&#8230;). Assim como tu me enviaste ao mundo, eu tamb\u00e9m os enviei ao mundo\u201d (Jo\u00e3o 17,15.18). A Igreja est\u00e1 no mundo e por isso sofre com as pessoas e altera as suas celebra\u00e7\u00f5es e programa\u00e7\u00f5es.<\/p>\n<p style=\"text-align: justify;\">Viver a Semana Santa \u00e9 abra\u00e7ar o mundo na sua dramaticidade atual. N\u00e3o \u00e9 poss\u00edvel ignorar as amea\u00e7as \u00e0 vida. Mas como viver a Semana Santa se n\u00e3o posso participar presencialmente das celebra\u00e7\u00f5es? Jesus foi questionado porque curou doentes em dia de s\u00e1bado. \u00c9 bem conhecida a import\u00e2ncia do s\u00e1bado na tradi\u00e7\u00e3o judaica. Um a dia a ser vivido conforme as prescri\u00e7\u00f5es. Jesus n\u00e3o o desvalorizou, mas a situa\u00e7\u00e3o era de emerg\u00eancia. \u201c\u00c9 permitido em dia de s\u00e1bado fazer o bem ou fazer o mal, salvar uma vida ou deix\u00e1-la perecer\u201d (Marcos 3, 4), questionou?<\/p>\n<p style=\"text-align: justify;\">\u00c9 preciso recordar que para a Igreja, a Semana Santa, especialmente o Tr\u00edduo Pascal, s\u00e3o o cora\u00e7\u00e3o da f\u00e9 crist\u00e3. \u00c9 uma Semana Santa! A P\u00e1scoa \u00e9 a proclama\u00e7\u00e3o da vida.\u00a0 Como diz S\u00e3o Paulo o \u00faltimo \u201cinimigo\u201d foi vencido. Este inimigo \u00e9 a morte que foi vencida pela ressurrei\u00e7\u00e3o Jesus Cristo. Gra\u00e7as a Deus hoje conhecemos, pela ci\u00eancia, que \u00e9 um dos dons do Esp\u00edrito Santo, como se transmitem as doen\u00e7as virais e quais s\u00e3o os meios poss\u00edveis de controlar a sua transmiss\u00e3o. N\u00e3o se reunir, neste ano, para as celebra\u00e7\u00f5es da Semana Santa e realizar os rituais tradicionais e populares \u00e9 salvar vidas. \u00c9 express\u00e3o de amor ao pr\u00f3ximo. N\u00e3o h\u00e1 nada mais sagrado do que a vida. Por isso a Igreja a defende desde a concep\u00e7\u00e3o at\u00e9 a morte natural.<\/p>\n<p style=\"text-align: justify;\">A Semana Santa inicia com a solenidade denominada de \u201c<em>Domingo de Ramos e da Paix\u00e3o do Senhor<\/em>\u201d que d\u00e1 a tonalidade do vai acontecer. A liturgia vai ressaltar o que h\u00e1 de mais nobre e belo do agir humano, at\u00e9 o mais med\u00edocre e diab\u00f3lico da maldade. No centro est\u00e1 Jesus Cristo. Por um lado, multid\u00f5es aplaudem, louvam, transformam suas roupas em tapetes, um ajuda a carregar a cruz, outros acompanham-no no caminho do calv\u00e1rio, v\u00e3o at\u00e9 a cruz e o reconhecem como o Salvador. Por outro lado, trai\u00e7\u00e3o, nega\u00e7\u00e3o, falso testemunho, torturadores, Pilatos lava as m\u00e3os, deboche e por fim um golpe de lan\u00e7a e morte.<\/p>\n<p style=\"text-align: justify;\">Jesus para entrar na cidade de Jerusal\u00e9m envia dois disc\u00edpulos, dizendo-lhes: \u201cIde ao povoado (&#8230;) encontrareis uma jumenta amarrada, e com ela um jumentinho. (&#8230;) Se algu\u00e9m disser alguma coisa, direis: \u2018O Senhor precisa deles, mas logo os devolver\u00e1\u201d (Mateus 21,2). Toda a vida e a miss\u00e3o de Jesus foi servindo e dando a vida. Preferencialmente deu aten\u00e7\u00e3o aos marginalizados. Agora que estava chegando o momento da gl\u00f3ria, entra na cidade com o aux\u00edlio de uma jumenta e um jumentinho. Disse que \u201cprecisava deles\u201d, pois n\u00e3o tinha uma montaria pr\u00f3pria, mas depois seriam devolvidos. Aquele que foi aclamado como rei, n\u00e3o confisca, apenas empresta um animal de servi\u00e7o. Entra aclamado como \u201cbendito\u201d, como fonte de bem.<\/p>\n<p style=\"text-align: justify;\">Outra cena chocante da abertura da Semana Santa \u00e9 a atitude de Pilatos. \u201cPilatos falou: \u201cMas, que mal ele fez?\u201d (&#8230;) Ent\u00e3o mandou trazer \u00e1gua, lavou as m\u00e3os diante da multid\u00e3o, e disse: \u201cEu n\u00e3o sou respons\u00e1vel pelo sangue deste homem. Este \u00e9 problema vosso!\u201d (Mateus 27, 23- 24). Pilatos tinha a oportunidade de fazer um grande bem, isto \u00e9, salvar um inocente. A outra atitude maldosa dele foi dizer \u201ceste \u00e9 problema vosso\u201d.<\/p>\n<p style=\"text-align: justify;\">Para esta Semana Santa convido os irm\u00e3os e as irm\u00e3s que partilham a mesma f\u00e9 a lerem, meditarem e rezarem todos os textos b\u00edblicos e lit\u00fargicos propostos pela Igreja para cada dia. Se puderem fazer isto com as pessoas da sua casa ser\u00e1 ainda melhor e acompanhem pelas redes sociais.<\/p>\n","protected":false},"excerpt":{"rendered":"<p>A Semana Santa de 2020 ser\u00e1 vivida e celebrada de forma diferente da tradicional por vivermos em tempos de COVID-19. Se a f\u00e9 crist\u00e3, a Igreja e a sua liturgia fossem alheias ou paralelas \u00e0 vida cotidiana e \u00e0 hist\u00f3ria dos povos, n\u00e3o seria necess\u00e1rio mudar nada. Jesus, rezando ao Pai, pediu: \u201cN\u00e3o rogo que [&hellip;]<\/p>\n","protected":false},"author":18,"featured_media":55821,"comment_status":"open","ping_status":"closed","sticky":false,"template":"","format":"standard","meta":{"footnotes":""},"categories":[9],"tags":[],"class_list":["post-58071","post","type-post","status-publish","format-standard","has-post-thumbnail","hentry","category-artigos"],"_links":{"self":[{"href":"https:\/\/catolicanet.net\/wp-cnet\/wp-json\/wp\/v2\/posts\/58071","targetHints":{"allow":["GET"]}}],"collection":[{"href":"https:\/\/catolicanet.net\/wp-cnet\/wp-json\/wp\/v2\/posts"}],"about":[{"href":"https:\/\/catolicanet.net\/wp-cnet\/wp-json\/wp\/v2\/types\/post"}],"author":[{"embeddable":true,"href":"https:\/\/catolicanet.net\/wp-cnet\/wp-json\/wp\/v2\/users\/18"}],"replies":[{"embeddable":true,"href":"https:\/\/catolicanet.net\/wp-cnet\/wp-json\/wp\/v2\/comments?post=58071"}],"version-history":[{"count":1,"href":"https:\/\/catolicanet.net\/wp-cnet\/wp-json\/wp\/v2\/posts\/58071\/revisions"}],"predecessor-version":[{"id":58072,"href":"https:\/\/catolicanet.net\/wp-cnet\/wp-json\/wp\/v2\/posts\/58071\/revisions\/58072"}],"wp:featuredmedia":[{"embeddable":true,"href":"https:\/\/catolicanet.net\/wp-cnet\/wp-json\/wp\/v2\/media\/55821"}],"wp:attachment":[{"href":"https:\/\/catolicanet.net\/wp-cnet\/wp-json\/wp\/v2\/media?parent=58071"}],"wp:term":[{"taxonomy":"category","embeddable":true,"href":"https:\/\/catolicanet.net\/wp-cnet\/wp-json\/wp\/v2\/categories?post=58071"},{"taxonomy":"post_tag","embeddable":true,"href":"https:\/\/catolicanet.net\/wp-cnet\/wp-json\/wp\/v2\/tags?post=58071"}],"curies":[{"name":"wp","href":"https:\/\/api.w.org\/{rel}","templated":true}]}}