{"id":58052,"date":"2020-04-03T09:28:11","date_gmt":"2020-04-03T12:28:11","guid":{"rendered":"https:\/\/catolicanet.net\/wp-cnet\/?p=58052"},"modified":"2020-04-03T09:28:47","modified_gmt":"2020-04-03T12:28:47","slug":"papa-francisco-alerta-para-os-vicios-e-os-perigos-do-mundo-virtual","status":"publish","type":"post","link":"https:\/\/catolicanet.net\/wp-cnet\/papa-francisco-alerta-para-os-vicios-e-os-perigos-do-mundo-virtual\/","title":{"rendered":"Papa Francisco alerta para os v\u00edcios e os perigos do mundo virtual"},"content":{"rendered":"<div class=\"article__subTitle\" style=\"text-align: justify;\">Em \u201cO V\u00eddeo do Papa\u201d de abril, Francisco alerta para os v\u00edcios que afetam a sociedade e pede para rezarmos para que as pessoas sejam libertadas do sofrimento que as depend\u00eancias causam.<\/div>\n<div class=\"title__separator\" style=\"text-align: justify;\"><\/div>\n<div class=\"article__text\">\n<p style=\"text-align: justify;\"><b>Cidade do Vaticano<\/b><\/p>\n<p style=\"text-align: justify;\">Pela liberta\u00e7\u00e3o dos diferentes v\u00edcios que hoje afetam milh\u00f5es de pessoas em todo o mundo: na inten\u00e7\u00e3o de ora\u00e7\u00e3o deste m\u00eas de abril, Francisco lan\u00e7a seu olhar para as pessoas escravas das depend\u00eancias.<\/p>\n<p style=\"text-align: justify;\">O \u201cdrama do v\u00edcio\u201dn\u00e3o apenas se refere apenas \u00e0 depend\u00eancia de drogas, \u00e1lcool e cigarro, que continuam sendo as mais comuns na sociedade. Hoje, esse drama assume formas diferentes e novas: de acordo com a Organiza\u00e7\u00e3o Mundial da Sa\u00fade, o crescente uso de Internet, computadores, smartphones e outros dispositivos eletr\u00f4nicos est\u00e1 associado n\u00e3o apenas a benef\u00edcios para usu\u00e1rios, mas tamb\u00e9m a casos documentados de uso excessivo, que podem levar a diferentes v\u00edcios com consequ\u00eancias negativas para a sa\u00fade.<\/p>\n<p style=\"text-align: justify;\">Esta presen\u00e7a incontrolada nas plataformas digitais pode afetar a qualidade das rela\u00e7\u00f5es cotidianas.<\/p>\n<p style=\"text-align: justify;\">Diante desses \u201cperigos do mundo virtual\u201d, o Papa explica que, \u201capoiados pelo Evangelho da Miseric\u00f3rdia, podemos aliviar, cuidar e curar o sofrimento relacionado aos novos v\u00edcios\u201d, por exemplo, atrav\u00e9s de preven\u00e7\u00e3o, reabilita\u00e7\u00e3o e projetos de reintegra\u00e7\u00e3o.<\/p>\n<h2 style=\"text-align: justify;\">Pandemia<\/h2>\n<p style=\"text-align: justify;\">A Rede Mundial de Ora\u00e7\u00e3o do Papa, \u00e0 qual s\u00e3o confiadas as inten\u00e7\u00f5es de ora\u00e7\u00e3o, escolhem com quase um ano de anteced\u00eancia os temas para cada m\u00eas. Mas em meio ao per\u00edodo de pandemia de coronav\u00edrus que estamos vivendo, a Rede lan\u00e7ou um v\u00eddeo extraordin\u00e1rio no dia 24 de mar\u00e7o, em que o Papa pede para rezar pelos doentes e os que sofrem, e agradece tamb\u00e9m a \u201ctodos os homens e mulheres de boa vontade que rezam por este momento, todos unidos, sem distin\u00e7\u00e3o de tradi\u00e7\u00e3o religiosa a que perten\u00e7am\u201d.<\/p>\n<iframe loading=\"lazy\"  id=\"_ytid_78847\"  width=\"696\" height=\"392\"  data-origwidth=\"696\" data-origheight=\"392\"  data-relstop=\"1\" src=\"https:\/\/www.youtube.com\/embed\/yTjnEyjuuKI?enablejsapi=1&autoplay=0&cc_load_policy=0&cc_lang_pref=&iv_load_policy=1&loop=0&rel=0&fs=1&playsinline=0&autohide=2&theme=dark&color=red&controls=1&disablekb=0&\" class=\"__youtube_prefs__  no-lazyload\" title=\"YouTube player\"  allow=\"fullscreen; accelerometer; autoplay; clipboard-write; encrypted-media; gyroscope; picture-in-picture; web-share\" referrerpolicy=\"strict-origin-when-cross-origin\" allowfullscreen data-no-lazy=\"1\" data-skipgform_ajax_framebjll=\"\"><\/iframe>\n<\/div>\n","protected":false},"excerpt":{"rendered":"<p>Em \u201cO V\u00eddeo do Papa\u201d de abril, Francisco alerta para os v\u00edcios que afetam a sociedade e pede para rezarmos para que as pessoas sejam libertadas do sofrimento que as depend\u00eancias causam. Cidade do Vaticano Pela liberta\u00e7\u00e3o dos diferentes v\u00edcios que hoje afetam milh\u00f5es de pessoas em todo o mundo: na inten\u00e7\u00e3o de ora\u00e7\u00e3o deste [&hellip;]<\/p>\n","protected":false},"author":1,"featured_media":58053,"comment_status":"open","ping_status":"closed","sticky":false,"template":"","format":"standard","meta":{"footnotes":""},"categories":[3],"tags":[],"class_list":["post-58052","post","type-post","status-publish","format-standard","has-post-thumbnail","hentry","category-vaticano"],"_links":{"self":[{"href":"https:\/\/catolicanet.net\/wp-cnet\/wp-json\/wp\/v2\/posts\/58052","targetHints":{"allow":["GET"]}}],"collection":[{"href":"https:\/\/catolicanet.net\/wp-cnet\/wp-json\/wp\/v2\/posts"}],"about":[{"href":"https:\/\/catolicanet.net\/wp-cnet\/wp-json\/wp\/v2\/types\/post"}],"author":[{"embeddable":true,"href":"https:\/\/catolicanet.net\/wp-cnet\/wp-json\/wp\/v2\/users\/1"}],"replies":[{"embeddable":true,"href":"https:\/\/catolicanet.net\/wp-cnet\/wp-json\/wp\/v2\/comments?post=58052"}],"version-history":[{"count":2,"href":"https:\/\/catolicanet.net\/wp-cnet\/wp-json\/wp\/v2\/posts\/58052\/revisions"}],"predecessor-version":[{"id":58055,"href":"https:\/\/catolicanet.net\/wp-cnet\/wp-json\/wp\/v2\/posts\/58052\/revisions\/58055"}],"wp:featuredmedia":[{"embeddable":true,"href":"https:\/\/catolicanet.net\/wp-cnet\/wp-json\/wp\/v2\/media\/58053"}],"wp:attachment":[{"href":"https:\/\/catolicanet.net\/wp-cnet\/wp-json\/wp\/v2\/media?parent=58052"}],"wp:term":[{"taxonomy":"category","embeddable":true,"href":"https:\/\/catolicanet.net\/wp-cnet\/wp-json\/wp\/v2\/categories?post=58052"},{"taxonomy":"post_tag","embeddable":true,"href":"https:\/\/catolicanet.net\/wp-cnet\/wp-json\/wp\/v2\/tags?post=58052"}],"curies":[{"name":"wp","href":"https:\/\/api.w.org\/{rel}","templated":true}]}}