{"id":58038,"date":"2020-04-02T10:48:33","date_gmt":"2020-04-02T13:48:33","guid":{"rendered":"https:\/\/catolicanet.net\/wp-cnet\/?p=58038"},"modified":"2020-04-02T10:48:33","modified_gmt":"2020-04-02T13:48:33","slug":"igreja-no-brasil-se-mobiliza-para-ajudar-no-combate-ao-coronavirus","status":"publish","type":"post","link":"https:\/\/catolicanet.net\/wp-cnet\/igreja-no-brasil-se-mobiliza-para-ajudar-no-combate-ao-coronavirus\/","title":{"rendered":"Igreja no Brasil se mobiliza para ajudar no combate ao coronav\u00edrus"},"content":{"rendered":"<h2 class=\"subtitle\">Arquidioceses de v\u00e1rias regi\u00f5es do pa\u00eds est\u00e3o disponibilizando seus pr\u00e9dios para a montagem de hospitais de campanha<\/h2>\n<div class=\"base-post-content\">Atendendo a uma recomenda\u00e7\u00e3o da CNBB (Confer\u00eancia Nacional dos Bispos do Brasil) ou at\u00e9 mesmo atrav\u00e9s de a\u00e7\u00f5es volunt\u00e1rias, a Igreja Cat\u00f3lica em v\u00e1rias partes do Brasil se mobiliza para ajudar no combate ao coronav\u00edrus. A preocupa\u00e7\u00e3o \u00e9 com o pico da pandemia, quando, de acordo com as autoridades de sa\u00fade, o n\u00famero de casos confirmados dever\u00e1 aumentar muito.<\/p>\n<p style=\"text-align: justify;\">A Arquidiocese de Campinas (SP), por exemplo, est\u00e1 montando um hospital de campanha em parceria com a Pontif\u00edcia Universidade Cat\u00f3lica (PUC). O local contar\u00e1 com uma tenda para a triagem das pessoas com sintomas da Covid-19.<\/p>\n<p class=\"p1\" style=\"text-align: justify;\">Al\u00e9m disso, as duas institui\u00e7\u00f5es se uniram para divulgar uma s\u00e9rie de v\u00eddeos, \u00e1udios e textos com orienta\u00e7\u00f5es para a preserva\u00e7\u00e3o da sa\u00fade f\u00edsica e mental durante a quarentena. O material est\u00e1 dispon\u00edvel<a href=\"https:\/\/www.puc-campinas.edu.br\/um-desafio-nos-une\/\" target=\"_blank\" rel=\"noopener noreferrer\">\u00a0aqui<\/a>.<\/p>\n<p class=\"p1\" style=\"text-align: justify;\"><span class=\"s1\">Mais boas a\u00e7\u00f5es no nordeste do pa\u00eds. A Arquidiocese de Macei\u00f3 (AL), em parceria com a prefeitura local e com a Pastoral da Juventude, est\u00e1 organizando abrigos destinados \u00e0 popula\u00e7\u00e3o de rua. Um ser\u00e1 espec\u00edfico para acolher os idosos e o outro as crian\u00e7as, os adolescentes, jovens e adultos.<\/span><\/p>\n<p style=\"text-align: justify;\">Em Londrina (PR), tr\u00eas pr\u00e9dios da Igreja tamb\u00e9m est\u00e3o sendo usados para abrigar moradores de rua durante o per\u00edodo de isolamento social.<\/p>\n<p class=\"p1\" style=\"text-align: justify;\"><span class=\"s1\">J\u00e1 a arquidiocese de Belo Horizonte (MG), ofereceu aos prefeitos da capital mineira e de outros 27 munic\u00edpios da regi\u00e3o metropolitana os pr\u00e9dios da Igreja Cat\u00f3lica para servirem como hospitais de campanha e pontos de refer\u00eancia e amparo a idosos, enfermos e pessoas pobres.\u00a0<\/span><\/p>\n<p class=\"p1\" style=\"text-align: justify;\"><span class=\"s1\">O presidente da CNBB ressaltou a import\u00e2ncia da solidariedade, especialmente neste momento em que o mundo enfrenta uma pandemia: \u201cExemplares s\u00e3o os empreendedores que dedicam parte de seus recursos para investir em equipamentos hospitalares, t\u00e3o importantes para acolher quem mais sofre com o coronav\u00edrus. Tamb\u00e9m toca o cora\u00e7\u00e3o a atitude dos que, mesmo tendo pouco, procuram ajudar. S\u00e3o jovens que fazem compras para os idosos, profissionais que oferecem graciosamente servi\u00e7os a partir das redes digitais. A for\u00e7a da solidariedade vai vencer a pandemia\u201d.\u00a0<\/span><\/p>\n<p style=\"text-align: justify;\"><em>Com informa\u00e7\u00f5es de CNBB<\/em><\/p>\n<\/div>\n","protected":false},"excerpt":{"rendered":"<p>Arquidioceses de v\u00e1rias regi\u00f5es do pa\u00eds est\u00e3o disponibilizando seus pr\u00e9dios para a montagem de hospitais de campanha Atendendo a uma recomenda\u00e7\u00e3o da CNBB (Confer\u00eancia Nacional dos Bispos do Brasil) ou at\u00e9 mesmo atrav\u00e9s de a\u00e7\u00f5es volunt\u00e1rias, a Igreja Cat\u00f3lica em v\u00e1rias partes do Brasil se mobiliza para ajudar no combate ao coronav\u00edrus. A preocupa\u00e7\u00e3o \u00e9 [&hellip;]<\/p>\n","protected":false},"author":1,"featured_media":58039,"comment_status":"open","ping_status":"closed","sticky":false,"template":"","format":"standard","meta":{"footnotes":""},"categories":[4],"tags":[],"class_list":["post-58038","post","type-post","status-publish","format-standard","has-post-thumbnail","hentry","category-cotidiano"],"_links":{"self":[{"href":"https:\/\/catolicanet.net\/wp-cnet\/wp-json\/wp\/v2\/posts\/58038","targetHints":{"allow":["GET"]}}],"collection":[{"href":"https:\/\/catolicanet.net\/wp-cnet\/wp-json\/wp\/v2\/posts"}],"about":[{"href":"https:\/\/catolicanet.net\/wp-cnet\/wp-json\/wp\/v2\/types\/post"}],"author":[{"embeddable":true,"href":"https:\/\/catolicanet.net\/wp-cnet\/wp-json\/wp\/v2\/users\/1"}],"replies":[{"embeddable":true,"href":"https:\/\/catolicanet.net\/wp-cnet\/wp-json\/wp\/v2\/comments?post=58038"}],"version-history":[{"count":1,"href":"https:\/\/catolicanet.net\/wp-cnet\/wp-json\/wp\/v2\/posts\/58038\/revisions"}],"predecessor-version":[{"id":58040,"href":"https:\/\/catolicanet.net\/wp-cnet\/wp-json\/wp\/v2\/posts\/58038\/revisions\/58040"}],"wp:featuredmedia":[{"embeddable":true,"href":"https:\/\/catolicanet.net\/wp-cnet\/wp-json\/wp\/v2\/media\/58039"}],"wp:attachment":[{"href":"https:\/\/catolicanet.net\/wp-cnet\/wp-json\/wp\/v2\/media?parent=58038"}],"wp:term":[{"taxonomy":"category","embeddable":true,"href":"https:\/\/catolicanet.net\/wp-cnet\/wp-json\/wp\/v2\/categories?post=58038"},{"taxonomy":"post_tag","embeddable":true,"href":"https:\/\/catolicanet.net\/wp-cnet\/wp-json\/wp\/v2\/tags?post=58038"}],"curies":[{"name":"wp","href":"https:\/\/api.w.org\/{rel}","templated":true}]}}