{"id":58032,"date":"2020-04-02T10:45:06","date_gmt":"2020-04-02T13:45:06","guid":{"rendered":"https:\/\/catolicanet.net\/wp-cnet\/?p=58032"},"modified":"2020-04-02T10:45:06","modified_gmt":"2020-04-02T13:45:06","slug":"3-santos-que-desejavam-receber-a-eucaristia-mas-nao-podiam","status":"publish","type":"post","link":"https:\/\/catolicanet.net\/wp-cnet\/3-santos-que-desejavam-receber-a-eucaristia-mas-nao-podiam\/","title":{"rendered":"3 santos que desejavam receber a Eucaristia, mas n\u00e3o podiam"},"content":{"rendered":"<h2 class=\"subtitle\">Os crist\u00e3os de hoje n\u00e3o s\u00e3o os primeiros a desejarem receber os sacramentos e n\u00e3o ser poss\u00edvel. Aprisionamento, enfermidades e outras situa\u00e7\u00f5es impediram alguns santos de viver a vida sacramental<\/h2>\n<div class=\"base-post-content\">Por causa da pandemia do coronav\u00edrus, tudo ao nosso redor parou. Para muitos cat\u00f3licos surge a d\u00favida de como levar uma vida de santidade sem poder contar com a ajuda dos sacramentos neste tempo de isolamento.<\/p>\n<p style=\"text-align: justify;\">Para a mission\u00e1ria da Comunidade Cat\u00f3lica Shalom e mestre em teologia, Josefa Alves, \u00e9 poss\u00edvel ter uma vida de santidade na situa\u00e7\u00e3o atual. Uma dica \u00e9 n\u00e3o se limitar a no\u00e7\u00e3o de tempo e espa\u00e7o que conhecemos, pois como afirma Josefa \u201ca gra\u00e7a de Deus n\u00e3o tem limites. N\u00f3s tamb\u00e9m somos templos do Esp\u00edrito Santo, Deus nos habita\u201d.<\/p>\n<p style=\"text-align: justify;\">A f\u00e9, devo\u00e7\u00e3o, desejo, reta inten\u00e7\u00e3o e amor a Deus comp\u00f5em os meios necess\u00e1rios para obter as gra\u00e7as dos sacramentos e continuar a jornada para o encontro com Cristo. \u201cPor exemplo, na Eucaristia a comunh\u00e3o espiritual \u00e9 real. Quem tem a consci\u00eancia e a f\u00e9 ao comungar, recebe dentro de si a for\u00e7a de uma bomba at\u00f4mica em gra\u00e7as, por receber Deus\u201d. Josefa tamb\u00e9m explica que quem comunga fisicamente, sem os mesmos desejos de quem \u00e9 chamado a receber o sacramento de forma espiritual, corre o risco de n\u00e3o ter o efeito daquele sacramento realizado na alma.<\/p>\n<h2 style=\"text-align: justify;\">Santos que desejaram receber a Eucaristia<\/h2>\n<p style=\"text-align: justify;\">Os crist\u00e3os de hoje n\u00e3o s\u00e3o os primeiros a desejarem receber os sacramentos e n\u00e3o ser poss\u00edvel. Enfermidades, aprisionamento e tantas outras situa\u00e7\u00f5es foram enfrentadas por alguns santos reconhecidos pela Igreja no desejo de viverem a vida sacramental, e o fruto desse \u201csofrimento\u201d gerou muitas gra\u00e7as para eles e para a Igreja.<\/p>\n<p style=\"text-align: justify;\">Josefa nos relata a hist\u00f3ria de tr\u00eas santos conhecidos.\u00a0<strong>Santa Teresinha<\/strong>\u00a0pela sua enfermidade ficou mais de um m\u00eas sem receber a Eucaristia, pois como tinha tuberculose poderia vomitar sangue e, assim, a pr\u00f3pria comunh\u00e3o. Tamb\u00e9m\u00a0<strong>S\u00e3o Jo\u00e3o da Cruz<\/strong>\u00a0que, preso por mais de nove meses, ficou sem receber nenhum sacramento e sem poder tamb\u00e9m celebrar a Eucaristia. \u201cAli no c\u00e1rcere, S\u00e3o Jo\u00e3o da Cruz escreveu seus c\u00e2nticos espirituais. Dentro da alma, ele n\u00e3o estava s\u00f3. Importante ter essa consci\u00eancia de que n\u00e3o estamos s\u00f3s, o Senhor vem e faz morada e se une a n\u00f3s\u201d, explica Josefa.<\/p>\n<p style=\"text-align: justify;\">Outra hist\u00f3ria de uma santa que pela enfermidade n\u00e3o podia receber a comunh\u00e3o \u00e9\u00a0<strong>Santa Gema Galgani<\/strong>. Por desejar muito receber a Eucaristia, quem trazia para ela a comunh\u00e3o era seu anjo da guarda. Josefa refor\u00e7a que s\u00e3o hist\u00f3rias reais vividas por homens e mulheres comuns que se tornaram santos, ela lembra que mesmo n\u00e3o podendo tocar fisicamente, n\u00e3o significa que o Senhor n\u00e3o est\u00e1 conosco, por isso \u00e9 poss\u00edvel viver a santidade nesse tempo.<\/p>\n<p>(<em>Via\u00a0<a href=\"https:\/\/www.comshalom.org\/conheca-tres-santos-que-desejavam-receber-a-eucaristia-mas-nao-podiam\/\" target=\"_blank\" rel=\"noopener noreferrer\">Comunidade Shalom<\/a><\/em>)<\/p>\n<\/div>\n","protected":false},"excerpt":{"rendered":"<p>Os crist\u00e3os de hoje n\u00e3o s\u00e3o os primeiros a desejarem receber os sacramentos e n\u00e3o ser poss\u00edvel. Aprisionamento, enfermidades e outras situa\u00e7\u00f5es impediram alguns santos de viver a vida sacramental Por causa da pandemia do coronav\u00edrus, tudo ao nosso redor parou. Para muitos cat\u00f3licos surge a d\u00favida de como levar uma vida de santidade sem [&hellip;]<\/p>\n","protected":false},"author":1,"featured_media":58033,"comment_status":"open","ping_status":"closed","sticky":false,"template":"","format":"standard","meta":{"footnotes":""},"categories":[4],"tags":[],"class_list":["post-58032","post","type-post","status-publish","format-standard","has-post-thumbnail","hentry","category-cotidiano"],"_links":{"self":[{"href":"https:\/\/catolicanet.net\/wp-cnet\/wp-json\/wp\/v2\/posts\/58032","targetHints":{"allow":["GET"]}}],"collection":[{"href":"https:\/\/catolicanet.net\/wp-cnet\/wp-json\/wp\/v2\/posts"}],"about":[{"href":"https:\/\/catolicanet.net\/wp-cnet\/wp-json\/wp\/v2\/types\/post"}],"author":[{"embeddable":true,"href":"https:\/\/catolicanet.net\/wp-cnet\/wp-json\/wp\/v2\/users\/1"}],"replies":[{"embeddable":true,"href":"https:\/\/catolicanet.net\/wp-cnet\/wp-json\/wp\/v2\/comments?post=58032"}],"version-history":[{"count":1,"href":"https:\/\/catolicanet.net\/wp-cnet\/wp-json\/wp\/v2\/posts\/58032\/revisions"}],"predecessor-version":[{"id":58034,"href":"https:\/\/catolicanet.net\/wp-cnet\/wp-json\/wp\/v2\/posts\/58032\/revisions\/58034"}],"wp:featuredmedia":[{"embeddable":true,"href":"https:\/\/catolicanet.net\/wp-cnet\/wp-json\/wp\/v2\/media\/58033"}],"wp:attachment":[{"href":"https:\/\/catolicanet.net\/wp-cnet\/wp-json\/wp\/v2\/media?parent=58032"}],"wp:term":[{"taxonomy":"category","embeddable":true,"href":"https:\/\/catolicanet.net\/wp-cnet\/wp-json\/wp\/v2\/categories?post=58032"},{"taxonomy":"post_tag","embeddable":true,"href":"https:\/\/catolicanet.net\/wp-cnet\/wp-json\/wp\/v2\/tags?post=58032"}],"curies":[{"name":"wp","href":"https:\/\/api.w.org\/{rel}","templated":true}]}}