{"id":58014,"date":"2020-04-02T10:18:00","date_gmt":"2020-04-02T13:18:00","guid":{"rendered":"https:\/\/catolicanet.net\/wp-cnet\/?p=58014"},"modified":"2020-04-02T10:18:00","modified_gmt":"2020-04-02T13:18:00","slug":"presidente-da-comissao-para-a-doutrina-da-fe-da-cnbb-esclarece-sobre-confusoes-em-relacao-a-fe-que-circulam-nas-redes-sociais-a-respeito-da-covid-19","status":"publish","type":"post","link":"https:\/\/catolicanet.net\/wp-cnet\/presidente-da-comissao-para-a-doutrina-da-fe-da-cnbb-esclarece-sobre-confusoes-em-relacao-a-fe-que-circulam-nas-redes-sociais-a-respeito-da-covid-19\/","title":{"rendered":"Presidente da Comiss\u00e3o para a Doutrina da F\u00e9 da CNBB esclarece sobre confus\u00f5es em rela\u00e7\u00e3o \u00e0 f\u00e9 que circulam nas redes sociais a respeito da Covid-19"},"content":{"rendered":"<p style=\"text-align: justify;\">Na \u00faltima sexta-feira, 27 de mar\u00e7o, pela primeira vez, o mundo se uniu em ora\u00e7\u00e3o ao Papa Francisco para acompanhar, direto da Pra\u00e7a S\u00e3o Pedro vazia, a b\u00ean\u00e7\u00e3o extraordin\u00e1ria Urbi et Orbi \u2013 que geralmente \u00e9 feita apenas no Natal e na P\u00e1scoa. O momento de ora\u00e7\u00e3o foi um pedido pelo fim da pandemia do novo coronav\u00edrus. Al\u00e9m disso, Francisco concedeu indulg\u00eancia plen\u00e1ria \u2013 que \u00e9 o perd\u00e3o do mal causado como consequ\u00eancia do pecado \u2013 aos fi\u00e9is.<\/p>\n<p style=\"text-align: justify;\">Desde o in\u00edcio da pandemia no Brasil, in\u00fameros momentos de ora\u00e7\u00e3o, reflex\u00e3o e prega\u00e7\u00e3o t\u00eam tomado conta das redes sociais. Muitos deles sem fundamento algum na Doutrina Cat\u00f3lica, que \u00e9 constitu\u00edda pelo conjunto de dogmas, verdades de f\u00e9 , ensinamentos, preceitos e leis que formam o magist\u00e9rio da Igreja Cat\u00f3lica Apost\u00f3lica Romana.<\/p>\n<div id=\"attachment_236334\" class=\"wp-caption alignright\" style=\"text-align: justify;\"><a href=\"https:\/\/www.cnbb.org.br\/wp-content\/uploads\/sites\/32\/2020\/04\/Fernando-Altemayer.jpg\"><img loading=\"lazy\" decoding=\"async\" class=\"wp-image-236334 \" src=\"https:\/\/www.cnbb.org.br\/wp-content\/uploads\/sites\/32\/2020\/04\/Fernando-Altemayer-200x300.jpg\" srcset=\"https:\/\/www.cnbb.org.br\/wp-content\/uploads\/sites\/32\/2020\/04\/Fernando-Altemayer-200x300.jpg 200w, https:\/\/www.cnbb.org.br\/wp-content\/uploads\/sites\/32\/2020\/04\/Fernando-Altemayer.jpg 641w\" alt=\"\" width=\"186\" height=\"279\" aria-describedby=\"caption-attachment-236334\" \/><\/a><\/p>\n<p id=\"caption-attachment-236334\" class=\"wp-caption-text\"><em>Fernando Altemeyer J\u00fanior. Foto: arquivo pessoal<\/em><\/p>\n<\/div>\n<p style=\"text-align: justify;\">O professor de teologia da Pontif\u00edcia Universidade Cat\u00f3lica de S\u00e3o Paulo (PUC-SP), Fernando Altemeyer J\u00fanior, escreveu recentemente sobre amuletos e prote\u00e7\u00e3o.\u00a0<em>\u201cDeus n\u00e3o escolhe uns e mata outros de forma s\u00e1dica ou como algo inevit\u00e1vel da roda c\u00edclica da morte\u201d, disse.<\/em><\/p>\n<p style=\"text-align: justify;\">Em um trecho do texto, o professor destaca que\u00a0<em>\u201cessa maneira de ver a religi\u00e3o como amuleto da sorte, ou posse de objetos sagrados que me salvassem do mal que todos estamos submetidos \u00e9 tremendamente defeituosa e caricata. Falsifica Deus e o faz ser um agente do mal\u201d.<\/em><\/p>\n<p style=\"text-align: justify;\">Ainda segundo o texto, o te\u00f3logo afirma que a ora\u00e7\u00e3o n\u00e3o \u00e9 vacina nem \u00e9 ant\u00eddoto.\u00a0<em>\u201cSe fosse assim a dezena de padres mortos em Bolonha estaria viva! F\u00e9 \u00e9 a for\u00e7a da esperan\u00e7a de quem cr\u00ea e confia sem resultados aparentes. Pessoas de f\u00e9 tamb\u00e9m morrem e \u00e0s vezes mais que os incr\u00e9dulos. F\u00e9 n\u00e3o salva uns e mata outros, protegendo uns e discriminando outros. Se fosse assim estar\u00edamos dizendo que Deus detesta It\u00e1lia e ama o Brasil\u201d.<\/em><\/p>\n<p style=\"text-align: justify;\">O professor Altemeyer destaca no texto que\u00a0<em>\u201cDeus nos ama por igual, todos e cada um, crente ou ateu, mesmo se n\u00e3o rez\u00e1ssemos nem um pai-nosso. Deus que \u00e9 Pai perdoa antes que abramos a nossa boca. Aten\u00e7\u00e3o para esse tipo de religi\u00e3o m\u00e1gica de barganha e privil\u00e9gios\u201d.<\/em><\/p>\n<div id=\"attachment_233227\" class=\"wp-caption alignleft\" style=\"text-align: justify;\"><a href=\"https:\/\/www.cnbb.org.br\/wp-content\/uploads\/sites\/32\/2020\/02\/Dom-Cipollini-e1582301708131.jpg\"><img loading=\"lazy\" decoding=\"async\" class=\"wp-image-233227 \" src=\"https:\/\/www.cnbb.org.br\/wp-content\/uploads\/sites\/32\/2020\/02\/Dom-Cipollini-e1582301708131-291x300.jpg\" srcset=\"https:\/\/www.cnbb.org.br\/wp-content\/uploads\/sites\/32\/2020\/02\/Dom-Cipollini-e1582301708131-291x300.jpg 291w, https:\/\/www.cnbb.org.br\/wp-content\/uploads\/sites\/32\/2020\/02\/Dom-Cipollini-e1582301708131.jpg 615w\" alt=\"\" width=\"253\" height=\"260\" aria-describedby=\"caption-attachment-233227\" \/><\/a><\/p>\n<p id=\"caption-attachment-233227\" class=\"wp-caption-text\"><em>Dom Pedro Carlos Cipollini. Foto:CNBB<\/em><\/p>\n<\/div>\n<p style=\"text-align: justify;\">Em uma r\u00e1pida busca pela internet \u00e9 poss\u00edvel ver que as pessoas t\u00eam escrito e compartilhado \u201cexplica\u00e7\u00f5es\u201d sobre os des\u00edgnios de Deus a respeito da pandemia do coronav\u00edrus. Diante disso, o portal da Confer\u00eancia Nacional dos Bispos do Brasil (CNBB) conversou com o bispo de Santo Andr\u00e9 e presidente da Comiss\u00e3o Episcopal para a Doutrina da F\u00e9 da CNBB, dom Pedro Carlos Cipollini, que destacou que esta vis\u00e3o de que Deus castiga e pune n\u00e3o est\u00e1 de acordo com a revela\u00e7\u00e3o que Jesus nos fez do Pai que n\u00e3o quer a morte do pecador, mas que ele se converta de vida.<\/p>\n<p style=\"text-align: justify;\">Leia a aqui entrevista completa:<\/p>\n<p style=\"text-align: justify;\"><strong><em>Deus quem manda o v\u00edrus para converter o povo?<\/em><\/strong><\/p>\n<p style=\"text-align: justify;\">N\u00e3o \u00e9 Deus que manda. Esta vis\u00e3o de que Deus castiga e pune n\u00e3o \u00e9 de acordo com a revela\u00e7\u00e3o que Jesus nos fez do Pai que n\u00e3o quer a morte do pecador, mas que ele se converta e viva. Jesus disse ainda: quero miseric\u00f3rdia e n\u00e3o sacrif\u00edcio.<\/p>\n<p style=\"text-align: justify;\"><strong><em>Deus n\u00e3o manda, mas permite com um objetivo maior?<\/em><\/strong><\/p>\n<p style=\"text-align: justify;\">Deus permite? Sim Deus permite as consequ\u00eancias das a\u00e7\u00f5es do pr\u00f3prio homem que hoje por exemplo est\u00e1 de certa forma destruindo a natureza, a terra, nossa casa comum. Isto porque Deus \u00e9 Pai mas n\u00e3o paternalista, ele permite que soframos as consequ\u00eancias de nossas escolhas.<\/p>\n<p style=\"text-align: justify;\"><strong><em>A f\u00e9 pode ser uma armadura e evitar as infec\u00e7\u00f5es?<\/em><\/strong><\/p>\n<p style=\"text-align: justify;\">A f\u00e9 \u00e9 sempre uma armadura do esp\u00edrito para, mais que evitar, vencer o mal em todas as suas manifesta\u00e7\u00f5es. Por\u00e9m, a cura pode ser fruto da pr\u00f3pria a\u00e7\u00e3o inteligente do homem que consegue descobrir os rem\u00e9dios necess\u00e1rios. Agora algumas curas s\u00e3o especiais e fruto da interven\u00e7\u00e3o direta de Deus sem explica\u00e7\u00f5es cient\u00edficas.<\/p>\n<p style=\"text-align: justify;\"><strong><em>Somente os n\u00e3o pecadores e convertidos ser\u00e3o salvos?<\/em><\/strong><\/p>\n<p style=\"text-align: justify;\">Esta pergunta sobre quem ser\u00e1 salvo est\u00e1 l\u00e1 no Evangelho de Marcos (cap. 16,16) \u201cquem crer ser\u00e1 salvo\u201d . Consideremos que este ato misterioso de crer pode vir at\u00e9 em um \u00faltimo momento como veio para o bom ladr\u00e3o. Ser\u00e3o salvos os pecadores que reconhecem seu pecado e os que est\u00e3o no caminho da convers\u00e3o. Deus quer que todos se salvem e nenhum se perca.<\/p>\n<p style=\"text-align: justify;\"><strong><em>Como podemos enxergar coerentemente aos olhos da f\u00e9 tudo que est\u00e1 acontecendo?<\/em><\/strong><\/p>\n<p style=\"text-align: justify;\">Aos olhos da f\u00e9 devemos ver a a\u00e7\u00e3o de Deus em tudo. Ele est\u00e1 presente em tudo o que acontece mesmo que seja algo que aparentemente seja absurdo como a morte de um inocente na cruz (Jesus). A f\u00e9 nos ensina al\u00e9m disso que tudo concorre para o bem dos que creem e amam a Deus. Pois Deus sabe tirar o bem de situa\u00e7\u00f5es que s\u00e3o ruins como a morte na cruz. Foi passando pela cruz que Jesus ressuscitou. Morrendo destruiu a morte. A f\u00e9 aponta para o mist\u00e9rio pascal que est\u00e1 impresso em todas as realidades e tamb\u00e9m nessa de pandemia. \u00c9 um momento de sofrimento, mas Deus far\u00e1 surgir uma luz. A vida tem a \u00faltima palavra, Deus tem a \u00faltima palavra, esta \u00e9 a vis\u00e3o da f\u00e9.<\/p>\n","protected":false},"excerpt":{"rendered":"<p>Na \u00faltima sexta-feira, 27 de mar\u00e7o, pela primeira vez, o mundo se uniu em ora\u00e7\u00e3o ao Papa Francisco para acompanhar, direto da Pra\u00e7a S\u00e3o Pedro vazia, a b\u00ean\u00e7\u00e3o extraordin\u00e1ria Urbi et Orbi \u2013 que geralmente \u00e9 feita apenas no Natal e na P\u00e1scoa. O momento de ora\u00e7\u00e3o foi um pedido pelo fim da pandemia do [&hellip;]<\/p>\n","protected":false},"author":1,"featured_media":58015,"comment_status":"open","ping_status":"closed","sticky":false,"template":"","format":"standard","meta":{"footnotes":""},"categories":[7,13],"tags":[],"class_list":["post-58014","post","type-post","status-publish","format-standard","has-post-thumbnail","hentry","category-cnbb","category-featured"],"_links":{"self":[{"href":"https:\/\/catolicanet.net\/wp-cnet\/wp-json\/wp\/v2\/posts\/58014","targetHints":{"allow":["GET"]}}],"collection":[{"href":"https:\/\/catolicanet.net\/wp-cnet\/wp-json\/wp\/v2\/posts"}],"about":[{"href":"https:\/\/catolicanet.net\/wp-cnet\/wp-json\/wp\/v2\/types\/post"}],"author":[{"embeddable":true,"href":"https:\/\/catolicanet.net\/wp-cnet\/wp-json\/wp\/v2\/users\/1"}],"replies":[{"embeddable":true,"href":"https:\/\/catolicanet.net\/wp-cnet\/wp-json\/wp\/v2\/comments?post=58014"}],"version-history":[{"count":1,"href":"https:\/\/catolicanet.net\/wp-cnet\/wp-json\/wp\/v2\/posts\/58014\/revisions"}],"predecessor-version":[{"id":58016,"href":"https:\/\/catolicanet.net\/wp-cnet\/wp-json\/wp\/v2\/posts\/58014\/revisions\/58016"}],"wp:featuredmedia":[{"embeddable":true,"href":"https:\/\/catolicanet.net\/wp-cnet\/wp-json\/wp\/v2\/media\/58015"}],"wp:attachment":[{"href":"https:\/\/catolicanet.net\/wp-cnet\/wp-json\/wp\/v2\/media?parent=58014"}],"wp:term":[{"taxonomy":"category","embeddable":true,"href":"https:\/\/catolicanet.net\/wp-cnet\/wp-json\/wp\/v2\/categories?post=58014"},{"taxonomy":"post_tag","embeddable":true,"href":"https:\/\/catolicanet.net\/wp-cnet\/wp-json\/wp\/v2\/tags?post=58014"}],"curies":[{"name":"wp","href":"https:\/\/api.w.org\/{rel}","templated":true}]}}