{"id":58011,"date":"2020-04-02T10:16:09","date_gmt":"2020-04-02T13:16:09","guid":{"rendered":"https:\/\/catolicanet.net\/wp-cnet\/?p=58011"},"modified":"2020-04-02T10:16:09","modified_gmt":"2020-04-02T13:16:09","slug":"budistas-e-cristaos-por-uma-cultura-de-compaixao-e-fraternidade","status":"publish","type":"post","link":"https:\/\/catolicanet.net\/wp-cnet\/budistas-e-cristaos-por-uma-cultura-de-compaixao-e-fraternidade\/","title":{"rendered":"Budistas e crist\u00e3os: por uma cultura de compaix\u00e3o e fraternidade"},"content":{"rendered":"<div class=\"article__subTitle\" style=\"text-align: justify;\">\u201cPromover uma cultura de compaix\u00e3o e fraternidade para aliviar os sofrimentos da humanidade e do ambiente\u201d. Mensagem aos Budistas por ocasi\u00e3o da festa do Vesakh que comemora os eventos principais da vida de Buda<\/div>\n<div class=\"title__separator\" style=\"text-align: justify;\"><\/div>\n<div class=\"article__text\">\n<p style=\"text-align: justify;\"><b>Jane Nogara &#8211; Cidade do Vaticano<\/b><\/p>\n<p style=\"text-align: justify;\">Foi divulgada na manh\u00e3 desta quinta-feira (02\/04) a mensagem do Pontif\u00edcio Conselho para o Di\u00e1logo Inter-religioso aos Budistas por ocasi\u00e3o do Vesakh 2020, festa mais importante para os budistas em que se comemora os eventos principais da vida de Buda.<\/p>\n<p style=\"text-align: justify;\">Neste ano o tema da mensagem \u201cConstruamos uma cultura de compaix\u00e3o e fraternidade\u201d quer evidenciar o alto valor que as rec\u00edprocas tradi\u00e7\u00f5es religiosas, cat\u00f3licos e budistas, \u201catribuem a esses valores na busca espiritual, no testemunho e no servi\u00e7o \u00e0 humanidade e \u00e0 uma terra ferida\u201d.<\/p>\n<h2 style=\"text-align: justify;\"><b>Boa vizinhan\u00e7a<\/b><\/h2>\n<p style=\"text-align: justify;\">No documento do Dicast\u00e9rio, \u00e9 recordado o encontro do Papa Francisco e do Patriarca Supremo dos Budistas na Tail\u00e2ndia em novembro passado. Na ocasi\u00e3o o Pont\u00edfice afirmou: \u201cPoderemos crescer num estilo de boa \u2018vizinhan\u00e7a\u2019. Promover entre os fi\u00e9is das nossas religi\u00f5es\u201d, a capacidade, \u201cde gerar e incrementar iniciativas concretas no caminho da fraternidade, especialmente com os mais pobres, e em refer\u00eancia \u00e0 nossa casa comum t\u00e3o maltratada. Desta forma, contribuiremos para a forma\u00e7\u00e3o de uma cultura de compaix\u00e3o, fraternidade e encontro, tanto aqui como em outras partes do mundo\u201d.<\/p>\n<p style=\"text-align: justify;\">Depois de recordar dos gestos do pr\u00edncipe Siddharta e de S\u00e3o Francisco de Assis que abandonaram t\u00edtulos e vestes de luxo para viverem na pobreza e ora\u00e7\u00e3o, a mensagem nos recorda que \u201co exemplo deles e de seus seguidores nos inspira a uma vida na qual devemos pensar naquilo que \u00e9 mais importante\u201d. \u201cConsequentemente, podemos nos dedicar a promover uma cultura de compaix\u00e3o e fraternidade para aliviar os sofrimentos da humanidade e do ambiente\u201d.<\/p>\n<h2 style=\"text-align: justify;\"><b>Pacto Educativo Global<\/b><\/h2>\n<p style=\"text-align: justify;\">Em seguida l\u00ea-se na mensagem que para garantir a continuidade das rela\u00e7\u00f5es entre as religi\u00f5es \u00e9 necess\u00e1rio um processo educativo, recordando o evento que ser\u00e1 realizado em outubro de 2020 sobre o tema \u201cReconstruir o pacto educativo global\u201d, promovido pelo Papa Francisco. \u00c9 um convite aos budistas para a promo\u00e7\u00e3o desta iniciativa nas comunidades que tem como objetivo cultivar um novo humanismo.<\/p>\n<p style=\"text-align: justify;\">A mensagem se conclui com os votos de ora\u00e7\u00e3o pelos que sofrem com a pandemia do coronav\u00edrus e os profissionais da sa\u00fade. \u201cEncorajamos os fi\u00e9is a viver este dif\u00edcil momento com esperan\u00e7a, compaix\u00e3o e caridade\u201d.<\/p>\n<p style=\"text-align: justify;\">Assinam a mensagem o presidente do Pontif\u00edcio Conselho para o Di\u00e1logo Inter-religioso, o cardeal Miguel \u00c1ngel Ayuso Guixot, MCCJ e seu secret\u00e1rio Mons. Kodithuwakku K. Indunil J.<\/p>\n<\/div>\n","protected":false},"excerpt":{"rendered":"<p>\u201cPromover uma cultura de compaix\u00e3o e fraternidade para aliviar os sofrimentos da humanidade e do ambiente\u201d. Mensagem aos Budistas por ocasi\u00e3o da festa do Vesakh que comemora os eventos principais da vida de Buda Jane Nogara &#8211; Cidade do Vaticano Foi divulgada na manh\u00e3 desta quinta-feira (02\/04) a mensagem do Pontif\u00edcio Conselho para o Di\u00e1logo [&hellip;]<\/p>\n","protected":false},"author":1,"featured_media":58012,"comment_status":"open","ping_status":"closed","sticky":false,"template":"","format":"standard","meta":{"footnotes":""},"categories":[3],"tags":[],"class_list":["post-58011","post","type-post","status-publish","format-standard","has-post-thumbnail","hentry","category-vaticano"],"_links":{"self":[{"href":"https:\/\/catolicanet.net\/wp-cnet\/wp-json\/wp\/v2\/posts\/58011","targetHints":{"allow":["GET"]}}],"collection":[{"href":"https:\/\/catolicanet.net\/wp-cnet\/wp-json\/wp\/v2\/posts"}],"about":[{"href":"https:\/\/catolicanet.net\/wp-cnet\/wp-json\/wp\/v2\/types\/post"}],"author":[{"embeddable":true,"href":"https:\/\/catolicanet.net\/wp-cnet\/wp-json\/wp\/v2\/users\/1"}],"replies":[{"embeddable":true,"href":"https:\/\/catolicanet.net\/wp-cnet\/wp-json\/wp\/v2\/comments?post=58011"}],"version-history":[{"count":1,"href":"https:\/\/catolicanet.net\/wp-cnet\/wp-json\/wp\/v2\/posts\/58011\/revisions"}],"predecessor-version":[{"id":58013,"href":"https:\/\/catolicanet.net\/wp-cnet\/wp-json\/wp\/v2\/posts\/58011\/revisions\/58013"}],"wp:featuredmedia":[{"embeddable":true,"href":"https:\/\/catolicanet.net\/wp-cnet\/wp-json\/wp\/v2\/media\/58012"}],"wp:attachment":[{"href":"https:\/\/catolicanet.net\/wp-cnet\/wp-json\/wp\/v2\/media?parent=58011"}],"wp:term":[{"taxonomy":"category","embeddable":true,"href":"https:\/\/catolicanet.net\/wp-cnet\/wp-json\/wp\/v2\/categories?post=58011"},{"taxonomy":"post_tag","embeddable":true,"href":"https:\/\/catolicanet.net\/wp-cnet\/wp-json\/wp\/v2\/tags?post=58011"}],"curies":[{"name":"wp","href":"https:\/\/api.w.org\/{rel}","templated":true}]}}