{"id":57986,"date":"2020-04-01T10:52:32","date_gmt":"2020-04-01T13:52:32","guid":{"rendered":"https:\/\/catolicanet.net\/wp-cnet\/?p=57986"},"modified":"2020-04-01T10:52:32","modified_gmt":"2020-04-01T13:52:32","slug":"xviii-congresso-eucaristico-nacional-e-adiado","status":"publish","type":"post","link":"https:\/\/catolicanet.net\/wp-cnet\/xviii-congresso-eucaristico-nacional-e-adiado\/","title":{"rendered":"XVIII Congresso Eucar\u00edstico Nacional \u00e9 adiado"},"content":{"rendered":"<p style=\"text-align: justify;\">O arcebispo de Olinda e Recife (PE), dom Ant\u00f4nio Fernando Saburido, anunciou nesta segunda-feira, 30 de mar\u00e7o, o adiamento do XVIII Congresso Eucar\u00edstico Nacional (XVIII CEN) para 2021. Por conta da pandemia do novo coronav\u00edrus e das incertezas em decorr\u00eancia deste momento, foi definida a nova data para o per\u00edodo de 12 a 15 de novembro do pr\u00f3ximo ano, tamb\u00e9m na arquidiocese pernambucana.<\/p>\n<p style=\"text-align: justify;\">\u201cFeita a devida consulta aos bispos do Regional Nordeste 2 e \u00e0 Presid\u00eancia da CNBB recebi, atrav\u00e9s de telefonema do Secret\u00e1rio Geral da CNBB \u2013 Dom Joel Portella Amado, a confirma\u00e7\u00e3o de que toda a presid\u00eancia est\u00e1 de acordo com o adiamento do XVIII Congresso Eucar\u00edstico Nacional, a ser sediado pela Arquidiocese de Olinda e Recife, para o per\u00edodo de 12 a 15 de novembro de 2021, em comunh\u00e3o com os 21 bispos do Regional que tamb\u00e9m se manifestaram favor\u00e1veis, devido \u00e0 pandemia da Covid-19 presente em todo o mundo\u201d, anunciou dom Saburido.<\/p>\n<p style=\"text-align: justify;\">A Presid\u00eancia da CNBB manifestou, por unanimidade, a concord\u00e2ncia quanto ao adiamento do XVIII Congresso Eucar\u00edstico Nacional para 2021. Em comunicado, o bispo auxiliar do Rio de Janeiro (RJ) e secret\u00e1rio-geral da entidade, dom Joel Portella Amado, elogiou a decis\u00e3o:\u00a0\u201cTrata-se de atitude de profundo bom senso diante de um quadro imprevis\u00edvel, n\u00e3o apenas quanto ao tempo de dura\u00e7\u00e3o da pandemia causada pelo coronav\u00edrus quanto em rela\u00e7\u00e3o \u00e0s sequelas econ\u00f4micas que poder\u00e3o advir\u201d.<\/p>\n<h3 style=\"text-align: justify;\">O evento<\/h3>\n<p style=\"text-align: justify;\">O XVIII Congresso Eucar\u00edstico Nacional j\u00e1 iniciou algumas atividades desde 2019, como o Ano Eucar\u00edstico na arquidiocese de Olinda e Recife, sede do evento, e trabalha o tema \u201cP\u00e3o em Todas as Mesas\u201d e o lema \u201cRepartiam o P\u00e3o com alegria e n\u00e3o havia necessitados entre eles\u201d. O prop\u00f3sito, de acordo com dom Fernando Saburido, \u00e9 \u201cpromover a comunh\u00e3o das Igrejas em torno da Eucaristia, no desejo de que esse evento, que re\u00fane o Brasil em terras do Nordeste, nos leve a entender que o \u2018P\u00e3o da Vida\u2019 move a Igreja a sair de si, das zonas de conforto, para alcan\u00e7ar as periferias existenciais bem lembradas pelo Papa Francisco\u201d.<\/p>\n<p style=\"text-align: justify;\">Al\u00e9m do Recife, os munic\u00edpios de Olinda e S\u00e3o Louren\u00e7o da Mata, regi\u00e3o metropolitana da capital pernambucana, tamb\u00e9m sediar\u00e3o alguns eventos do Congresso. A realiza\u00e7\u00e3o do XVIII CEN acontece com a participa\u00e7\u00e3o das prov\u00edncias eclesi\u00e1sticas de Pernambuco, Para\u00edba, Alagoas e Rio Grande do Norte, pertencentes ao Regional Nordeste 2 da CNBB.<\/p>\n<p style=\"text-align: justify;\">Os Congressos Eucar\u00edsticos Nacionais acontecem em todo o mundo e aqui no Brasil \u00e9 realizado normalmente a cada quatro anos. O encontro visa reunir os fi\u00e9is cat\u00f3licos em torno da Eucaristia, que \u00e9 o centro da f\u00e9 cat\u00f3lica: Corpo e Sangue de Jesus Eucar\u00edstico.<\/p>\n<p>&nbsp;<\/p>\n<p><a href=\"https:\/\/cen2020.com.br\/adiamento-do-xviii-congresso-eucaristico-nacional\/\">Veja a nota oficial divulgada pela organiza\u00e7\u00e3o do Congresso Eucar\u00edstico Nacional:<\/a><\/p>\n<p><a href=\"https:\/\/www.cnbb.org.br\/wp-content\/uploads\/sites\/32\/2020\/03\/NOTA-OFICIAL_CEN-2020-23.jpg\"><img loading=\"lazy\" decoding=\"async\" class=\"alignnone size-medium wp-image-236226\" src=\"https:\/\/www.cnbb.org.br\/wp-content\/uploads\/sites\/32\/2020\/03\/NOTA-OFICIAL_CEN-2020-23-300x169.jpg\" srcset=\"https:\/\/www.cnbb.org.br\/wp-content\/uploads\/sites\/32\/2020\/03\/NOTA-OFICIAL_CEN-2020-23-300x169.jpg 300w, https:\/\/www.cnbb.org.br\/wp-content\/uploads\/sites\/32\/2020\/03\/NOTA-OFICIAL_CEN-2020-23-1024x578.jpg 1024w, https:\/\/www.cnbb.org.br\/wp-content\/uploads\/sites\/32\/2020\/03\/NOTA-OFICIAL_CEN-2020-23-768x434.jpg 768w, https:\/\/www.cnbb.org.br\/wp-content\/uploads\/sites\/32\/2020\/03\/NOTA-OFICIAL_CEN-2020-23.jpg 1241w\" alt=\"\" width=\"300\" height=\"169\" \/><\/a><\/p>\n","protected":false},"excerpt":{"rendered":"<p>O arcebispo de Olinda e Recife (PE), dom Ant\u00f4nio Fernando Saburido, anunciou nesta segunda-feira, 30 de mar\u00e7o, o adiamento do XVIII Congresso Eucar\u00edstico Nacional (XVIII CEN) para 2021. Por conta da pandemia do novo coronav\u00edrus e das incertezas em decorr\u00eancia deste momento, foi definida a nova data para o per\u00edodo de 12 a 15 de [&hellip;]<\/p>\n","protected":false},"author":1,"featured_media":57987,"comment_status":"open","ping_status":"closed","sticky":false,"template":"","format":"standard","meta":{"footnotes":""},"categories":[7],"tags":[],"class_list":["post-57986","post","type-post","status-publish","format-standard","has-post-thumbnail","hentry","category-cnbb"],"_links":{"self":[{"href":"https:\/\/catolicanet.net\/wp-cnet\/wp-json\/wp\/v2\/posts\/57986","targetHints":{"allow":["GET"]}}],"collection":[{"href":"https:\/\/catolicanet.net\/wp-cnet\/wp-json\/wp\/v2\/posts"}],"about":[{"href":"https:\/\/catolicanet.net\/wp-cnet\/wp-json\/wp\/v2\/types\/post"}],"author":[{"embeddable":true,"href":"https:\/\/catolicanet.net\/wp-cnet\/wp-json\/wp\/v2\/users\/1"}],"replies":[{"embeddable":true,"href":"https:\/\/catolicanet.net\/wp-cnet\/wp-json\/wp\/v2\/comments?post=57986"}],"version-history":[{"count":1,"href":"https:\/\/catolicanet.net\/wp-cnet\/wp-json\/wp\/v2\/posts\/57986\/revisions"}],"predecessor-version":[{"id":57988,"href":"https:\/\/catolicanet.net\/wp-cnet\/wp-json\/wp\/v2\/posts\/57986\/revisions\/57988"}],"wp:featuredmedia":[{"embeddable":true,"href":"https:\/\/catolicanet.net\/wp-cnet\/wp-json\/wp\/v2\/media\/57987"}],"wp:attachment":[{"href":"https:\/\/catolicanet.net\/wp-cnet\/wp-json\/wp\/v2\/media?parent=57986"}],"wp:term":[{"taxonomy":"category","embeddable":true,"href":"https:\/\/catolicanet.net\/wp-cnet\/wp-json\/wp\/v2\/categories?post=57986"},{"taxonomy":"post_tag","embeddable":true,"href":"https:\/\/catolicanet.net\/wp-cnet\/wp-json\/wp\/v2\/tags?post=57986"}],"curies":[{"name":"wp","href":"https:\/\/api.w.org\/{rel}","templated":true}]}}