{"id":57965,"date":"2020-03-31T11:04:13","date_gmt":"2020-03-31T14:04:13","guid":{"rendered":"https:\/\/catolicanet.net\/wp-cnet\/?p=57965"},"modified":"2020-03-31T11:04:13","modified_gmt":"2020-03-31T14:04:13","slug":"01-o-domingo-de-ramos","status":"publish","type":"post","link":"https:\/\/catolicanet.net\/wp-cnet\/01-o-domingo-de-ramos\/","title":{"rendered":"01 O DOMINGO DE RAMOS"},"content":{"rendered":"<p style=\"text-align: justify;\">A Provid\u00eancia divina concede-nos a gra\u00e7a de iniciarmos mais uma Semana Santa no domingo de Ramos e da Paix\u00e3o do Senhor. Alegria com a entrada festiva de Jesus em Jerusal\u00e9m (Mt 21,1-11), mas tamb\u00e9m uma grande tristeza com a narrativa da Paix\u00e3o do Senhor, rejeitado, sofredor, levado \u00e0 morte (Mt 26.14-26,66). Comemora-se uma not\u00e1vel vit\u00f3ria de Jesus e, ao mesmo tempo,\u00a0 se recorda que Ele \u00e9 o Messias, salvador da humanidade, atrav\u00e9s de seu sangue redentor. \u00c9, contudo, isto outra vit\u00f3ria do Filho de Deus, ou seja, o triunfo do amor eterno. O pr\u00f3prio Cristo havia declarado que \u201cn\u00e3o h\u00e1 maior dile\u00e7\u00e3o do que dar sua vida por seus amigos&#8221; (Jo 15,13). Seus sofrimentos foram garantia absoluta de sua dile\u00e7\u00e3o para com a humanidade, amor sem limites. No alto do Calv\u00e1rio a desobedi\u00eancia de Ad\u00e3o seria reparada, bem como reparados os pecados de todos os tempos. Portanto, tristeza causada pelas prevarica\u00e7\u00f5es humanas e pelo sofrimento imenso do Redentor. J\u00fabilo, contudo, por causa do grande amor de Cristo que na cruz triunfou de todo o mal. Unidos ao divino Redentor pelas preces, pelos sacramentos e obedi\u00eancia aos sagrados mandamentos, \u00e0 sua sant\u00edssima vontade, todas as cruzes, todos os sofrimentos, decep\u00e7\u00f5es e ang\u00fastias de transformam no triunfo salutar do bem contra o mal. Portanto, \u00e9 preciso a alegria da recep\u00e7\u00e3o triunfal de Jesus em Jerusal\u00e9m e a compun\u00e7\u00e3o perante tudo que ocorreu desde sua pris\u00e3o no Horto das Oliveiras at\u00e9 sua morte no G\u00f3lgota. Tudo isto deixando uma mensagem de for\u00e7a e esperan\u00e7a. \u00c9 que a f\u00e9 dos seguidores de Cristo oferece a certeza da vit\u00f3ria final de todos aqueles que perseveram no amor a seu Redentor. Jesus triunfante entrando em Jerusal\u00e9m e depois martirizado \u00e9 a certeza da vit\u00f3ria do bem num mundo onde reina o pecado e tanta dor. \u00c9 que a perspectiva da esperan\u00e7a crist\u00e3 est\u00e1 centrada naquele que venceu a morte, ressuscitando imortal e impass\u00edvel. Quem penetra fundo no mist\u00e9rio do Domingo de Ramos pode repetir com S\u00e3o Jo\u00e3o XXIII que \u201cseu passado est\u00e1 entregue \u00e0 miseric\u00f3rdia divina, o futuro \u00e0 sua provid\u00eancia e o momento presente ao seu incomensur\u00e1vel amor\u201d. O importante, portanto, ser\u00e1 viver intensamente a Semana Santa, unindo as apreens\u00f5es e sofrimentos causados pelo coronav\u00edrus no Brasil e no mundo.\u00e0 paix\u00e3o de Jesus. No Jardim das Oliveiras Pedro, Tiago e Jo\u00e3o os amigos de Cristo dormiram, enquanto o Mestre entrava em agonia. N\u00e3o foram assim capazes de confort\u00e1-lo em momento t\u00e3o doloroso. Pedro, ali\u00e1s, depois a negar Jesus no epis\u00f3dio do Sin\u00e9drio. Viver a Semana Santa longe tamb\u00e9m da hipocrisia de Pilatos que viu cruzar em sua vida o Salvador do Mundo e n\u00e3o obstante, grotescamente, lavou as m\u00e3os, mas nada fez para libert\u00e1-lo de seus inimigos. Procurou uma falsa tranquilidade de esp\u00edrito desembara\u00e7ando-se de Jesus, o inocente.\u00a0 Os outros ap\u00f3stolos haviam abandonado a Cristo. Como Sim\u00e3o de Cirene, por\u00e9m, \u00e9 necess\u00e1rio ajudar Jesus a carregar a cruz at\u00e9 o Calv\u00e1rio, atrav\u00e9s da aplica\u00e7\u00e3o de todos os sofrimentos em repara\u00e7\u00e3o dos pecados pr\u00f3prios e da humanidade prevaricadora. Louvores a Maria Madalena e \u00e0s santas mulheres firmes junto de Jesus aos p\u00e9s da cruz. A\u00ed o exemplo magn\u00edfico de Maria, sua M\u00e3e, de p\u00e9, no Calv\u00e1rio ap\u00f3s a dor do Encontro na Rua da Amargura. Ela acompanhou o Filho at\u00e9 o monte da dor e esteve a seu lado, inclusive no seu sepultamento, apesar de dilacerado estar o seu cora\u00e7\u00e3o. Tornou-se a Corredentora da humanidade. Com ela estava o disc\u00edpulo amado de Jesus a quem Ele confiou os cuidados de sua M\u00e3e que ali se torna M\u00e3e de todos os regenerados pelo sofrimento de Cristo, sendo Jo\u00e3o, o fiel disc\u00edpulo, ali representante de todos n\u00f3s. Como passar a Semana santa sen\u00e3o abominando as infidelidades de tantos outros ingratos, mas imitando exemplos t\u00e3o maravilhosos dos que n\u00e3o desampararam o divino Salvador. Ele quer nesta Semana operar grande transforma\u00e7\u00e3o \u00a0em cada um de n\u00f3s atrav\u00e9s da liturgia, rumo a uma uni\u00e3o perfeita com Ele, valorizando seu sangue salvador. Santificados nesta Semana Santa estar\u00e3o abandonadas as coisas ef\u00eameras, f\u00fateis, pecaminosas, unindo cada um seu sofrimento ao sofrimento de Jesus para que completa seja a alegria da Pascoa do pr\u00f3ximo domingo<em>. <\/em><\/p>\n","protected":false},"excerpt":{"rendered":"<p>A Provid\u00eancia divina concede-nos a gra\u00e7a de iniciarmos mais uma Semana Santa no domingo de Ramos e da Paix\u00e3o do Senhor. Alegria com a entrada festiva de Jesus em Jerusal\u00e9m (Mt 21,1-11), mas tamb\u00e9m uma grande tristeza com a narrativa da Paix\u00e3o do Senhor, rejeitado, sofredor, levado \u00e0 morte (Mt 26.14-26,66). Comemora-se uma not\u00e1vel vit\u00f3ria [&hellip;]<\/p>\n","protected":false},"author":7,"featured_media":55813,"comment_status":"open","ping_status":"closed","sticky":false,"template":"","format":"standard","meta":{"footnotes":""},"categories":[9],"tags":[],"class_list":["post-57965","post","type-post","status-publish","format-standard","has-post-thumbnail","hentry","category-artigos"],"_links":{"self":[{"href":"https:\/\/catolicanet.net\/wp-cnet\/wp-json\/wp\/v2\/posts\/57965","targetHints":{"allow":["GET"]}}],"collection":[{"href":"https:\/\/catolicanet.net\/wp-cnet\/wp-json\/wp\/v2\/posts"}],"about":[{"href":"https:\/\/catolicanet.net\/wp-cnet\/wp-json\/wp\/v2\/types\/post"}],"author":[{"embeddable":true,"href":"https:\/\/catolicanet.net\/wp-cnet\/wp-json\/wp\/v2\/users\/7"}],"replies":[{"embeddable":true,"href":"https:\/\/catolicanet.net\/wp-cnet\/wp-json\/wp\/v2\/comments?post=57965"}],"version-history":[{"count":1,"href":"https:\/\/catolicanet.net\/wp-cnet\/wp-json\/wp\/v2\/posts\/57965\/revisions"}],"predecessor-version":[{"id":57966,"href":"https:\/\/catolicanet.net\/wp-cnet\/wp-json\/wp\/v2\/posts\/57965\/revisions\/57966"}],"wp:featuredmedia":[{"embeddable":true,"href":"https:\/\/catolicanet.net\/wp-cnet\/wp-json\/wp\/v2\/media\/55813"}],"wp:attachment":[{"href":"https:\/\/catolicanet.net\/wp-cnet\/wp-json\/wp\/v2\/media?parent=57965"}],"wp:term":[{"taxonomy":"category","embeddable":true,"href":"https:\/\/catolicanet.net\/wp-cnet\/wp-json\/wp\/v2\/categories?post=57965"},{"taxonomy":"post_tag","embeddable":true,"href":"https:\/\/catolicanet.net\/wp-cnet\/wp-json\/wp\/v2\/tags?post=57965"}],"curies":[{"name":"wp","href":"https:\/\/api.w.org\/{rel}","templated":true}]}}