{"id":57961,"date":"2020-03-31T10:55:38","date_gmt":"2020-03-31T13:55:38","guid":{"rendered":"https:\/\/catolicanet.net\/wp-cnet\/?p=57961"},"modified":"2020-03-31T10:55:38","modified_gmt":"2020-03-31T13:55:38","slug":"governabilidade-para-o-mal-2","status":"publish","type":"post","link":"https:\/\/catolicanet.net\/wp-cnet\/governabilidade-para-o-mal-2\/","title":{"rendered":"Governabilidade Para o Mal"},"content":{"rendered":"<p style=\"text-align: justify;\"><strong>O historiador e escritor holand\u00eas Robim de Ruiter afirma:<em> \u201cA humanidade em geral foi programada para pensar e se comportar como rob\u00f4s e para ensinar a seus filhos a fazerem o mesmo. Transformamo-nos em uma ra\u00e7a de mentalidades programadas que pode ser persuadida a crer e a fazer quase tudo, contanto que a desinforma\u00e7\u00e3o e a mentira continuem nos bombardeando por interm\u00e9dio de nossos sistemas pol\u00edticos, escolas, universidades e meios de comunica\u00e7\u00e3o\u201d <\/em>(1).<\/strong><\/p>\n<p style=\"text-align: justify;\">A Elite Dominante Mundial &#8211; Os Senhores do Capitalismo Global s\u00e3o os projetistas da governabilidade universal para o mal. Eles criam o problema, propaga-o e vendem a falsa solu\u00e7\u00e3o do problema. Neste momento, grupos de pessoas inteligentes e poderosas est\u00e3o se encontrando para \u201cplantar a iniquidade\u201d. Corpora\u00e7\u00f5es internacionais, presidentes de conglomerados de m\u00eddia de massa e sociedades secretas est\u00e3o planejando uma \u201cconspira\u00e7\u00e3o contra a vida\u201d. O Papa S\u00e3o Jo\u00e3o Paulo II chamava isso de uma \u201cconspira\u00e7\u00e3o objetiva\u201d. N\u00e3o \u00e9 meramente uma opini\u00e3o dele ou de alguns poucos outros. Ele n\u00e3o \u00e9 um desconhecedor, est\u00e1 simplesmente encarando os fatos. \u201cPara al\u00e9m das inten\u00e7\u00f5es, elas podem ser v\u00e1rias e at\u00e9 assumir formas persuasivas em nome at\u00e9 da solidariedade. A verdade \u00e9 que estamos perante uma objetiva [conjura contra a vida] que v\u00ea tamb\u00e9m implicadas Institui\u00e7\u00f5es Internacionais, empenhadas a encorajar e programar verdadeiras e pr\u00f3prias campanhas para difundi a contracep\u00e7\u00e3o, a esteriliza\u00e7\u00e3o e o aborto\u201d. (O Evangelho da Vida, 17).<\/p>\n<p style=\"text-align: justify;\">N\u00f3s crist\u00e3os, tamb\u00e9m somos chamados a nos reunir e planejar. Rezar, reunir, projetar e executar para o bem comum. Embora reuni\u00f5es sejam algumas vezes realizadas sem um grande resultado, n\u00e3o poucas vezes essas reuni\u00f5es a acabam conduzindo para a Gl\u00f3ria do Pai, pois sobre o senhorio de Jesus, o poder do Esp\u00edrito Santo pode ser usado por Deus para transformara face da Terra (Sl 104, 30) (2).<\/p>\n<p style=\"text-align: justify;\">Antes do primeiro Pentecostes Crist\u00e3o, o Nosso Senhor conduzia os disc\u00edpulos n\u00e3o somente a fazerem reuni\u00f5es de ora\u00e7\u00f5es, mas tamb\u00e9m\u00a0 reuni\u00f5es de neg\u00f3cios (At 1,15-26; 6,1-3). O Ap\u00f3stolo Pedro conduzia essas reuni\u00f5es. Ele citou alguns trechos das Escrituras e os aplicou a necessidade de se substituir Judas. Os disc\u00edpulos no andar superior tinham que decidir sobre como o Senhor desejaria que Sua Igreja fosse estruturada, o crit\u00e9rio para se tornar um Ap\u00f3stolo, e o processo para se tomar essa decis\u00e3o. Depois da realiza\u00e7\u00e3o dessa reuni\u00e3o, o Esp\u00edrito Santo foi derramado em Pentecostes, e a Igreja nasceu, cresceu e continua crescendo para opor o esp\u00edrito das trevas e toda a sua estrutura de cultura de morte.<\/p>\n<p style=\"text-align: justify;\">Nossa miss\u00e3o \u00e9 se reunir na dire\u00e7\u00e3o total do Esp\u00edrito Santo e dele receber dons para projetar planos poderosos em prol da evangeliza\u00e7\u00e3o, da justi\u00e7a social, da paz mundial e de todo bem da dignidade da pessoa humana. Anunciamos a Boa Nova da governabilidade para bem-estar de todos!<\/p>\n<p style=\"text-align: justify;\">Frei In\u00e1cio Jos\u00e9 do Vale, FCF<\/p>\n<p style=\"text-align: justify;\">Pregador de Retiros Espirituais<\/p>\n<p style=\"text-align: justify;\">Soci\u00f3logo em Ci\u00eancia da Religi\u00e3o<\/p>\n<p style=\"text-align: justify;\">Fraternidade Sacerdotal Jesus C\u00e1ritas<\/p>\n<p style=\"text-align: justify;\"><strong>Autor do livro: Fome e Sede de Deus<\/strong><\/p>\n<p style=\"text-align: justify;\"><strong>\u00a0<\/strong><\/p>\n<p style=\"text-align: justify;\">Fontes:<\/p>\n<p style=\"text-align: justify;\">(1) Ruiter, Robin de. O Anticristo: poder oculto por tr\u00e1s da Nova Ordem Mundial. S\u00e3o Paulo: Editora Ave-Maria, 2005, 3\u00aa. Edi\u00e7\u00e3o. p. 47.<\/p>\n<p style=\"text-align: justify;\">(2) Um P\u00e3o, um Corpo, 16\/07\/2016 p.47.<\/p>\n","protected":false},"excerpt":{"rendered":"<p>O historiador e escritor holand\u00eas Robim de Ruiter afirma: \u201cA humanidade em geral foi programada para pensar e se comportar como rob\u00f4s e para ensinar a seus filhos a fazerem o mesmo. Transformamo-nos em uma ra\u00e7a de mentalidades programadas que pode ser persuadida a crer e a fazer quase tudo, contanto que a desinforma\u00e7\u00e3o e [&hellip;]<\/p>\n","protected":false},"author":16,"featured_media":55822,"comment_status":"open","ping_status":"closed","sticky":false,"template":"","format":"standard","meta":{"footnotes":""},"categories":[9],"tags":[],"class_list":["post-57961","post","type-post","status-publish","format-standard","has-post-thumbnail","hentry","category-artigos"],"_links":{"self":[{"href":"https:\/\/catolicanet.net\/wp-cnet\/wp-json\/wp\/v2\/posts\/57961","targetHints":{"allow":["GET"]}}],"collection":[{"href":"https:\/\/catolicanet.net\/wp-cnet\/wp-json\/wp\/v2\/posts"}],"about":[{"href":"https:\/\/catolicanet.net\/wp-cnet\/wp-json\/wp\/v2\/types\/post"}],"author":[{"embeddable":true,"href":"https:\/\/catolicanet.net\/wp-cnet\/wp-json\/wp\/v2\/users\/16"}],"replies":[{"embeddable":true,"href":"https:\/\/catolicanet.net\/wp-cnet\/wp-json\/wp\/v2\/comments?post=57961"}],"version-history":[{"count":1,"href":"https:\/\/catolicanet.net\/wp-cnet\/wp-json\/wp\/v2\/posts\/57961\/revisions"}],"predecessor-version":[{"id":57962,"href":"https:\/\/catolicanet.net\/wp-cnet\/wp-json\/wp\/v2\/posts\/57961\/revisions\/57962"}],"wp:featuredmedia":[{"embeddable":true,"href":"https:\/\/catolicanet.net\/wp-cnet\/wp-json\/wp\/v2\/media\/55822"}],"wp:attachment":[{"href":"https:\/\/catolicanet.net\/wp-cnet\/wp-json\/wp\/v2\/media?parent=57961"}],"wp:term":[{"taxonomy":"category","embeddable":true,"href":"https:\/\/catolicanet.net\/wp-cnet\/wp-json\/wp\/v2\/categories?post=57961"},{"taxonomy":"post_tag","embeddable":true,"href":"https:\/\/catolicanet.net\/wp-cnet\/wp-json\/wp\/v2\/tags?post=57961"}],"curies":[{"name":"wp","href":"https:\/\/api.w.org\/{rel}","templated":true}]}}