{"id":57949,"date":"2020-03-31T10:43:58","date_gmt":"2020-03-31T13:43:58","guid":{"rendered":"https:\/\/catolicanet.net\/wp-cnet\/?p=57949"},"modified":"2020-03-31T10:43:58","modified_gmt":"2020-03-31T13:43:58","slug":"freiras-cuidam-de-moradores-de-rua-em-fortaleza-para-protege-los-da-pandemia","status":"publish","type":"post","link":"https:\/\/catolicanet.net\/wp-cnet\/freiras-cuidam-de-moradores-de-rua-em-fortaleza-para-protege-los-da-pandemia\/","title":{"rendered":"Freiras cuidam de moradores de rua em Fortaleza para proteg\u00ea-los da pandemia"},"content":{"rendered":"<h2 class=\"subtitle\" style=\"text-align: justify;\">As irm\u00e3s vicentinas est\u00e3o entregando alimentos, m\u00e1scaras, artigos de higiene pessoal e orienta\u00e7\u00e3o preventiva contra o v\u00edrus<\/h2>\n<div class=\"base-post-content\">OCear\u00e1 \u00e9 o terceiro Estado brasileiro mais atingido pela dissemina\u00e7\u00e3o do coronav\u00edrus at\u00e9 o momento, em n\u00famero de casos confirmados de Covid-19.<\/p>\n<p style=\"text-align: justify;\">Na capital, Fortaleza, as religiosas da Companhia das Filhas da Caridade de S\u00e3o Vicente de Paulo, conhecidas como irm\u00e3s vicentinas, est\u00e3o se dedicando de modo ainda mais intenso a prestar socorro \u00e0 popula\u00e7\u00e3o de rua, cuja vulnerabilidade se agrava nas atuais circunst\u00e2ncias da pandemia.<\/p>\n<p style=\"text-align: justify;\">As irm\u00e3s est\u00e3o entregando alimentos, m\u00e1scaras, artigos de higiene pessoal e orienta\u00e7\u00e3o preventiva contra o v\u00edrus.<\/p>\n<p style=\"text-align: justify;\">As imagens que reproduzimos foram divulgadas por Catarina Laboure, Aascl, mediante o blog cat\u00f3lico\u00a0<a href=\"http:\/\/blogs.opovo.com.br\/ancoradouro\/2020\/03\/24\/coronavirus-freiras-cuidam-de-moradores-de-rua-em-tempos-de-pandemia\/\" target=\"_blank\" rel=\"noopener noreferrer\"><em>Ancoradouro<\/em><\/a>, veiculado pelo jornal cearense\u00a0<em>O Povo<\/em>.<\/p>\n<p><img loading=\"lazy\" decoding=\"async\" class=\"alignnone size-large\" src=\"https:\/\/i0.wp.com\/blogs.opovo.com.br\/ancoradouro\/wp-content\/uploads\/sites\/64\/2020\/03\/FB_IMG_1585068931510.jpg?quality=100&amp;strip=all\" width=\"720\" height=\"720\" \/><\/p>\n<p><img loading=\"lazy\" decoding=\"async\" class=\"alignnone size-large\" src=\"https:\/\/i2.wp.com\/blogs.opovo.com.br\/ancoradouro\/wp-content\/uploads\/sites\/64\/2020\/03\/FB_IMG_1585068937874.jpg?quality=100&amp;strip=all\" width=\"720\" height=\"540\" \/><\/p>\n<div class=\"nativo-inread\"><\/div>\n<div id=\"aleteia-welcome\" data-google-query-id=\"COyXh9nrxOgCFUhZwQodwxUJ6w\">\n<div id=\"google_ads_iframe_\/64500793\/PT_DESK_ARTICLE_WELCOME_1X1_0__container__\"><iframe id=\"google_ads_iframe_\/64500793\/PT_DESK_ARTICLE_WELCOME_1X1_0\" title=\"3rd party ad content\" name=\"google_ads_iframe_\/64500793\/PT_DESK_ARTICLE_WELCOME_1X1_0\" width=\"1\" height=\"1\" frameborder=\"0\" marginwidth=\"0\" marginheight=\"0\" scrolling=\"no\" data-google-container-id=\"2\" data-load-complete=\"true\" data-mce-fragment=\"1\"><\/iframe><\/div>\n<\/div>\n<p><img loading=\"lazy\" decoding=\"async\" class=\"alignnone size-large\" src=\"https:\/\/i2.wp.com\/blogs.opovo.com.br\/ancoradouro\/wp-content\/uploads\/sites\/64\/2020\/03\/FB_IMG_1585068922015.jpg?quality=100&amp;strip=all\" width=\"720\" height=\"720\" \/><\/p>\n<p><img loading=\"lazy\" decoding=\"async\" class=\"alignnone size-large\" src=\"https:\/\/i0.wp.com\/blogs.opovo.com.br\/ancoradouro\/wp-content\/uploads\/sites\/64\/2020\/03\/FB_IMG_1585068924831.jpg?quality=100&amp;strip=all\" width=\"720\" height=\"720\" \/><\/p>\n<p><img loading=\"lazy\" decoding=\"async\" class=\"alignnone size-large\" src=\"https:\/\/i1.wp.com\/blogs.opovo.com.br\/ancoradouro\/wp-content\/uploads\/sites\/64\/2020\/03\/IMG-20200324-WA0040.jpg?quality=100&amp;strip=all\" width=\"480\" height=\"788\" \/><\/p>\n<\/div>\n","protected":false},"excerpt":{"rendered":"<p>As irm\u00e3s vicentinas est\u00e3o entregando alimentos, m\u00e1scaras, artigos de higiene pessoal e orienta\u00e7\u00e3o preventiva contra o v\u00edrus OCear\u00e1 \u00e9 o terceiro Estado brasileiro mais atingido pela dissemina\u00e7\u00e3o do coronav\u00edrus at\u00e9 o momento, em n\u00famero de casos confirmados de Covid-19. Na capital, Fortaleza, as religiosas da Companhia das Filhas da Caridade de S\u00e3o Vicente de Paulo, [&hellip;]<\/p>\n","protected":false},"author":1,"featured_media":57950,"comment_status":"open","ping_status":"closed","sticky":false,"template":"","format":"standard","meta":{"footnotes":""},"categories":[4,13],"tags":[],"class_list":["post-57949","post","type-post","status-publish","format-standard","has-post-thumbnail","hentry","category-cotidiano","category-featured"],"_links":{"self":[{"href":"https:\/\/catolicanet.net\/wp-cnet\/wp-json\/wp\/v2\/posts\/57949","targetHints":{"allow":["GET"]}}],"collection":[{"href":"https:\/\/catolicanet.net\/wp-cnet\/wp-json\/wp\/v2\/posts"}],"about":[{"href":"https:\/\/catolicanet.net\/wp-cnet\/wp-json\/wp\/v2\/types\/post"}],"author":[{"embeddable":true,"href":"https:\/\/catolicanet.net\/wp-cnet\/wp-json\/wp\/v2\/users\/1"}],"replies":[{"embeddable":true,"href":"https:\/\/catolicanet.net\/wp-cnet\/wp-json\/wp\/v2\/comments?post=57949"}],"version-history":[{"count":1,"href":"https:\/\/catolicanet.net\/wp-cnet\/wp-json\/wp\/v2\/posts\/57949\/revisions"}],"predecessor-version":[{"id":57951,"href":"https:\/\/catolicanet.net\/wp-cnet\/wp-json\/wp\/v2\/posts\/57949\/revisions\/57951"}],"wp:featuredmedia":[{"embeddable":true,"href":"https:\/\/catolicanet.net\/wp-cnet\/wp-json\/wp\/v2\/media\/57950"}],"wp:attachment":[{"href":"https:\/\/catolicanet.net\/wp-cnet\/wp-json\/wp\/v2\/media?parent=57949"}],"wp:term":[{"taxonomy":"category","embeddable":true,"href":"https:\/\/catolicanet.net\/wp-cnet\/wp-json\/wp\/v2\/categories?post=57949"},{"taxonomy":"post_tag","embeddable":true,"href":"https:\/\/catolicanet.net\/wp-cnet\/wp-json\/wp\/v2\/tags?post=57949"}],"curies":[{"name":"wp","href":"https:\/\/api.w.org\/{rel}","templated":true}]}}