{"id":57945,"date":"2020-03-31T10:40:35","date_gmt":"2020-03-31T13:40:35","guid":{"rendered":"https:\/\/catolicanet.net\/wp-cnet\/?p=57945"},"modified":"2020-03-31T10:42:07","modified_gmt":"2020-03-31T13:42:07","slug":"religiosas-doaram-80-quilos-de-doces-caseiros-a-medicos-que-lutam-contra-o-coronavirus","status":"publish","type":"post","link":"https:\/\/catolicanet.net\/wp-cnet\/religiosas-doaram-80-quilos-de-doces-caseiros-a-medicos-que-lutam-contra-o-coronavirus\/","title":{"rendered":"Religiosas doaram 80 quilos de doces caseiros a m\u00e9dicos que lutam contra o coronav\u00edrus"},"content":{"rendered":"<p style=\"text-align: justify;\">As Irm\u00e3s Clarissas de Vit\u00f3ria (Espanha) doaram todos os seus doces na \u00faltima sexta-feira, 27 de mar\u00e7o, aos m\u00e9dicos, enfermeiros e outros funcion\u00e1rios do Hospital Txagorritxu, em Vit\u00f3ria, que lutam para &#8220;tentar salvar vidas e combater o Covid-19&#8221;.<\/p>\n<div class=\"SandboxRoot env-bp-350\" style=\"text-align: justify;\" data-twitter-event-id=\"0\">\n<div id=\"twitter-widget-0\" class=\"EmbeddedTweet EmbeddedTweet--cta js-clickToOpenTarget\" lang=\"en\" data-click-to-open-target=\"https:\/\/twitter.com\/DiocesisVitoria\/status\/1243569986272182281\" data-iframe-title=\"Twitter Tweet\" data-scribe=\"page:tweet\" data-twitter-event-id=\"2\">\n<div class=\"EmbeddedTweet-tweetContainer\">\n<div class=\"EmbeddedTweet-tweet\">\n<blockquote class=\"Tweet h-entry js-tweetIdInfo subject expanded\" cite=\"https:\/\/twitter.com\/DiocesisVitoria\/status\/1243569986272182281\" data-tweet-id=\"1243569986272182281\" data-scribe=\"section:subject\">\n<div class=\"Tweet-header\">\n<p><a class=\"TweetAuthor-avatar Identity-avatar u-linkBlend\" href=\"https:\/\/twitter.com\/DiocesisVitoria\" data-scribe=\"element:user_link\" aria-label=\"Di\u00f3cesis de Vitoria - Gasteizko Elizbarrutia (screen name: DiocesisVitoria)\"><img decoding=\"async\" class=\"Avatar alignleft\" src=\"https:\/\/pbs.twimg.com\/profile_images\/1236991318519418880\/UbZz9n-e_normal.jpg\" alt=\"\" data-scribe=\"element:avatar\" data-src-2x=\"https:\/\/pbs.twimg.com\/profile_images\/1236991318519418880\/UbZz9n-e_bigger.jpg\" data-src-1x=\"https:\/\/pbs.twimg.com\/profile_images\/1236991318519418880\/UbZz9n-e_normal.jpg\" \/><\/a><\/p>\n<div class=\"TweetAuthor js-inViewportScribingTarget\" data-scribe=\"component:author\">\n<div class=\"TweetAuthor-nameScreenNameContainer\"><span class=\"TweetAuthor-decoratedName\"><span class=\"TweetAuthor-name Identity-name customisable-highlight\" title=\"Di\u00f3cesis de Vitoria - Gasteizko Elizbarrutia\" data-scribe=\"element:name\">Di\u00f3cesis de Vitoria &#8211; Gasteizko Elizbarrutia<\/span><\/span><span class=\"TweetAuthor-screenName Identity-screenName\" dir=\"ltr\" title=\"@DiocesisVitoria\" data-scribe=\"element:screen_name\">@DiocesisVitoria<\/span><\/div>\n<\/div>\n<div class=\"Tweet-brand\">\n<div class=\"Icon Icon--twitter \" title=\"View on Twitter\" role=\"presentation\" aria-label=\"View on Twitter\"><\/div>\n<\/div>\n<\/div>\n<div class=\"Tweet-body e-entry-content\" data-scribe=\"component:tweet\">\n<div class=\"Tweet-target js-inViewportScribingTarget\"><\/div>\n<\/div>\n<\/blockquote>\n<div class=\"Tweet-body e-entry-content\" data-scribe=\"component:tweet\">\n<p class=\"Tweet-text e-entry-title\" dir=\"ltr\" lang=\"es\"><img loading=\"lazy\" decoding=\"async\" class=\"Emoji Emoji--forText alignleft\" title=\"Croissant\" draggable=\"false\" src=\"https:\/\/abs.twimg.com\/emoji\/v2\/72x72\/1f950.png\" alt=\"&#x1f950;\" width=\"43\" height=\"43\" aria-label=\"Emoji: Croissant\" \/> Las Hermanas Clarisas de <a class=\"PrettyLink hashtag customisable\" dir=\"ltr\" href=\"https:\/\/twitter.com\/hashtag\/VitoriaGasteiz?src=hash\" rel=\"tag\" data-query-source=\"hashtag_click\" data-scribe=\"element:hashtag\"><span class=\"PrettyLink-prefix\">#<\/span><span class=\"PrettyLink-value\">VitoriaGasteiz<\/span><\/a> han donado a los medicos, enfermeros, auxiliares, celadores, personal de limpieza y de seguridad m\u00e1s de 80kg de reposter\u00eda artesana para que repongan fuerzas en su arduo trabajo diario. \u00a1Seguimos rezando por ellos! <a class=\"PrettyLink hashtag customisable\" dir=\"ltr\" href=\"https:\/\/twitter.com\/hashtag\/QuedateEnCasa?src=hash\" rel=\"tag\" data-query-source=\"hashtag_click\" data-scribe=\"element:hashtag\"><span class=\"PrettyLink-prefix\">#<\/span><span class=\"PrettyLink-value\">QuedateEnCasa<\/span><\/a><\/p>\n<\/div>\n<blockquote class=\"Tweet h-entry js-tweetIdInfo subject expanded\" cite=\"https:\/\/twitter.com\/DiocesisVitoria\/status\/1243569986272182281\" data-tweet-id=\"1243569986272182281\" data-scribe=\"section:subject\">\n<div class=\"Tweet-body e-entry-content\" data-scribe=\"component:tweet\">\n<div class=\"Tweet-card\">\n<article class=\"MediaCard customisable-border\" dir=\"ltr\" data-scribe=\"component:card\">\n<div class=\"MediaCard-mediaContainer MediaCard--roundedTop MediaCard--roundedBottom js-cspForcedStyle\" data-scribe=\"element:photo_grid\" data-style=\"padding-bottom: 50%\">\n<div class=\"MediaCard-mediaAsset ImageGrid ImageGrid--3\"><a class=\"ImageGrid-image ImageGrid-image-0 CroppedImage CroppedImage--fillHeight\" href=\"https:\/\/twitter.com\/DiocesisVitoria\/status\/1243569986272182281\/photo\/1\"><img loading=\"lazy\" decoding=\"async\" class=\"CroppedImage-image js-cspForcedStyle\" title=\"View image on Twitter\" src=\"https:\/\/pbs.twimg.com\/media\/EUIMTmkXQAI8KWO?format=jpg&amp;name=360x360\" alt=\"View image on Twitter\" width=\"1024\" height=\"768\" data-image=\"https:\/\/pbs.twimg.com\/media\/EUIMTmkXQAI8KWO\" data-image-format=\"jpg\" data-style=\"left:-11%;\" \/><\/a><a class=\"ImageGrid-image ImageGrid-image-1 CroppedImage CroppedImage--fillWidth\" href=\"https:\/\/twitter.com\/DiocesisVitoria\/status\/1243569986272182281\/photo\/1\"><img loading=\"lazy\" decoding=\"async\" class=\"CroppedImage-image js-cspForcedStyle\" title=\"View image on Twitter\" src=\"https:\/\/pbs.twimg.com\/media\/EUIMTmqWAAM-D-O?format=jpg&amp;name=small\" alt=\"View image on Twitter\" width=\"675\" height=\"1200\" data-image=\"https:\/\/pbs.twimg.com\/media\/EUIMTmqWAAM-D-O\" data-image-format=\"jpg\" data-style=\" top:-160%;\" \/><\/a><a class=\"ImageGrid-image ImageGrid-image-2 CroppedImage CroppedImage--fillWidth\" href=\"https:\/\/twitter.com\/DiocesisVitoria\/status\/1243569986272182281\/photo\/1\"><img loading=\"lazy\" decoding=\"async\" class=\"CroppedImage-image js-cspForcedStyle\" title=\"View image on Twitter\" src=\"https:\/\/pbs.twimg.com\/media\/EUIMTmtWkAAIHif?format=jpg&amp;name=360x360\" alt=\"View image on Twitter\" width=\"1072\" height=\"753\" data-image=\"https:\/\/pbs.twimg.com\/media\/EUIMTmtWkAAIHif\" data-image-format=\"jpg\" data-style=\" top:-20%;\" \/><\/a><\/div>\n<\/div>\n<\/article>\n<\/div>\n<div class=\"TweetInfo\">\n<div class=\"TweetInfo-like\">\n<div data-scribe=\"element:heart\">\n<div class=\"Icon Icon--heart \" title=\"Like\" role=\"img\" aria-label=\"Like\"><\/div>\n<\/div>\n<p><a class=\"TweetInfo-heart\" title=\"Like\" href=\"https:\/\/twitter.com\/intent\/like?tweet_id=1243569986272182281\" data-scribe=\"component:actions\"><span class=\"TweetInfo-heartStat\" data-scribe=\"element:heart_count\">112<\/span><\/a><\/p>\n<\/div>\n<div class=\"TweetInfo-timeGeo\"><a class=\"u-linkBlend u-url customisable-highlight long-permalink\" href=\"https:\/\/twitter.com\/DiocesisVitoria\/status\/1243569986272182281\" data-datetime=\"2020-03-27T16:06:03+0000\" data-scribe=\"element:full_timestamp\"><time class=\"dt-updated\" title=\"Time posted: March 27, 2020 16:06:03 (UTC)\" datetime=\"2020-03-27T16:06:03+0000\">1:06 PM &#8211; Mar 27, 2020<\/time><\/a>\u00a0\u00b7\u00a0<a class=\"u-linkBlend customisable-highlight\" href=\"https:\/\/twitter.com\/search?q=place%3A211f15d1b1a0f8d5\">Vitoria-Gasteiz, Spain<\/a><\/div>\n<div class=\"tweet-InformationCircle\" data-scribe=\"element:notice\"><a class=\"Icon Icon--informationCircleWhite js-inViewportScribingTarget\" title=\"Twitter Ads info and privacy\" href=\"https:\/\/support.twitter.com\/articles\/20175256\"><span class=\"u-hiddenVisually\">Twitter Ads info and privacy<\/span><\/a><\/div>\n<\/div>\n<\/div>\n<\/blockquote>\n<\/div>\n<div class=\"CallToAction-icon\" data-scribe=\"element:conversation_icon\"><\/div>\n<div class=\"CallToAction-text\" data-scribe=\"element:conversation_text\">Foram mais de 80 quilos de rosquinhas, cupcakes, biscoitos, trufas e diversos tipos de doces que segundo afirmaram, \u201clhes dar\u00e1 energia e for\u00e7as para poder realizar seu trabalho di\u00e1rio\u201d e diante do fechamento dos servi\u00e7os de hospedagem no pr\u00f3prio hospital e nos arredores, as religiosas consideraram que \u201cseria bom realizar este pequeno gesto\u201d e, por isso, asseguraram que \u201cnas pr\u00f3ximas semanas continuar\u00e3o elaborando seus produtos artesanais para lhes enviar novas remessas\u201d.<\/div>\n<\/div>\n<\/div>\n<\/div>\n<p style=\"text-align: justify;\">&#8220;Continuaremos rezando intensamente por todos eles e preparando com muito carinho e agradecimento novos doces\u201d, destacaram em um comunicado enviado pela Diocese de Vit\u00f3ria.<\/p>\n<p style=\"text-align: justify;\">Por sua parte, a equipe de sa\u00fade recebeu essa doa\u00e7\u00e3o e agradeceu esse &#8220;doce gesto&#8221; das Irm\u00e3s Clarissas e &#8220;asseguraram que distribuir\u00e3o entre todos os seus companheiros para que nenhum desmaie\u201d.<\/p>\n<p style=\"text-align: justify;\"><em>Publicado originalmente em\u00a0<a href=\"https:\/\/www.aciprensa.com\/noticias\/religiosas-donaron-80-kilos-de-dulces-caseros-a-medicos-que-luchan-contra-coronavirus-79593\">ACI Prensa<\/a>. Traduzido e adaptado por Nath\u00e1lia Queiroz.<\/em><\/p>\n","protected":false},"excerpt":{"rendered":"<p>As Irm\u00e3s Clarissas de Vit\u00f3ria (Espanha) doaram todos os seus doces na \u00faltima sexta-feira, 27 de mar\u00e7o, aos m\u00e9dicos, enfermeiros e outros funcion\u00e1rios do Hospital Txagorritxu, em Vit\u00f3ria, que lutam para &#8220;tentar salvar vidas e combater o Covid-19&#8221;. Di\u00f3cesis de Vitoria &#8211; Gasteizko Elizbarrutia@DiocesisVitoria Las Hermanas Clarisas de #VitoriaGasteiz han donado a los medicos, enfermeros, [&hellip;]<\/p>\n","protected":false},"author":1,"featured_media":57947,"comment_status":"open","ping_status":"closed","sticky":false,"template":"","format":"standard","meta":{"footnotes":""},"categories":[4],"tags":[],"class_list":["post-57945","post","type-post","status-publish","format-standard","has-post-thumbnail","hentry","category-cotidiano"],"_links":{"self":[{"href":"https:\/\/catolicanet.net\/wp-cnet\/wp-json\/wp\/v2\/posts\/57945","targetHints":{"allow":["GET"]}}],"collection":[{"href":"https:\/\/catolicanet.net\/wp-cnet\/wp-json\/wp\/v2\/posts"}],"about":[{"href":"https:\/\/catolicanet.net\/wp-cnet\/wp-json\/wp\/v2\/types\/post"}],"author":[{"embeddable":true,"href":"https:\/\/catolicanet.net\/wp-cnet\/wp-json\/wp\/v2\/users\/1"}],"replies":[{"embeddable":true,"href":"https:\/\/catolicanet.net\/wp-cnet\/wp-json\/wp\/v2\/comments?post=57945"}],"version-history":[{"count":2,"href":"https:\/\/catolicanet.net\/wp-cnet\/wp-json\/wp\/v2\/posts\/57945\/revisions"}],"predecessor-version":[{"id":57948,"href":"https:\/\/catolicanet.net\/wp-cnet\/wp-json\/wp\/v2\/posts\/57945\/revisions\/57948"}],"wp:featuredmedia":[{"embeddable":true,"href":"https:\/\/catolicanet.net\/wp-cnet\/wp-json\/wp\/v2\/media\/57947"}],"wp:attachment":[{"href":"https:\/\/catolicanet.net\/wp-cnet\/wp-json\/wp\/v2\/media?parent=57945"}],"wp:term":[{"taxonomy":"category","embeddable":true,"href":"https:\/\/catolicanet.net\/wp-cnet\/wp-json\/wp\/v2\/categories?post=57945"},{"taxonomy":"post_tag","embeddable":true,"href":"https:\/\/catolicanet.net\/wp-cnet\/wp-json\/wp\/v2\/tags?post=57945"}],"curies":[{"name":"wp","href":"https:\/\/api.w.org\/{rel}","templated":true}]}}