{"id":57932,"date":"2020-03-31T10:28:26","date_gmt":"2020-03-31T13:28:26","guid":{"rendered":"https:\/\/catolicanet.net\/wp-cnet\/?p=57932"},"modified":"2020-03-31T10:28:26","modified_gmt":"2020-03-31T13:28:26","slug":"dom-jose-sales-fala-sobre-acoes-desempenhadas-com-populacao-em-situacao-de-rua","status":"publish","type":"post","link":"https:\/\/catolicanet.net\/wp-cnet\/dom-jose-sales-fala-sobre-acoes-desempenhadas-com-populacao-em-situacao-de-rua\/","title":{"rendered":"Dom Jos\u00e9 Sales fala sobre a\u00e7\u00f5es desempenhadas com popula\u00e7\u00e3o em situa\u00e7\u00e3o de rua"},"content":{"rendered":"<p style=\"text-align: justify;\">A Pastoral Nacional do Povo da Rua vem acompanhando nesses \u00faltimos dias o processo crescente de casos notificados de pessoas afetadas pelo coronav\u00edrus. Acolhendo as preocupa\u00e7\u00f5es de seus parceiros volunt\u00e1rios, solid\u00e1rios com a situa\u00e7\u00e3o do povo que se encontra na rua, a Pastoral n\u00e3o tem medido esfor\u00e7os para encontrar estrat\u00e9gias de atua\u00e7\u00e3o e medidas a serem tomadas para que as pessoas em situa\u00e7\u00e3o de rua recebam prote\u00e7\u00e3o necess\u00e1ria nesse cen\u00e1rio de crise.<\/p>\n<p style=\"text-align: justify;\">\u201cSomos convidados a exercitar a empatia nesse momento e colocar-se no lugar do outro com o senso de coletividade e com a chamada evang\u00e9lica de Jesus ao encontrarmo-nos na situa\u00e7\u00e3o do samaritano quando ele viu a realidade, sentiu compaix\u00e3o e cuidou dele\u201d, afirma a coordena\u00e7\u00e3o nacional.<\/p>\n<p style=\"text-align: justify;\">Em entrevista ao portal da Confer\u00eancia Nacional dos Bispos do Brasil (CNBB), o bispo referencial da Pastoral, dom Jos\u00e9 Luiz Ferreira Sales, disse que nesse tempo de pandemia, a Pastoral tem se preocupado muito com os moradores e com os catadores de materiais recicl\u00e1veis. Segundo dom Luiz, estes irm\u00e3os e irm\u00e3s est\u00e3o entre os mais fragilizados da sociedade.<\/p>\n<p style=\"text-align: justify;\">\u201cQuando dizemos que todos devem ficar em casa, mas onde \u00e9 a casa desses irm\u00e3os e irm\u00e3s? \u00c9 a rua! Quando dizemos para essas pessoas lavarem as m\u00e3os com \u00e1lcool em gel, como essas pessoas v\u00e3o lavar as m\u00e3os se n\u00e3o encontram nas ruas a \u00e1gua?\u201d, questiona o bispo.<\/p>\n<p style=\"text-align: justify;\">Dom Jos\u00e9 salienta que a Pastoral do Povo da Rua se prop\u00f4s, entre as muitas frentes de trabalho, a intensificar a defesa dos direitos desse povo, frente \u00e0 pandemia do coronav\u00edrus. Exemplo claro disso \u00e9 que a Pastoral vem informando a import\u00e2ncia de todos seguirem as recomenda\u00e7\u00f5es do Minist\u00e9rio da Sa\u00fade, dando algumas orienta\u00e7\u00f5es direcionadas aos agentes pastorais, servi\u00e7os p\u00fablicos e \u00e0s par\u00f3quias, para que seja garantido o atendimento e oferta de local para higieniza\u00e7\u00e3o, alimenta\u00e7\u00e3o e acolhimento das pessoas em situa\u00e7\u00e3o de rua.<\/p>\n<p style=\"text-align: justify;\">\u201cSabemos do fundamental trabalho que realizamos com a popula\u00e7\u00e3o em situa\u00e7\u00e3o de rua lutando por pol\u00edticas p\u00fablicas de qualidade e por garantia de direitos. Cientes do nosso compromisso de pastoreiro e da import\u00e2ncia deste momento, lan\u00e7amos algumas informa\u00e7\u00f5es a todos aqueles que necessitam\u201d, afirma a coordena\u00e7\u00e3o nacional.<\/p>\n<p style=\"text-align: justify;\">Nesse sentido, diversas a\u00e7\u00f5es est\u00e3o sendo implantadas por agentes da Pastoral pelo Brasil afora. \u201cEstamos assistindo muitos irm\u00e3os e irm\u00e3s entrar nessa luta, tornando poss\u00edvel o imposs\u00edvel, vamos continuar lutando para juntos colhermos em nossas cidades utopia, teimosia, rebeldia, sabedoria e poesia at\u00e9 que um dia todos possam ter reconhecida a sua dignidade\u201d, afirmou dom Jos\u00e9.<\/p>\n<p style=\"text-align: justify;\">Confira algumas a\u00e7\u00f5es que est\u00e3o sendo desenvolvidas em algumas localidades do pa\u00eds:<\/p>\n<p style=\"text-align: justify;\"><strong><br \/>\nTeresina<\/strong><\/p>\n<p style=\"text-align: justify;\">Um grupo de volunt\u00e1rios da Pastoral do Povo da Rua decidiu se unir para ajudar moradores de rua e, assim, diminuir o risco de contamina\u00e7\u00e3o do coronav\u00edrus em Teresina. Uma das a\u00e7\u00f5es adotadas \u00e9 a distribui\u00e7\u00e3o de alimentos no hor\u00e1rio do almo\u00e7o nesse per\u00edodo.<\/p>\n<p style=\"text-align: justify;\"><strong>Fortaleza<\/strong><\/p>\n<p class=\"texto\" style=\"text-align: justify;\">A Arquidiocese de Fortaleza, em parceria tamb\u00e9m com a Pastoral do Povo da Rua, iniciou uma campanha que busca ajudar pessoas em situa\u00e7\u00e3o de vulnerabilidade diante da crise do coronav\u00edrus no Estado. Migrantes, pessoas em situa\u00e7\u00e3o de rua, encarcerados e catadores est\u00e3o entre os grupos que recebem aux\u00edlio da institui\u00e7\u00e3o, que ser\u00e1 refor\u00e7ado com a campanha. O objetivo \u00e9 ajud\u00e1-los com necessidades urgentes de alimenta\u00e7\u00e3o e higiene.<\/p>\n<p style=\"text-align: justify;\"><strong>S\u00e3o Paulo<\/strong><\/p>\n<p style=\"text-align: justify;\">Padre J\u00falio Lancellotti, da Pastoral Povo de Rua, promoveu um abaixo-assinado para distribui\u00e7\u00e3o de \u00e1lcool em gel e aumento de abrigos por parte do poder p\u00fablico. Para o l\u00edder religioso da Casa de Ora\u00e7\u00e3o do Povo, no bairro da Mo\u00f3ca, a popula\u00e7\u00e3o na rua continua bastante vulner\u00e1vel e carece de informa\u00e7\u00f5es. Ele disponibilizou a par\u00f3quia como abrigo para moradores com suspeita da doen\u00e7a.<\/p>\n<p style=\"text-align: justify;\"><strong>Manaus<\/strong><\/p>\n<p style=\"text-align: justify;\">Em Manaus, h\u00e1 uma base que passa a funcionar como abrigo para pessoas em situa\u00e7\u00e3o de rua a partir de segunda-feira (30) e foi montada na Arena Poliesportiva Amadeu Teixeira. A estimativa \u00e9 que 350 pessoas sejam atendidas diariamente no espa\u00e7o.\u00a0 O abrigo emergencial \u00e9 resultado de um plano de emerg\u00eancia criado com a participa\u00e7\u00e3o das secretarias de Governo e de entidades de assist\u00eancia social que trabalham na abordagem e no atendimento a moradores em situa\u00e7\u00e3o de rua, popula\u00e7\u00e3o muito vulner\u00e1vel por apresentar a sa\u00fade debilitada. Organiza\u00e7\u00f5es da Sociedade Civil (OSCs), Igreja Cat\u00f3lica e \u00f3rg\u00e3os da Prefeitura de Manaus tamb\u00e9m fazem parte da rede de acolhimento pensada para combater o avan\u00e7o dos casos de coronav\u00edrus.<\/p>\n","protected":false},"excerpt":{"rendered":"<p>A Pastoral Nacional do Povo da Rua vem acompanhando nesses \u00faltimos dias o processo crescente de casos notificados de pessoas afetadas pelo coronav\u00edrus. Acolhendo as preocupa\u00e7\u00f5es de seus parceiros volunt\u00e1rios, solid\u00e1rios com a situa\u00e7\u00e3o do povo que se encontra na rua, a Pastoral n\u00e3o tem medido esfor\u00e7os para encontrar estrat\u00e9gias de atua\u00e7\u00e3o e medidas a [&hellip;]<\/p>\n","protected":false},"author":1,"featured_media":57933,"comment_status":"open","ping_status":"closed","sticky":false,"template":"","format":"standard","meta":{"footnotes":""},"categories":[7],"tags":[],"class_list":["post-57932","post","type-post","status-publish","format-standard","has-post-thumbnail","hentry","category-cnbb"],"_links":{"self":[{"href":"https:\/\/catolicanet.net\/wp-cnet\/wp-json\/wp\/v2\/posts\/57932","targetHints":{"allow":["GET"]}}],"collection":[{"href":"https:\/\/catolicanet.net\/wp-cnet\/wp-json\/wp\/v2\/posts"}],"about":[{"href":"https:\/\/catolicanet.net\/wp-cnet\/wp-json\/wp\/v2\/types\/post"}],"author":[{"embeddable":true,"href":"https:\/\/catolicanet.net\/wp-cnet\/wp-json\/wp\/v2\/users\/1"}],"replies":[{"embeddable":true,"href":"https:\/\/catolicanet.net\/wp-cnet\/wp-json\/wp\/v2\/comments?post=57932"}],"version-history":[{"count":1,"href":"https:\/\/catolicanet.net\/wp-cnet\/wp-json\/wp\/v2\/posts\/57932\/revisions"}],"predecessor-version":[{"id":57934,"href":"https:\/\/catolicanet.net\/wp-cnet\/wp-json\/wp\/v2\/posts\/57932\/revisions\/57934"}],"wp:featuredmedia":[{"embeddable":true,"href":"https:\/\/catolicanet.net\/wp-cnet\/wp-json\/wp\/v2\/media\/57933"}],"wp:attachment":[{"href":"https:\/\/catolicanet.net\/wp-cnet\/wp-json\/wp\/v2\/media?parent=57932"}],"wp:term":[{"taxonomy":"category","embeddable":true,"href":"https:\/\/catolicanet.net\/wp-cnet\/wp-json\/wp\/v2\/categories?post=57932"},{"taxonomy":"post_tag","embeddable":true,"href":"https:\/\/catolicanet.net\/wp-cnet\/wp-json\/wp\/v2\/tags?post=57932"}],"curies":[{"name":"wp","href":"https:\/\/api.w.org\/{rel}","templated":true}]}}